{"id":95176,"date":"2025-07-30T12:09:18","date_gmt":"2025-07-30T15:09:18","guid":{"rendered":"https:\/\/noticiasbahia360.com.br\/?p=95176"},"modified":"2025-07-30T12:09:18","modified_gmt":"2025-07-30T15:09:18","slug":"samambaias-de-decoracao-sao-furtadas-em-festival-de-musica-em-sao-goncalo-dos-campos","status":"publish","type":"post","link":"https:\/\/noticiasbahia360.com.br\/?p=95176","title":{"rendered":"Samambaias de decora\u00e7\u00e3o s\u00e3o furtadas em festival de m\u00fasica em S\u00e3o Gon\u00e7alo dos Campos"},"content":{"rendered":"<div>\n<div>\n<figure><img decoding=\"async\" src=\"http:\/\/noticiasbahia360.com.br\/wp-content\/uploads\/2025\/07\/decoracao-cidade-jardim-festival-sao-goncalo-reproducao-festival.jpg\" alt=\"Decora\u00e7\u00e3o com samambaias Cidade Jardim Festival\"><figcaption>Foto: Reprodu\u00e7\u00e3o\/Prefeitura<\/figcaption><\/figure>\n<\/div>\n<p>Cerca de 500 samambaias que faziam parte da decora\u00e7\u00e3o de um festival de m\u00fasica em <a href=\"https:\/\/www.acordacidade.com.br\/tag\/sao-goncalo-dos-campos\/\">S\u00e3o Gon\u00e7alo dos Campos<\/a> foram furtadas pelo p\u00fablico ao final do evento. De acordo como prefeito da cidade, Tarc\u00edsio Pedreira, o preju\u00edzo foi de cerca de R$ 7,5 mil.<\/p>\n<p><strong>Veja o v\u00eddeo:<\/strong><\/p>\n<figure class=\"wp-block-embed is-type-video is-provider-youtube wp-block-embed-youtube wp-embed-aspect-16-9 wp-has-aspect-ratio\">\n<div class=\"wp-block-embed__wrapper\">\n<iframe class=\"aspect-9x16\" title=\"Samambaias de decora\u00e7\u00e3o s\u00e3o furtadas em festival de m\u00fasica na Bahia\" width=\"500\" height=\"281\" src=\"https:\/\/www.youtube.com\/embed\/g0SjQipMDaM?feature=oembed\" frameborder=\"0\" allow=\"accelerometer; autoplay; clipboard-write; encrypted-media; gyroscope; picture-in-picture; web-share\" referrerpolicy=\"strict-origin-when-cross-origin\" allowfullscreen><\/iframe>\n<\/div>\n<\/figure>\n<p>No \u00faltimo fim de semana, entre os dias 25 e 28 aconteceu em S\u00e3o Gon\u00e7alo, o Cidade Jardim Festival, evento que aconteceu anualmente com shows gratuitos no centro da cidade.<\/p>\n<p>Neste ano a decora\u00e7\u00e3o, que \u00e9 um dos atrativos principais para a festa, foi ornamentada com samambaias. De acordo com informa\u00e7\u00f5es do portal g1 bahia, o espa\u00e7o contava com 800 plantas que formavam um corredor verde, 500 unidades foram levadas na segunda-feira (28), \u00faltimo dia de festa.<\/p>\n<p>O prefeito contou nas redes sociais que decidiu n\u00e3o prestar queixa, pois n\u00e3o houve vandalismo. Ele esclareceu tamb\u00e9m que em outras edi\u00e7\u00f5es do festival a prefeitura realizou a distribui\u00e7\u00e3o das plantas no fim da festa.<\/p>\n<p>\u201cEu imagino que as pessoas acharam que poderiam pegar as plantas. Se tivesse havido vandalismo, eu seria o primeiro a fazer zoada, mas n\u00e3o foi o caso\u201d, relatou em v\u00eddeo publicado na ter\u00e7a-feira (29) nas redes sociais.<\/p>\n<p>Na edi\u00e7\u00e3o deste ano o festival contou com apresenta\u00e7\u00f5es de artistas como Nando Reis, Devinho Novaes, Teto, Jau entre outras apresenta\u00e7\u00f5es.<\/p>\n<p><em>Siga o Acorda Cidade no<\/em><a href=\"https:\/\/news.google.com\/search?q=acorda%20cidade&amp;hl=pt-BR&amp;gl=BR&amp;ceid=BR%3Apt-419\"><strong><em> Google Not\u00edcias<\/em><\/strong><\/a><em> e receba os principais destaques do dia. Participe tamb\u00e9m dos nossos canais no <\/em><a href=\"https:\/\/whatsapp.com\/channel\/0029Va6Rb4v3WHTNnsh8WI3N\"><strong><em>WhatsApp<\/em><\/strong><\/a><em> e <\/em><a href=\"https:\/\/www.youtube.com\/@acordacidadenoticias\/videos\"><strong>Youtube<\/strong><\/a><em> e grupo de <\/em><a href=\"https:\/\/t.me\/+sSz0khrgARA0ZmRh\"><strong><em>Telegram<\/em><\/strong><\/a><em>.<\/em><\/p>\n<\/div>\n","protected":false},"excerpt":{"rendered":"<div>\n<div>\n<figure><img decoding=\"async\" src=\"https:\/\/uploads.acordacidade.com.br\/2025\/07\/decoracao-cidade-jardim-festival-sao-goncalo-reproducao-festival.jpg\" alt=\"Decora\u00e7\u00e3o com samambaias Cidade Jardim Festival\"><figcaption>Foto: Reprodu\u00e7\u00e3o\/Prefeitura<\/figcaption><\/figure>\n<\/div>\n<p>Plantas foram levadas pelo p\u00fablico no \u00faltimo dia do festival. V\u00eddeos flagraram o momento em que v\u00e1rias pessoas come\u00e7am a retirar a parte da decora\u00e7\u00e3o.<\/p><\/div>\n","protected":false},"author":1,"featured_media":95177,"comment_status":"closed","ping_status":"closed","sticky":false,"template":"","format":"gallery","meta":{"footnotes":""},"categories":[8,9,6,57,56,10],"tags":[],"class_list":["post-95176","post","type-post","status-publish","format-gallery","has-post-thumbnail","hentry","category-bahia","category-brasil","category-feira-de-santana","category-mundo","category-policia","category-politica","post_format-post-format-gallery"],"featured_image_urls":{"full":["https:\/\/noticiasbahia360.com.br\/wp-content\/uploads\/2025\/07\/decoracao-cidade-jardim-festival-sao-goncalo-reproducao-festival.jpg",1200,860,false],"thumbnail":["https:\/\/noticiasbahia360.com.br\/wp-content\/uploads\/2025\/07\/decoracao-cidade-jardim-festival-sao-goncalo-reproducao-festival-150x150.jpg",150,150,true],"medium":["https:\/\/noticiasbahia360.com.br\/wp-content\/uploads\/2025\/07\/decoracao-cidade-jardim-festival-sao-goncalo-reproducao-festival-300x215.jpg",300,215,true],"medium_large":["https:\/\/noticiasbahia360.com.br\/wp-content\/uploads\/2025\/07\/decoracao-cidade-jardim-festival-sao-goncalo-reproducao-festival-768x550.jpg",640,458,true],"large":["https:\/\/noticiasbahia360.com.br\/wp-content\/uploads\/2025\/07\/decoracao-cidade-jardim-festival-sao-goncalo-reproducao-festival-1024x734.jpg",640,459,true],"1536x1536":["https:\/\/noticiasbahia360.com.br\/wp-content\/uploads\/2025\/07\/decoracao-cidade-jardim-festival-sao-goncalo-reproducao-festival.jpg",1200,860,false],"2048x2048":["https:\/\/noticiasbahia360.com.br\/wp-content\/uploads\/2025\/07\/decoracao-cidade-jardim-festival-sao-goncalo-reproducao-festival.jpg",1200,860,false],"chromenews-featured":["https:\/\/noticiasbahia360.com.br\/wp-content\/uploads\/2025\/07\/decoracao-cidade-jardim-festival-sao-goncalo-reproducao-festival-1024x734.jpg",1024,734,true],"chromenews-large":["https:\/\/noticiasbahia360.com.br\/wp-content\/uploads\/2025\/07\/decoracao-cidade-jardim-festival-sao-goncalo-reproducao-festival-825x575.jpg",825,575,true],"chromenews-medium":["https:\/\/noticiasbahia360.com.br\/wp-content\/uploads\/2025\/07\/decoracao-cidade-jardim-festival-sao-goncalo-reproducao-festival-590x410.jpg",590,410,true]},"author_info":{"display_name":"noticiasbahia360.com.br","author_link":"https:\/\/noticiasbahia360.com.br\/?author=1"},"category_info":"<a href=\"https:\/\/noticiasbahia360.com.br\/?cat=8\" rel=\"category\">Bahia<\/a> <a href=\"https:\/\/noticiasbahia360.com.br\/?cat=9\" rel=\"category\">Brasil<\/a> <a href=\"https:\/\/noticiasbahia360.com.br\/?cat=6\" rel=\"category\">Feira de Santana<\/a> <a href=\"https:\/\/noticiasbahia360.com.br\/?cat=57\" rel=\"category\">Mundo<\/a> <a href=\"https:\/\/noticiasbahia360.com.br\/?cat=56\" rel=\"category\">Pol\u00edcia<\/a> <a href=\"https:\/\/noticiasbahia360.com.br\/?cat=10\" rel=\"category\">Pol\u00edtica<\/a>","tag_info":"Pol\u00edtica","comment_count":"0","_links":{"self":[{"href":"https:\/\/noticiasbahia360.com.br\/index.php?rest_route=\/wp\/v2\/posts\/95176","targetHints":{"allow":["GET"]}}],"collection":[{"href":"https:\/\/noticiasbahia360.com.br\/index.php?rest_route=\/wp\/v2\/posts"}],"about":[{"href":"https:\/\/noticiasbahia360.com.br\/index.php?rest_route=\/wp\/v2\/types\/post"}],"author":[{"embeddable":true,"href":"https:\/\/noticiasbahia360.com.br\/index.php?rest_route=\/wp\/v2\/users\/1"}],"replies":[{"embeddable":true,"href":"https:\/\/noticiasbahia360.com.br\/index.php?rest_route=%2Fwp%2Fv2%2Fcomments&post=95176"}],"version-history":[{"count":0,"href":"https:\/\/noticiasbahia360.com.br\/index.php?rest_route=\/wp\/v2\/posts\/95176\/revisions"}],"wp:featuredmedia":[{"embeddable":true,"href":"https:\/\/noticiasbahia360.com.br\/index.php?rest_route=\/wp\/v2\/media\/95177"}],"wp:attachment":[{"href":"https:\/\/noticiasbahia360.com.br\/index.php?rest_route=%2Fwp%2Fv2%2Fmedia&parent=95176"}],"wp:term":[{"taxonomy":"category","embeddable":true,"href":"https:\/\/noticiasbahia360.com.br\/index.php?rest_route=%2Fwp%2Fv2%2Fcategories&post=95176"},{"taxonomy":"post_tag","embeddable":true,"href":"https:\/\/noticiasbahia360.com.br\/index.php?rest_route=%2Fwp%2Fv2%2Ftags&post=95176"}],"curies":[{"name":"wp","href":"https:\/\/api.w.org\/{rel}","templated":true}]}}