{"id":95178,"date":"2025-07-30T12:09:22","date_gmt":"2025-07-30T15:09:22","guid":{"rendered":"https:\/\/noticiasbahia360.com.br\/?p=95178"},"modified":"2025-07-30T12:09:22","modified_gmt":"2025-07-30T15:09:22","slug":"prf-apreende-onibus-com-mais-de-70-kg-de-maconha-droga-estava-com-tres-mulheres","status":"publish","type":"post","link":"https:\/\/noticiasbahia360.com.br\/?p=95178","title":{"rendered":"PRF apreende \u00f4nibus com mais de 70 kg de maconha; droga estava com tr\u00eas mulheres"},"content":{"rendered":"<div>\n<div>\n<figure><img decoding=\"async\" src=\"http:\/\/noticiasbahia360.com.br\/wp-content\/uploads\/2025\/07\/Apreensao-da-PRF-1-1.webp\" alt=\"Apreens\u00e3o da PRF\"><figcaption>Foto: Divulga\u00e7\u00e3o\/PRF<\/figcaption><\/figure>\n<\/div>\n<p>Na manh\u00e3 desta quarta-feira (30), a Pol\u00edcia Rodovi\u00e1ria Federal (PRF) em Feira de Santana, localizou mais de 70 kg de maconha na altura do quil\u00f4metro 429 na BR-116. A droga estava armazenada em seis malas. Tr\u00eas mulheres foram identificadas como respons\u00e1veis pelos entorpecentes.<\/p>\n<figure class=\"wp-block-image size-large\"><img fetchpriority=\"high\" fetchpriority=\"high\" decoding=\"async\" width=\"842\" height=\"768\" src=\"http:\/\/noticiasbahia360.com.br\/wp-content\/uploads\/2025\/07\/Apreensao-da-PRF-842x768-1.webp\" alt=\"apreens\u00e3o de maconha pela PRF\" class=\"wp-image-578217\" srcset=\"https:\/\/uploads.acordacidade.com.br\/2025\/07\/Apreensao-da-PRF--400x365.webp 400w, http:\/\/noticiasbahia360.com.br\/wp-content\/uploads\/2025\/07\/Apreensao-da-PRF-842x768-1.webp 842w, https:\/\/uploads.acordacidade.com.br\/2025\/07\/Apreensao-da-PRF--607x553.webp 607w, https:\/\/uploads.acordacidade.com.br\/2025\/07\/Apreensao-da-PRF--150x137.webp 150w, https:\/\/uploads.acordacidade.com.br\/2025\/07\/Apreensao-da-PRF-.webp 1200w\" sizes=\"(max-width: 842px) 100vw, 842px\"><figcaption class=\"wp-element-caption\">Foto: Divulga\u00e7\u00e3o\/PRF<\/figcaption><\/figure>\n<p>Segundo apurou a reportagem do Acorda Cidade, durante uma fiscaliza\u00e7\u00e3o de enfrentamento \u00e0 criminalidade no posto da Pol\u00edcia Rodovi\u00e1ria de Feira, foi abordado um \u00f4nibus que saiu do Rio de Janeiro com destino a Guaraciaba, no Cear\u00e1.<\/p>\n<p>Ao realizarem a verifica\u00e7\u00e3o do \u00f4nibus, foram encontradas seis malas contendo uma subst\u00e2ncia an\u00e1loga \u00e0 maconha, totalizando 71,75 kg. As tr\u00eas mulheres informaram que o entorpecente seria entregue em Varjota, tamb\u00e9m o Cear\u00e1.<\/p>\n<figure class=\"wp-block-image size-full\"><img decoding=\"async\" width=\"1200\" height=\"759\" src=\"http:\/\/noticiasbahia360.com.br\/wp-content\/uploads\/2025\/07\/Apreensao-da-PRF.webp\" alt=\"apreens\u00e3o de maconha pela PRF\" class=\"wp-image-578218\" srcset=\"https:\/\/uploads.acordacidade.com.br\/2025\/07\/Apreensao-da-PRF-577x365.webp 577w, https:\/\/uploads.acordacidade.com.br\/2025\/07\/Apreensao-da-PRF-874x553.webp 874w, https:\/\/uploads.acordacidade.com.br\/2025\/07\/Apreensao-da-PRF-150x95.webp 150w, http:\/\/noticiasbahia360.com.br\/wp-content\/uploads\/2025\/07\/Apreensao-da-PRF.webp 1200w\" sizes=\"(max-width: 1200px) 100vw, 1200px\"><figcaption class=\"wp-element-caption\">Foto: Divulga\u00e7\u00e3o\/PRF<\/figcaption><\/figure>\n<p>Todo o material apreendido e os envolvidos foram encaminhados \u00e0 Delegacia de Pol\u00edcia Civil para as provid\u00eancias cab\u00edveis.<\/p>\n<p><em>Siga o Acorda Cidade no<\/em><a href=\"https:\/\/news.google.com\/search?q=acorda%20cidade&amp;hl=pt-BR&amp;gl=BR&amp;ceid=BR%3Apt-419\"><strong><em>\u00a0Google Not\u00edcias<\/em><\/strong><\/a><em>\u00a0e receba os principais destaques do dia. Participe tamb\u00e9m dos nossos canais no\u00a0<\/em><a href=\"https:\/\/www.whatsapp.com\/channel\/0029Va6Rb4v3WHTNnsh8WI3N\"><strong><em>WhatsApp<\/em><\/strong><\/a><em>\u00a0e\u00a0<\/em><a href=\"https:\/\/www.youtube.com\/@acordacidadenoticias\/videos\"><strong>Youtube<\/strong><\/a><em>\u00a0e grupo de\u00a0<\/em><a href=\"https:\/\/t.me\/+sSz0khrgARA0ZmRh\"><strong><em>Telegram<\/em><\/strong><\/a><em>.<\/em><\/p>\n<\/div>\n","protected":false},"excerpt":{"rendered":"<div>\n<div>\n<figure><img decoding=\"async\" src=\"https:\/\/uploads.acordacidade.com.br\/2025\/07\/Apreensao-da-PRF-1-1.webp\" alt=\"Apreens\u00e3o da PRF\"><figcaption>Foto: Divulga\u00e7\u00e3o\/PRF<\/figcaption><\/figure>\n<\/div>\n<p>Ao realizarem a verifica\u00e7\u00e3o do \u00f4nibus, foram encontradas seis malas contendo uma subst\u00e2ncia an\u00e1loga \u00e0 maconha, totalizando 71,75 kg.<\/p><\/div>\n","protected":false},"author":1,"featured_media":95179,"comment_status":"closed","ping_status":"closed","sticky":false,"template":"","format":"gallery","meta":{"footnotes":""},"categories":[8,9,6,57,56,10],"tags":[],"class_list":["post-95178","post","type-post","status-publish","format-gallery","has-post-thumbnail","hentry","category-bahia","category-brasil","category-feira-de-santana","category-mundo","category-policia","category-politica","post_format-post-format-gallery"],"featured_image_urls":{"full":["https:\/\/noticiasbahia360.com.br\/wp-content\/uploads\/2025\/07\/Apreensao-da-PRF-1-1.webp",1200,1600,false],"thumbnail":["https:\/\/noticiasbahia360.com.br\/wp-content\/uploads\/2025\/07\/Apreensao-da-PRF-1-1-150x150.webp",150,150,true],"medium":["https:\/\/noticiasbahia360.com.br\/wp-content\/uploads\/2025\/07\/Apreensao-da-PRF-1-1-225x300.webp",225,300,true],"medium_large":["https:\/\/noticiasbahia360.com.br\/wp-content\/uploads\/2025\/07\/Apreensao-da-PRF-1-1-768x1024.webp",640,853,true],"large":["https:\/\/noticiasbahia360.com.br\/wp-content\/uploads\/2025\/07\/Apreensao-da-PRF-1-1-768x1024.webp",640,853,true],"1536x1536":["https:\/\/noticiasbahia360.com.br\/wp-content\/uploads\/2025\/07\/Apreensao-da-PRF-1-1-1152x1536.webp",1152,1536,true],"2048x2048":["https:\/\/noticiasbahia360.com.br\/wp-content\/uploads\/2025\/07\/Apreensao-da-PRF-1-1.webp",1200,1600,false],"chromenews-featured":["https:\/\/noticiasbahia360.com.br\/wp-content\/uploads\/2025\/07\/Apreensao-da-PRF-1-1-1024x1365.webp",1024,1365,true],"chromenews-large":["https:\/\/noticiasbahia360.com.br\/wp-content\/uploads\/2025\/07\/Apreensao-da-PRF-1-1-825x575.webp",825,575,true],"chromenews-medium":["https:\/\/noticiasbahia360.com.br\/wp-content\/uploads\/2025\/07\/Apreensao-da-PRF-1-1-590x410.webp",590,410,true]},"author_info":{"display_name":"noticiasbahia360.com.br","author_link":"https:\/\/noticiasbahia360.com.br\/?author=1"},"category_info":"<a href=\"https:\/\/noticiasbahia360.com.br\/?cat=8\" rel=\"category\">Bahia<\/a> <a href=\"https:\/\/noticiasbahia360.com.br\/?cat=9\" rel=\"category\">Brasil<\/a> <a href=\"https:\/\/noticiasbahia360.com.br\/?cat=6\" rel=\"category\">Feira de Santana<\/a> <a href=\"https:\/\/noticiasbahia360.com.br\/?cat=57\" rel=\"category\">Mundo<\/a> <a href=\"https:\/\/noticiasbahia360.com.br\/?cat=56\" rel=\"category\">Pol\u00edcia<\/a> <a href=\"https:\/\/noticiasbahia360.com.br\/?cat=10\" rel=\"category\">Pol\u00edtica<\/a>","tag_info":"Pol\u00edtica","comment_count":"0","_links":{"self":[{"href":"https:\/\/noticiasbahia360.com.br\/index.php?rest_route=\/wp\/v2\/posts\/95178","targetHints":{"allow":["GET"]}}],"collection":[{"href":"https:\/\/noticiasbahia360.com.br\/index.php?rest_route=\/wp\/v2\/posts"}],"about":[{"href":"https:\/\/noticiasbahia360.com.br\/index.php?rest_route=\/wp\/v2\/types\/post"}],"author":[{"embeddable":true,"href":"https:\/\/noticiasbahia360.com.br\/index.php?rest_route=\/wp\/v2\/users\/1"}],"replies":[{"embeddable":true,"href":"https:\/\/noticiasbahia360.com.br\/index.php?rest_route=%2Fwp%2Fv2%2Fcomments&post=95178"}],"version-history":[{"count":0,"href":"https:\/\/noticiasbahia360.com.br\/index.php?rest_route=\/wp\/v2\/posts\/95178\/revisions"}],"wp:featuredmedia":[{"embeddable":true,"href":"https:\/\/noticiasbahia360.com.br\/index.php?rest_route=\/wp\/v2\/media\/95179"}],"wp:attachment":[{"href":"https:\/\/noticiasbahia360.com.br\/index.php?rest_route=%2Fwp%2Fv2%2Fmedia&parent=95178"}],"wp:term":[{"taxonomy":"category","embeddable":true,"href":"https:\/\/noticiasbahia360.com.br\/index.php?rest_route=%2Fwp%2Fv2%2Fcategories&post=95178"},{"taxonomy":"post_tag","embeddable":true,"href":"https:\/\/noticiasbahia360.com.br\/index.php?rest_route=%2Fwp%2Fv2%2Ftags&post=95178"}],"curies":[{"name":"wp","href":"https:\/\/api.w.org\/{rel}","templated":true}]}}