{"id":95182,"date":"2025-07-30T12:24:28","date_gmt":"2025-07-30T15:24:28","guid":{"rendered":"https:\/\/noticiasbahia360.com.br\/?p=95182"},"modified":"2025-07-30T12:24:28","modified_gmt":"2025-07-30T15:24:28","slug":"policia-civil-desarticula-esquema-de-fraudes-veiculares-que-movimentou-mais-de-r-1-milhao","status":"publish","type":"post","link":"https:\/\/noticiasbahia360.com.br\/?p=95182","title":{"rendered":"Pol\u00edcia Civil desarticula esquema de fraudes veiculares que movimentou mais de R$ 1 milh\u00e3o"},"content":{"rendered":"<div>\n<div>\n<figure><img decoding=\"async\" src=\"http:\/\/noticiasbahia360.com.br\/wp-content\/uploads\/2025\/07\/operacao-apate-policia-civil-1.jpg\" alt=\"Opera\u00e7\u00e3o Apate - Pol\u00edcia Civil\"><figcaption>Foto: Pol\u00edcia Civil<\/figcaption><\/figure>\n<\/div>\n<p>Duas pessoas foram presas, e equipamentos, ve\u00edculos e diversos materiais foram apreendidos durante o cumprimento de 15 mandados de busca e apreens\u00e3o em Salvador, Regi\u00e3o Metropolitana (RMS) e interior do estado, durante a Opera\u00e7\u00e3o Apate, deflagrada nesta quarta-feira (30) pela <a href=\"https:\/\/www.acordacidade.com.br\/tag\/policia-civil\/\">Pol\u00edcia Civil<\/a> para desarticular um esquema de fraudes veiculares. <\/p>\n<p>Durante as a\u00e7\u00f5es, foram apreendidos ve\u00edculos, duas pistolas, carregadores, muni\u00e7\u00f5es, documentos, placas de carros, computadores, celulares e outros objetos em resid\u00eancias e empresas envolvidas no esquema, que movimentou mais de um milh\u00e3o de reais.<\/p>\n<figure class=\"wp-block-image size-large\"><img fetchpriority=\"high\" fetchpriority=\"high\" decoding=\"async\" width=\"804\" height=\"768\" src=\"http:\/\/noticiasbahia360.com.br\/wp-content\/uploads\/2025\/07\/operacao-apate-policia-civil-804x768-1.jpg\" alt=\"Opera\u00e7\u00e3o Apate - Pol\u00edcia Civil\" class=\"wp-image-578223\" srcset=\"https:\/\/uploads.acordacidade.com.br\/2025\/07\/operacao-apate-policia-civil-382x365.jpg 382w, http:\/\/noticiasbahia360.com.br\/wp-content\/uploads\/2025\/07\/operacao-apate-policia-civil-804x768-1.jpg 804w, https:\/\/uploads.acordacidade.com.br\/2025\/07\/operacao-apate-policia-civil-579x553.jpg 579w, https:\/\/uploads.acordacidade.com.br\/2025\/07\/operacao-apate-policia-civil-150x143.jpg 150w, https:\/\/uploads.acordacidade.com.br\/2025\/07\/operacao-apate-policia-civil.jpg 1200w\" sizes=\"(max-width: 804px) 100vw, 804px\"><figcaption class=\"wp-element-caption\">Foto: Pol\u00edcia Civil<\/figcaption><\/figure>\n<p>As incurs\u00f5es acontecem nos bairros do Uruguai, \u00c1guas Claras, Retiro e Alto do Cabrito, em Salvador; na Regi\u00e3o Metropolitana, nos munic\u00edpios de Lauro de Freitas e Sim\u00f5es Filho; e ainda em Itamb\u00e9, Itapetinga e Vit\u00f3ria da Conquista, no interior baiano. <\/p>\n<p>Durante o cumprimento de um dos mandados no bairro de Narandiba, ao desembarcar, policiais do Deic foram recebidos a tiros por um homem. Houve confronto, o suspeito foi atingido e socorrido para uma unidade de sa\u00fade. Uma pistola calibre 9 mm foi apreendida com o criminoso.<\/p>\n<p>O grupo, formado por despachantes, respons\u00e1veis por empresas emplacadoras de ve\u00edculos e servidores p\u00fablicos, \u00e9 investigado pela DRFR de Vit\u00f3ria da Conquista h\u00e1 pouco mais de um ano e tinha como atua\u00e7\u00e3o principal a transfer\u00eancia fraudulenta de ve\u00edculos para terceiros, sem o consentimento dos propriet\u00e1rios, com o objetivo de obten\u00e7\u00e3o de financiamentos banc\u00e1rios.<\/p>\n<p>As a\u00e7\u00f5es s\u00e3o realizadas pelo Departamento Especializado de Investiga\u00e7\u00f5es Criminais (Deic), por meio das equipes da Delegacia de Repress\u00e3o a Furtos e Roubos de Ve\u00edculos (DRFR\/Vit\u00f3ria da Conquista), com o apoio do Departamento de Pol\u00edcia do Interior (Depin), da 10\u00aa Coordenadoria Regional de Pol\u00edcia do Interior (Coorpin\/Vit\u00f3ria da Conquista), da 21\u00aa Coorpin\/Itapetinga e do Departamento de Prote\u00e7\u00e3o \u00e0 Mulher, Cidadania e Vulner\u00e1veis (DPMCV).<\/p>\n<p>As investiga\u00e7\u00f5es ter\u00e3o continuidade e, a partir dos elementos coletados nas buscas judiciais, novas fases da opera\u00e7\u00e3o ser\u00e3o deflagradas, com o objetivo de localizar e prender todos os envolvidos.<\/p>\n<p><em>Siga o Acorda Cidade no<\/em><a href=\"https:\/\/news.google.com\/search?q=acorda%20cidade&amp;hl=pt-BR&amp;gl=BR&amp;ceid=BR%3Apt-419\"><strong><em> Google Not\u00edcias<\/em><\/strong><\/a><em> e receba os principais destaques do dia. Participe tamb\u00e9m dos nossos canais no <\/em><a href=\"https:\/\/whatsapp.com\/channel\/0029Va6Rb4v3WHTNnsh8WI3N\"><strong><em>WhatsApp<\/em><\/strong><\/a><em> e <\/em><a href=\"https:\/\/www.youtube.com\/@acordacidadenoticias\/videos\"><strong>Youtube<\/strong><\/a><em> e grupo de <\/em><a href=\"https:\/\/t.me\/+sSz0khrgARA0ZmRh\"><strong><em>Telegram<\/em><\/strong><\/a><em>.<\/em><\/p>\n<\/div>\n","protected":false},"excerpt":{"rendered":"<div>\n<div>\n<figure><img decoding=\"async\" src=\"https:\/\/uploads.acordacidade.com.br\/2025\/07\/operacao-apate-policia-civil-1.jpg\" alt=\"Opera\u00e7\u00e3o Apate - Pol\u00edcia Civil\"><figcaption>Foto: Pol\u00edcia Civil<\/figcaption><\/figure>\n<\/div>\n<p>As investiga\u00e7\u00f5es tiveram in\u00edcio h\u00e1 cerca de um ano no munic\u00edpio de Vit\u00f3ria da Conquista, e mandados judiciais s\u00e3o cumpridos tamb\u00e9m em Salvador e mais quatro cidades.<\/p><\/div>\n","protected":false},"author":1,"featured_media":95183,"comment_status":"closed","ping_status":"closed","sticky":false,"template":"","format":"gallery","meta":{"footnotes":""},"categories":[8,9,6,57,56,10],"tags":[],"class_list":["post-95182","post","type-post","status-publish","format-gallery","has-post-thumbnail","hentry","category-bahia","category-brasil","category-feira-de-santana","category-mundo","category-policia","category-politica","post_format-post-format-gallery"],"featured_image_urls":{"full":["https:\/\/noticiasbahia360.com.br\/wp-content\/uploads\/2025\/07\/operacao-apate-policia-civil-1.jpg",1200,904,false],"thumbnail":["https:\/\/noticiasbahia360.com.br\/wp-content\/uploads\/2025\/07\/operacao-apate-policia-civil-1-150x150.jpg",150,150,true],"medium":["https:\/\/noticiasbahia360.com.br\/wp-content\/uploads\/2025\/07\/operacao-apate-policia-civil-1-300x226.jpg",300,226,true],"medium_large":["https:\/\/noticiasbahia360.com.br\/wp-content\/uploads\/2025\/07\/operacao-apate-policia-civil-1-768x579.jpg",640,483,true],"large":["https:\/\/noticiasbahia360.com.br\/wp-content\/uploads\/2025\/07\/operacao-apate-policia-civil-1-1024x771.jpg",640,482,true],"1536x1536":["https:\/\/noticiasbahia360.com.br\/wp-content\/uploads\/2025\/07\/operacao-apate-policia-civil-1.jpg",1200,904,false],"2048x2048":["https:\/\/noticiasbahia360.com.br\/wp-content\/uploads\/2025\/07\/operacao-apate-policia-civil-1.jpg",1200,904,false],"chromenews-featured":["https:\/\/noticiasbahia360.com.br\/wp-content\/uploads\/2025\/07\/operacao-apate-policia-civil-1-1024x771.jpg",1024,771,true],"chromenews-large":["https:\/\/noticiasbahia360.com.br\/wp-content\/uploads\/2025\/07\/operacao-apate-policia-civil-1-825x575.jpg",825,575,true],"chromenews-medium":["https:\/\/noticiasbahia360.com.br\/wp-content\/uploads\/2025\/07\/operacao-apate-policia-civil-1-590x410.jpg",590,410,true]},"author_info":{"display_name":"noticiasbahia360.com.br","author_link":"https:\/\/noticiasbahia360.com.br\/?author=1"},"category_info":"<a href=\"https:\/\/noticiasbahia360.com.br\/?cat=8\" rel=\"category\">Bahia<\/a> <a href=\"https:\/\/noticiasbahia360.com.br\/?cat=9\" rel=\"category\">Brasil<\/a> <a href=\"https:\/\/noticiasbahia360.com.br\/?cat=6\" rel=\"category\">Feira de Santana<\/a> <a href=\"https:\/\/noticiasbahia360.com.br\/?cat=57\" rel=\"category\">Mundo<\/a> <a href=\"https:\/\/noticiasbahia360.com.br\/?cat=56\" rel=\"category\">Pol\u00edcia<\/a> <a href=\"https:\/\/noticiasbahia360.com.br\/?cat=10\" rel=\"category\">Pol\u00edtica<\/a>","tag_info":"Pol\u00edtica","comment_count":"0","_links":{"self":[{"href":"https:\/\/noticiasbahia360.com.br\/index.php?rest_route=\/wp\/v2\/posts\/95182","targetHints":{"allow":["GET"]}}],"collection":[{"href":"https:\/\/noticiasbahia360.com.br\/index.php?rest_route=\/wp\/v2\/posts"}],"about":[{"href":"https:\/\/noticiasbahia360.com.br\/index.php?rest_route=\/wp\/v2\/types\/post"}],"author":[{"embeddable":true,"href":"https:\/\/noticiasbahia360.com.br\/index.php?rest_route=\/wp\/v2\/users\/1"}],"replies":[{"embeddable":true,"href":"https:\/\/noticiasbahia360.com.br\/index.php?rest_route=%2Fwp%2Fv2%2Fcomments&post=95182"}],"version-history":[{"count":0,"href":"https:\/\/noticiasbahia360.com.br\/index.php?rest_route=\/wp\/v2\/posts\/95182\/revisions"}],"wp:featuredmedia":[{"embeddable":true,"href":"https:\/\/noticiasbahia360.com.br\/index.php?rest_route=\/wp\/v2\/media\/95183"}],"wp:attachment":[{"href":"https:\/\/noticiasbahia360.com.br\/index.php?rest_route=%2Fwp%2Fv2%2Fmedia&parent=95182"}],"wp:term":[{"taxonomy":"category","embeddable":true,"href":"https:\/\/noticiasbahia360.com.br\/index.php?rest_route=%2Fwp%2Fv2%2Fcategories&post=95182"},{"taxonomy":"post_tag","embeddable":true,"href":"https:\/\/noticiasbahia360.com.br\/index.php?rest_route=%2Fwp%2Fv2%2Ftags&post=95182"}],"curies":[{"name":"wp","href":"https:\/\/api.w.org\/{rel}","templated":true}]}}