{"id":95185,"date":"2025-07-30T12:52:03","date_gmt":"2025-07-30T15:52:03","guid":{"rendered":"https:\/\/noticiasbahia360.com.br\/?p=95185"},"modified":"2025-07-30T12:52:03","modified_gmt":"2025-07-30T15:52:03","slug":"dois-onibus-do-transporte-publico-colidem-em-feira-de-santana","status":"publish","type":"post","link":"https:\/\/noticiasbahia360.com.br\/?p=95185","title":{"rendered":"Dois \u00f4nibus do transporte p\u00fablico colidem em Feira de Santana"},"content":{"rendered":"<div>\n<div>\n<figure><img decoding=\"async\" src=\"http:\/\/noticiasbahia360.com.br\/wp-content\/uploads\/2025\/07\/Onibus-300725.jpg\" alt=\"Dois \u00f4nibus do transporte p\u00fablico colidem em Feira de Santana\"><figcaption>Dois \u00f4nibus colidem em Feira de Santana | Foto: Reprodu\u00e7\u00e3o\/ Redes Sociais <\/figcaption><\/figure>\n<\/div>\n<p>Um acidente envolvendo dois \u00f4nibus do transporte coletivo de Feira de Santana foi registrado na manh\u00e3 desta quarta-feira (30). Os ve\u00edculos da empresa Rosa trafegavam pela Rua Padre Manoel da N\u00f3brega, via marginal da <a href=\"https:\/\/www.acordacidade.com.br\/tag\/br-116\/\">BR-116<\/a>, nas proximidades do bairro Santa Quit\u00e9ria, quando colidiram.<\/p>\n<p>De acordo com testemunhas, um dos \u00f4nibus que fazia a linha do bairro Candeia Grossa transportava dezenas de passageiros, e o outro havia sa\u00eddo da garagem de transportes coletivos, quando o acidente aconteceu. Ap\u00f3s baterem, um dos ve\u00edculos subiu no canteiro da pista.<\/p>\n<figure class=\"wp-block-image size-large\"><img fetchpriority=\"high\" fetchpriority=\"high\" decoding=\"async\" width=\"1078\" height=\"768\" src=\"http:\/\/noticiasbahia360.com.br\/wp-content\/uploads\/2025\/07\/Onibus-2-300725-1078x768-1.jpg\" alt=\"Dois \u00f4nibus do transporte p\u00fablico colidem em Feira de Santana\" class=\"wp-image-578234\" srcset=\"https:\/\/uploads.acordacidade.com.br\/2025\/07\/Onibus-2-300725-512x365.jpg 512w, http:\/\/noticiasbahia360.com.br\/wp-content\/uploads\/2025\/07\/Onibus-2-300725-1078x768-1.jpg 1078w, https:\/\/uploads.acordacidade.com.br\/2025\/07\/Onibus-2-300725-776x553.jpg 776w, https:\/\/uploads.acordacidade.com.br\/2025\/07\/Onibus-2-300725-150x107.jpg 150w, https:\/\/uploads.acordacidade.com.br\/2025\/07\/Onibus-2-300725.jpg 1200w\" sizes=\"(max-width: 1078px) 100vw, 1078px\"><figcaption class=\"wp-element-caption\">Foto: Reprodu\u00e7\u00e3o\/ Redes Sociais <\/figcaption><\/figure>\n<p>Segundo a Secretaria Municipal de Mobilidade Urbana (Semob), apesar da colis\u00e3o ningu\u00e9m ficou ferido. O Servi\u00e7o de Atendimento M\u00f3vel de Urg\u00eancia (Samu 192) foi acionado para prestar assist\u00eancia aos passageiros que ficaram nervosos com a situa\u00e7\u00e3o, realizando procedimentos, como aferi\u00e7\u00e3o de press\u00e3o arterial.<\/p>\n<figure class=\"wp-block-image size-full\"><img decoding=\"async\" width=\"1200\" height=\"670\" src=\"http:\/\/noticiasbahia360.com.br\/wp-content\/uploads\/2025\/07\/Onibus-8-300725.jpg\" alt=\"Dois \u00f4nibus do transporte p\u00fablico colidem em Feira de Santana\" class=\"wp-image-578236\" srcset=\"https:\/\/uploads.acordacidade.com.br\/2025\/07\/Onibus-8-300725-648x362.jpg 648w, https:\/\/uploads.acordacidade.com.br\/2025\/07\/Onibus-8-300725-984x549.jpg 984w, https:\/\/uploads.acordacidade.com.br\/2025\/07\/Onibus-8-300725-150x84.jpg 150w, http:\/\/noticiasbahia360.com.br\/wp-content\/uploads\/2025\/07\/Onibus-8-300725.jpg 1200w\" sizes=\"(max-width: 1200px) 100vw, 1200px\"><figcaption class=\"wp-element-caption\">Foto: Reprodu\u00e7\u00e3o\/ Redes Sociais <\/figcaption><\/figure>\n<p>Logo ap\u00f3s o acidente um \u00f4nibus reserva foi deslocado para transportar os passageiros ao destino final. A Semob informou ainda que est\u00e1 apurando as circunst\u00e2ncias do ocorrido.<\/p>\n<p><em>As informa\u00e7\u00f5es s\u00e3o da jornalista e produtora Iasmim Santos do Acorda Cidade<\/em><\/p>\n<p><em>Siga o Acorda Cidade no<\/em><a href=\"https:\/\/news.google.com\/search?q=acorda%20cidade&amp;hl=pt-BR&amp;gl=BR&amp;ceid=BR%3Apt-419\"><strong><em>\u00a0Google Not\u00edcias<\/em><\/strong><\/a><em>\u00a0e receba os principais destaques do dia. Participe tamb\u00e9m dos nossos canais no\u00a0<\/em><a href=\"https:\/\/www.whatsapp.com\/channel\/0029Va6Rb4v3WHTNnsh8WI3N\"><strong><em>WhatsApp<\/em><\/strong><\/a><em>\u00a0e\u00a0<\/em><a href=\"https:\/\/www.youtube.com\/@acordacidadenoticias\/videos\"><strong>Youtube<\/strong><\/a><em>\u00a0e grupo de\u00a0<\/em><a href=\"https:\/\/t.me\/+sSz0khrgARA0ZmRh\"><strong><em>Telegram<\/em><\/strong><\/a><em>.<\/em><\/p>\n<\/div>\n","protected":false},"excerpt":{"rendered":"<div>\n<div>\n<figure><img decoding=\"async\" src=\"https:\/\/uploads.acordacidade.com.br\/2025\/07\/Onibus-300725.jpg\" alt=\"Dois \u00f4nibus do transporte p\u00fablico colidem em Feira de Santana\"><figcaption>Dois \u00f4nibus colidem em Feira de Santana | Foto: Reprodu\u00e7\u00e3o\/ Redes Sociais <\/figcaption><\/figure>\n<\/div>\n<p>De acordo com testemunhas, um dos \u00f4nibus que fazia a linha do bairro Candeia Grossa transportava dezenas de passageiros.<\/p><\/div>\n","protected":false},"author":1,"featured_media":95186,"comment_status":"closed","ping_status":"closed","sticky":false,"template":"","format":"gallery","meta":{"footnotes":""},"categories":[8,9,6,57,56,10],"tags":[],"class_list":["post-95185","post","type-post","status-publish","format-gallery","has-post-thumbnail","hentry","category-bahia","category-brasil","category-feira-de-santana","category-mundo","category-policia","category-politica","post_format-post-format-gallery"],"featured_image_urls":{"full":["https:\/\/noticiasbahia360.com.br\/wp-content\/uploads\/2025\/07\/Onibus-300725.jpg",1200,672,false],"thumbnail":["https:\/\/noticiasbahia360.com.br\/wp-content\/uploads\/2025\/07\/Onibus-300725-150x150.jpg",150,150,true],"medium":["https:\/\/noticiasbahia360.com.br\/wp-content\/uploads\/2025\/07\/Onibus-300725-300x168.jpg",300,168,true],"medium_large":["https:\/\/noticiasbahia360.com.br\/wp-content\/uploads\/2025\/07\/Onibus-300725-768x430.jpg",640,358,true],"large":["https:\/\/noticiasbahia360.com.br\/wp-content\/uploads\/2025\/07\/Onibus-300725-1024x573.jpg",640,358,true],"1536x1536":["https:\/\/noticiasbahia360.com.br\/wp-content\/uploads\/2025\/07\/Onibus-300725.jpg",1200,672,false],"2048x2048":["https:\/\/noticiasbahia360.com.br\/wp-content\/uploads\/2025\/07\/Onibus-300725.jpg",1200,672,false],"chromenews-featured":["https:\/\/noticiasbahia360.com.br\/wp-content\/uploads\/2025\/07\/Onibus-300725-1024x573.jpg",1024,573,true],"chromenews-large":["https:\/\/noticiasbahia360.com.br\/wp-content\/uploads\/2025\/07\/Onibus-300725-825x575.jpg",825,575,true],"chromenews-medium":["https:\/\/noticiasbahia360.com.br\/wp-content\/uploads\/2025\/07\/Onibus-300725-590x410.jpg",590,410,true]},"author_info":{"display_name":"noticiasbahia360.com.br","author_link":"https:\/\/noticiasbahia360.com.br\/?author=1"},"category_info":"<a href=\"https:\/\/noticiasbahia360.com.br\/?cat=8\" rel=\"category\">Bahia<\/a> <a href=\"https:\/\/noticiasbahia360.com.br\/?cat=9\" rel=\"category\">Brasil<\/a> <a href=\"https:\/\/noticiasbahia360.com.br\/?cat=6\" rel=\"category\">Feira de Santana<\/a> <a href=\"https:\/\/noticiasbahia360.com.br\/?cat=57\" rel=\"category\">Mundo<\/a> <a href=\"https:\/\/noticiasbahia360.com.br\/?cat=56\" rel=\"category\">Pol\u00edcia<\/a> <a href=\"https:\/\/noticiasbahia360.com.br\/?cat=10\" rel=\"category\">Pol\u00edtica<\/a>","tag_info":"Pol\u00edtica","comment_count":"0","_links":{"self":[{"href":"https:\/\/noticiasbahia360.com.br\/index.php?rest_route=\/wp\/v2\/posts\/95185","targetHints":{"allow":["GET"]}}],"collection":[{"href":"https:\/\/noticiasbahia360.com.br\/index.php?rest_route=\/wp\/v2\/posts"}],"about":[{"href":"https:\/\/noticiasbahia360.com.br\/index.php?rest_route=\/wp\/v2\/types\/post"}],"author":[{"embeddable":true,"href":"https:\/\/noticiasbahia360.com.br\/index.php?rest_route=\/wp\/v2\/users\/1"}],"replies":[{"embeddable":true,"href":"https:\/\/noticiasbahia360.com.br\/index.php?rest_route=%2Fwp%2Fv2%2Fcomments&post=95185"}],"version-history":[{"count":0,"href":"https:\/\/noticiasbahia360.com.br\/index.php?rest_route=\/wp\/v2\/posts\/95185\/revisions"}],"wp:featuredmedia":[{"embeddable":true,"href":"https:\/\/noticiasbahia360.com.br\/index.php?rest_route=\/wp\/v2\/media\/95186"}],"wp:attachment":[{"href":"https:\/\/noticiasbahia360.com.br\/index.php?rest_route=%2Fwp%2Fv2%2Fmedia&parent=95185"}],"wp:term":[{"taxonomy":"category","embeddable":true,"href":"https:\/\/noticiasbahia360.com.br\/index.php?rest_route=%2Fwp%2Fv2%2Fcategories&post=95185"},{"taxonomy":"post_tag","embeddable":true,"href":"https:\/\/noticiasbahia360.com.br\/index.php?rest_route=%2Fwp%2Fv2%2Ftags&post=95185"}],"curies":[{"name":"wp","href":"https:\/\/api.w.org\/{rel}","templated":true}]}}