{"id":95193,"date":"2025-07-30T14:40:32","date_gmt":"2025-07-30T17:40:32","guid":{"rendered":"https:\/\/noticiasbahia360.com.br\/?p=95193"},"modified":"2025-07-30T14:40:32","modified_gmt":"2025-07-30T17:40:32","slug":"cantor-pablo-cancela-shows-apos-morte-da-integrante-de-sua-equipe","status":"publish","type":"post","link":"https:\/\/noticiasbahia360.com.br\/?p=95193","title":{"rendered":"Cantor Pablo cancela shows ap\u00f3s morte da integrante de sua equipe"},"content":{"rendered":"<div>\n<div>\n<figure><img decoding=\"async\" src=\"http:\/\/noticiasbahia360.com.br\/wp-content\/uploads\/2025\/07\/Bodega-do-Pablo-3-290725-1.jpg\" alt=\"Bodega do Pablo\"><figcaption>Foto: Kaio Vinicius\/ Acorda Cidade <\/figcaption><\/figure>\n<\/div>\n<p>Na tarde desta quarta-feira (30), o cantor Pablo anunciou o cancelamento dos pr\u00f3ximos shows. De acordo com uma nota divulgada pelo artista, a decis\u00e3o foi tomada em respeito ao luto e consterna\u00e7\u00e3o vivenciados ap\u00f3s a morte de Dayana Nataly Bezerra Lima, integrante da equipe do cantor.<\/p>\n<p>O acidente com a equipe de Pablo foi registrado na tarde da \u00faltima ter\u00e7a-feira (29), na BR-324, no sentido Feira de Santana \u2013 Salvador, pr\u00f3ximo ao ped\u00e1gio de Am\u00e9lia Rodrigues, no qual Dayana Lima n\u00e3o resistiu e faleceu.<\/p>\n<figure class=\"wp-block-image size-large\"><img fetchpriority=\"high\" fetchpriority=\"high\" decoding=\"async\" width=\"890\" height=\"768\" src=\"http:\/\/noticiasbahia360.com.br\/wp-content\/uploads\/2025\/07\/artista-da-equipe-de-Pablo-morre-em-acidente-890x768-1.webp\" alt=\"artista da equipe de Pablo morre em acidente\" class=\"wp-image-578062\" srcset=\"https:\/\/uploads.acordacidade.com.br\/2025\/07\/artista-da-equipe-de-Pablo-morre-em-acidente--423x365.webp 423w, http:\/\/noticiasbahia360.com.br\/wp-content\/uploads\/2025\/07\/artista-da-equipe-de-Pablo-morre-em-acidente-890x768-1.webp 890w, https:\/\/uploads.acordacidade.com.br\/2025\/07\/artista-da-equipe-de-Pablo-morre-em-acidente--641x553.webp 641w, https:\/\/uploads.acordacidade.com.br\/2025\/07\/artista-da-equipe-de-Pablo-morre-em-acidente--150x129.webp 150w, https:\/\/uploads.acordacidade.com.br\/2025\/07\/artista-da-equipe-de-Pablo-morre-em-acidente-.webp 1200w\" sizes=\"(max-width: 890px) 100vw, 890px\"><figcaption class=\"wp-element-caption\">Foto: Divulga\u00e7\u00e3o\/Redes Sociais <\/figcaption><\/figure>\n<p>Pablo e sua equipe estiveram em Feira de Santana na ter\u00e7a-feira (29) para apresenta\u00e7\u00e3o de detalhes do show \u201cBodega do Pablo\u201d, agendado para o pr\u00f3ximo dia 16 de agosto no Est\u00e1dio Alberto Oliveira (J\u00f3ia da Princesa), na mesma cidade. Durante o pocket show, a v\u00edtima estava acompanhando a comitiva do cantor de arrocha.<\/p>\n<figure class=\"wp-block-image size-full\"><img decoding=\"async\" width=\"1200\" height=\"682\" src=\"http:\/\/noticiasbahia360.com.br\/wp-content\/uploads\/2025\/07\/Bodega-do-Pablo-8-290725-foto-kaio-vinicius-acorda-cidade.jpg\" alt=\"\" class=\"wp-image-578079\" srcset=\"https:\/\/uploads.acordacidade.com.br\/2025\/07\/Bodega-do-Pablo-8-290725-foto-kaio-vinicius-acorda-cidade-642x365.jpg 642w, https:\/\/uploads.acordacidade.com.br\/2025\/07\/Bodega-do-Pablo-8-290725-foto-kaio-vinicius-acorda-cidade-973x553.jpg 973w, https:\/\/uploads.acordacidade.com.br\/2025\/07\/Bodega-do-Pablo-8-290725-foto-kaio-vinicius-acorda-cidade-150x85.jpg 150w, http:\/\/noticiasbahia360.com.br\/wp-content\/uploads\/2025\/07\/Bodega-do-Pablo-8-290725-foto-kaio-vinicius-acorda-cidade.jpg 1200w\" sizes=\"(max-width: 1200px) 100vw, 1200px\"><figcaption class=\"wp-element-caption\">Dayana Lima ao lado dos cantores Silfarley e Pablo poucas horas antes do acidente na BR-324 | Foto: Kaio Vin\u00edcius \/ Acorda Cidade <\/figcaption><\/figure>\n<h2 class=\"wp-block-heading\" id=\"h-shows-cancelados\">Shows cancelados<\/h2>\n<ul class=\"wp-block-list\">\n<li><strong>30\/07 \u2013 Cear\u00e1 Mirim (RN)<\/strong><\/li>\n<li><strong>01\/08 \u2013 Amarante do Piau\u00ed (PI)<\/strong><\/li>\n<li><strong>02\/08 \u2013 Coari (AM)<\/strong><\/li>\n<li><strong>03\/08 \u2013 S\u00e3o Sebasti\u00e3o do Uatum\u00e3 (AM)<\/strong><\/li>\n<\/ul>\n<p>\u201cAgradecemos a compreens\u00e3o do p\u00fablico, contratantes e f\u00e3s neste momento de profunda dor para todos n\u00f3s\u201d, concluiu a nota da equipe do cantor Pablo.<\/p>\n<p><strong>Leia tamb\u00e9m:<\/strong><\/p>\n<p><a href=\"https:\/\/www.acordacidade.com.br\/feira-de-santana\/equipe-de-pablo-sofre-acidente-na-br-324-uma-mulher-morreu\/\">Equipe de Pablo sofre acidente na BR-324; uma mulher morreu<\/a><\/p>\n<p><a href=\"https:\/\/www.acordacidade.com.br\/entretenimento\/bodega-do-pablo-cantor-apresenta-projeto-em-feira-de-santana\/\">\u201cBodega do Pablo\u201d: cantor apresenta projeto em Feira de Santana<\/a><\/p>\n<p><em>Siga o Acorda Cidade no<\/em><a href=\"https:\/\/news.google.com\/search?q=acorda%20cidade&amp;hl=pt-BR&amp;gl=BR&amp;ceid=BR%3Apt-419\"><strong><em>\u00a0Google Not\u00edcias<\/em><\/strong><\/a><em>\u00a0e receba os principais destaques do dia. Participe tamb\u00e9m dos nossos canais no\u00a0<\/em><a href=\"https:\/\/www.whatsapp.com\/channel\/0029Va6Rb4v3WHTNnsh8WI3N\"><strong><em>WhatsApp<\/em><\/strong><\/a><em>\u00a0e\u00a0<\/em><a href=\"https:\/\/www.youtube.com\/@acordacidadenoticias\/videos\"><strong>Youtube<\/strong><\/a><em>\u00a0e grupo de\u00a0<\/em><a href=\"https:\/\/t.me\/+sSz0khrgARA0ZmRh\"><strong><em>Telegram<\/em><\/strong><\/a><em>.<\/em><\/p>\n<\/div>\n","protected":false},"excerpt":{"rendered":"<div>\n<div>\n<figure><img decoding=\"async\" src=\"https:\/\/uploads.acordacidade.com.br\/2025\/07\/Bodega-do-Pablo-3-290725.jpg\" alt=\"Bodega do Pablo\"><figcaption>Foto: Kaio Vinicius\/ Acorda Cidade <\/figcaption><\/figure>\n<\/div>\n<p>O acidente com a equipe de Pablo foi registrado na tarde da \u00faltima ter\u00e7a-feira (29), na BR-324, no sentido Feira de Santana \u2013 Salvador.<\/p><\/div>\n","protected":false},"author":1,"featured_media":95194,"comment_status":"closed","ping_status":"closed","sticky":false,"template":"","format":"gallery","meta":{"footnotes":""},"categories":[8,9,6,57,56,10],"tags":[],"class_list":["post-95193","post","type-post","status-publish","format-gallery","has-post-thumbnail","hentry","category-bahia","category-brasil","category-feira-de-santana","category-mundo","category-policia","category-politica","post_format-post-format-gallery"],"featured_image_urls":{"full":["https:\/\/noticiasbahia360.com.br\/wp-content\/uploads\/2025\/07\/Bodega-do-Pablo-3-290725-1.jpg",1200,762,false],"thumbnail":["https:\/\/noticiasbahia360.com.br\/wp-content\/uploads\/2025\/07\/Bodega-do-Pablo-3-290725-1-150x150.jpg",150,150,true],"medium":["https:\/\/noticiasbahia360.com.br\/wp-content\/uploads\/2025\/07\/Bodega-do-Pablo-3-290725-1-300x191.jpg",300,191,true],"medium_large":["https:\/\/noticiasbahia360.com.br\/wp-content\/uploads\/2025\/07\/Bodega-do-Pablo-3-290725-1-768x488.jpg",640,407,true],"large":["https:\/\/noticiasbahia360.com.br\/wp-content\/uploads\/2025\/07\/Bodega-do-Pablo-3-290725-1-1024x650.jpg",640,406,true],"1536x1536":["https:\/\/noticiasbahia360.com.br\/wp-content\/uploads\/2025\/07\/Bodega-do-Pablo-3-290725-1.jpg",1200,762,false],"2048x2048":["https:\/\/noticiasbahia360.com.br\/wp-content\/uploads\/2025\/07\/Bodega-do-Pablo-3-290725-1.jpg",1200,762,false],"chromenews-featured":["https:\/\/noticiasbahia360.com.br\/wp-content\/uploads\/2025\/07\/Bodega-do-Pablo-3-290725-1-1024x650.jpg",1024,650,true],"chromenews-large":["https:\/\/noticiasbahia360.com.br\/wp-content\/uploads\/2025\/07\/Bodega-do-Pablo-3-290725-1-825x575.jpg",825,575,true],"chromenews-medium":["https:\/\/noticiasbahia360.com.br\/wp-content\/uploads\/2025\/07\/Bodega-do-Pablo-3-290725-1-590x410.jpg",590,410,true]},"author_info":{"display_name":"noticiasbahia360.com.br","author_link":"https:\/\/noticiasbahia360.com.br\/?author=1"},"category_info":"<a href=\"https:\/\/noticiasbahia360.com.br\/?cat=8\" rel=\"category\">Bahia<\/a> <a href=\"https:\/\/noticiasbahia360.com.br\/?cat=9\" rel=\"category\">Brasil<\/a> <a href=\"https:\/\/noticiasbahia360.com.br\/?cat=6\" rel=\"category\">Feira de Santana<\/a> <a href=\"https:\/\/noticiasbahia360.com.br\/?cat=57\" rel=\"category\">Mundo<\/a> <a href=\"https:\/\/noticiasbahia360.com.br\/?cat=56\" rel=\"category\">Pol\u00edcia<\/a> <a href=\"https:\/\/noticiasbahia360.com.br\/?cat=10\" rel=\"category\">Pol\u00edtica<\/a>","tag_info":"Pol\u00edtica","comment_count":"0","_links":{"self":[{"href":"https:\/\/noticiasbahia360.com.br\/index.php?rest_route=\/wp\/v2\/posts\/95193","targetHints":{"allow":["GET"]}}],"collection":[{"href":"https:\/\/noticiasbahia360.com.br\/index.php?rest_route=\/wp\/v2\/posts"}],"about":[{"href":"https:\/\/noticiasbahia360.com.br\/index.php?rest_route=\/wp\/v2\/types\/post"}],"author":[{"embeddable":true,"href":"https:\/\/noticiasbahia360.com.br\/index.php?rest_route=\/wp\/v2\/users\/1"}],"replies":[{"embeddable":true,"href":"https:\/\/noticiasbahia360.com.br\/index.php?rest_route=%2Fwp%2Fv2%2Fcomments&post=95193"}],"version-history":[{"count":0,"href":"https:\/\/noticiasbahia360.com.br\/index.php?rest_route=\/wp\/v2\/posts\/95193\/revisions"}],"wp:featuredmedia":[{"embeddable":true,"href":"https:\/\/noticiasbahia360.com.br\/index.php?rest_route=\/wp\/v2\/media\/95194"}],"wp:attachment":[{"href":"https:\/\/noticiasbahia360.com.br\/index.php?rest_route=%2Fwp%2Fv2%2Fmedia&parent=95193"}],"wp:term":[{"taxonomy":"category","embeddable":true,"href":"https:\/\/noticiasbahia360.com.br\/index.php?rest_route=%2Fwp%2Fv2%2Fcategories&post=95193"},{"taxonomy":"post_tag","embeddable":true,"href":"https:\/\/noticiasbahia360.com.br\/index.php?rest_route=%2Fwp%2Fv2%2Ftags&post=95193"}],"curies":[{"name":"wp","href":"https:\/\/api.w.org\/{rel}","templated":true}]}}