{"id":95197,"date":"2025-07-30T15:22:43","date_gmt":"2025-07-30T18:22:43","guid":{"rendered":"https:\/\/noticiasbahia360.com.br\/?p=95197"},"modified":"2025-07-30T15:22:43","modified_gmt":"2025-07-30T18:22:43","slug":"autorizada-a-criacao-de-novos-cargos-para-a-policia-federal-em-feira-de-santana","status":"publish","type":"post","link":"https:\/\/noticiasbahia360.com.br\/?p=95197","title":{"rendered":"Autorizada a cria\u00e7\u00e3o de novos cargos para a Pol\u00edcia Federal em Feira de Santana"},"content":{"rendered":"<div>\n<div>\n<figure><img decoding=\"async\" src=\"http:\/\/noticiasbahia360.com.br\/wp-content\/uploads\/2025\/07\/Sede-da-Delegacia-da-Policia-Federal-Foto-Ed-santos-Acorda-Cidade.jpg\" alt=\"Delegacia Pol\u00edcia Federal\"><figcaption>Foto: Ed Santos\/ Acorda Cidade <\/figcaption><\/figure>\n<\/div>\n<p>Na \u00faltima segunda-feira (28), foi publicada no Di\u00e1rio Oficial da Uni\u00e3o uma <a href=\"https:\/\/www.in.gov.br\/en\/web\/dou\/-\/portaria-mjsp-n-986-de-28-de-julho-de-2025-645208245\">portaria que determina a cria\u00e7\u00e3o de fun\u00e7\u00f5es comissionadas<\/a> para chefias no posto da Pol\u00edcia Federal de <a href=\"https:\/\/www.acordacidade.com.br\/tag\/feira-de-santana\/\">Feira de Santana<\/a>.<\/p>\n<p>As novas fun\u00e7\u00f5es que ser\u00e3o integradas \u00e0 institui\u00e7\u00e3o policial s\u00e3o de: N\u00facleo Administrativo; N\u00facleo de Processamento de Pol\u00edcia Judici\u00e1ria; N\u00facleo de Opera\u00e7\u00f5es; N\u00facleo de Pol\u00edcia Administrativa; N\u00facleo de Intelig\u00eancia Policial; e N\u00facleo de Controle de Armas. <\/p>\n<p>Cada fun\u00e7\u00e3o contar\u00e1 com um chefe. As chefias ser\u00e3o designadas quando houver recrutamento de efetivo para a unidade.<\/p>\n<p><em>Siga o Acorda Cidade no<\/em><a href=\"https:\/\/news.google.com\/search?q=acorda%20cidade&amp;hl=pt-BR&amp;gl=BR&amp;ceid=BR%3Apt-419\"><strong><em> Google Not\u00edcias<\/em><\/strong><\/a><em> e receba os principais destaques do dia. Participe tamb\u00e9m dos nossos canais no <\/em><a href=\"https:\/\/whatsapp.com\/channel\/0029Va6Rb4v3WHTNnsh8WI3N\"><strong><em>WhatsApp<\/em><\/strong><\/a><em> e <\/em><a href=\"https:\/\/www.youtube.com\/@acordacidadenoticias\/videos\"><strong>Youtube<\/strong><\/a><em> e grupo de <\/em><a href=\"https:\/\/t.me\/+sSz0khrgARA0ZmRh\"><strong><em>Telegram<\/em><\/strong><\/a><em>.<\/em><\/p>\n<\/div>\n","protected":false},"excerpt":{"rendered":"<div>\n<div>\n<figure><img decoding=\"async\" src=\"https:\/\/uploads.acordacidade.com.br\/wp-content\/uploads\/2024\/04\/09102709\/Sede-da-Delegacia-da-Policia-Federal-Foto-Ed-santos-Acorda-Cidade.jpg\" alt=\"Delegacia Pol\u00edcia Federal\"><figcaption>Foto: Ed Santos\/ Acorda Cidade <\/figcaption><\/figure>\n<\/div>\n<p>Portaria determina cria\u00e7\u00e3o de 6 novos cargos comissionados para atua\u00e7\u00e3o na unidade da Pol\u00edcia Federal em Feira de Santana.<\/p><\/div>\n","protected":false},"author":1,"featured_media":95198,"comment_status":"closed","ping_status":"closed","sticky":false,"template":"","format":"gallery","meta":{"footnotes":""},"categories":[8,9,6,57,56,10],"tags":[],"class_list":["post-95197","post","type-post","status-publish","format-gallery","has-post-thumbnail","hentry","category-bahia","category-brasil","category-feira-de-santana","category-mundo","category-policia","category-politica","post_format-post-format-gallery"],"featured_image_urls":{"full":["https:\/\/noticiasbahia360.com.br\/wp-content\/uploads\/2025\/07\/Sede-da-Delegacia-da-Policia-Federal-Foto-Ed-santos-Acorda-Cidade.jpg",640,360,false],"thumbnail":["https:\/\/noticiasbahia360.com.br\/wp-content\/uploads\/2025\/07\/Sede-da-Delegacia-da-Policia-Federal-Foto-Ed-santos-Acorda-Cidade-150x150.jpg",150,150,true],"medium":["https:\/\/noticiasbahia360.com.br\/wp-content\/uploads\/2025\/07\/Sede-da-Delegacia-da-Policia-Federal-Foto-Ed-santos-Acorda-Cidade-300x169.jpg",300,169,true],"medium_large":["https:\/\/noticiasbahia360.com.br\/wp-content\/uploads\/2025\/07\/Sede-da-Delegacia-da-Policia-Federal-Foto-Ed-santos-Acorda-Cidade.jpg",640,360,false],"large":["https:\/\/noticiasbahia360.com.br\/wp-content\/uploads\/2025\/07\/Sede-da-Delegacia-da-Policia-Federal-Foto-Ed-santos-Acorda-Cidade.jpg",640,360,false],"1536x1536":["https:\/\/noticiasbahia360.com.br\/wp-content\/uploads\/2025\/07\/Sede-da-Delegacia-da-Policia-Federal-Foto-Ed-santos-Acorda-Cidade.jpg",640,360,false],"2048x2048":["https:\/\/noticiasbahia360.com.br\/wp-content\/uploads\/2025\/07\/Sede-da-Delegacia-da-Policia-Federal-Foto-Ed-santos-Acorda-Cidade.jpg",640,360,false],"chromenews-featured":["https:\/\/noticiasbahia360.com.br\/wp-content\/uploads\/2025\/07\/Sede-da-Delegacia-da-Policia-Federal-Foto-Ed-santos-Acorda-Cidade.jpg",640,360,false],"chromenews-large":["https:\/\/noticiasbahia360.com.br\/wp-content\/uploads\/2025\/07\/Sede-da-Delegacia-da-Policia-Federal-Foto-Ed-santos-Acorda-Cidade.jpg",640,360,false],"chromenews-medium":["https:\/\/noticiasbahia360.com.br\/wp-content\/uploads\/2025\/07\/Sede-da-Delegacia-da-Policia-Federal-Foto-Ed-santos-Acorda-Cidade-590x360.jpg",590,360,true]},"author_info":{"display_name":"noticiasbahia360.com.br","author_link":"https:\/\/noticiasbahia360.com.br\/?author=1"},"category_info":"<a href=\"https:\/\/noticiasbahia360.com.br\/?cat=8\" rel=\"category\">Bahia<\/a> <a href=\"https:\/\/noticiasbahia360.com.br\/?cat=9\" rel=\"category\">Brasil<\/a> <a href=\"https:\/\/noticiasbahia360.com.br\/?cat=6\" rel=\"category\">Feira de Santana<\/a> <a href=\"https:\/\/noticiasbahia360.com.br\/?cat=57\" rel=\"category\">Mundo<\/a> <a href=\"https:\/\/noticiasbahia360.com.br\/?cat=56\" rel=\"category\">Pol\u00edcia<\/a> <a href=\"https:\/\/noticiasbahia360.com.br\/?cat=10\" rel=\"category\">Pol\u00edtica<\/a>","tag_info":"Pol\u00edtica","comment_count":"0","_links":{"self":[{"href":"https:\/\/noticiasbahia360.com.br\/index.php?rest_route=\/wp\/v2\/posts\/95197","targetHints":{"allow":["GET"]}}],"collection":[{"href":"https:\/\/noticiasbahia360.com.br\/index.php?rest_route=\/wp\/v2\/posts"}],"about":[{"href":"https:\/\/noticiasbahia360.com.br\/index.php?rest_route=\/wp\/v2\/types\/post"}],"author":[{"embeddable":true,"href":"https:\/\/noticiasbahia360.com.br\/index.php?rest_route=\/wp\/v2\/users\/1"}],"replies":[{"embeddable":true,"href":"https:\/\/noticiasbahia360.com.br\/index.php?rest_route=%2Fwp%2Fv2%2Fcomments&post=95197"}],"version-history":[{"count":0,"href":"https:\/\/noticiasbahia360.com.br\/index.php?rest_route=\/wp\/v2\/posts\/95197\/revisions"}],"wp:featuredmedia":[{"embeddable":true,"href":"https:\/\/noticiasbahia360.com.br\/index.php?rest_route=\/wp\/v2\/media\/95198"}],"wp:attachment":[{"href":"https:\/\/noticiasbahia360.com.br\/index.php?rest_route=%2Fwp%2Fv2%2Fmedia&parent=95197"}],"wp:term":[{"taxonomy":"category","embeddable":true,"href":"https:\/\/noticiasbahia360.com.br\/index.php?rest_route=%2Fwp%2Fv2%2Fcategories&post=95197"},{"taxonomy":"post_tag","embeddable":true,"href":"https:\/\/noticiasbahia360.com.br\/index.php?rest_route=%2Fwp%2Fv2%2Ftags&post=95197"}],"curies":[{"name":"wp","href":"https:\/\/api.w.org\/{rel}","templated":true}]}}