{"id":95199,"date":"2025-07-30T15:37:11","date_gmt":"2025-07-30T18:37:11","guid":{"rendered":"https:\/\/noticiasbahia360.com.br\/?p=95199"},"modified":"2025-07-30T15:37:11","modified_gmt":"2025-07-30T18:37:11","slug":"governador-comemora-saida-do-brasil-do-mapa-da-fome-na-bahia-1-milhao-de-pessoas-sairam-da-inseguranca-alimentar","status":"publish","type":"post","link":"https:\/\/noticiasbahia360.com.br\/?p=95199","title":{"rendered":"Governador comemora sa\u00edda do Brasil do Mapa da Fome: \u201cNa Bahia, 1 milh\u00e3o de pessoas sa\u00edram da inseguran\u00e7a alimentar\u201d"},"content":{"rendered":"<div>\n<div>\n<figure><img decoding=\"async\" src=\"http:\/\/noticiasbahia360.com.br\/wp-content\/uploads\/2025\/07\/rgEGMgDo-Reuniao-Jeronimo-com-Dilma-Rousseff-Governador-Jeronimo-Rodrigues-1.webp\" alt=\"Governador - Jer\u00f4nimo Rodrigues\"><figcaption>Foto: Amanda Erc\u00edlia \/GOVBA<\/figcaption><\/figure>\n<\/div>\n<div class=\"wp-block-group\">\n<div class=\"wp-block-group__inner-container is-layout-constrained wp-block-group-is-layout-constrained\">\n<p>O governador da Bahia, <a href=\"https:\/\/www.acordacidade.com.br\/tag\/jeronimo-rodrigues\/\" target=\"_blank\" rel=\"noreferrer noopener\">Jer\u00f4nimo Rodrigues (PT)<\/a>, comemorou a sa\u00edda do Brasil do Mapa da Fome. O pa\u00eds havia retornado para o \u00edndice internacional, que \u00e9 desenvolvido pela Organiza\u00e7\u00e3o das Na\u00e7\u00f5es Unidas para a Alimenta\u00e7\u00e3o e Agricultura (FAO), em 2021. O petista comentou o fato nesta quarta-feira (30), durante um evento do programa <strong>Bahia Sem Fome<\/strong>, em Feira de Santana.<\/p>\n<p>\u201cIsso \u00e9 de uma alegria tamanha para mim. Eu me realizo muito quando ou\u00e7o essas not\u00edcias. N\u00f3s aqui na Bahia tiramos um milh\u00e3o de pessoas da situa\u00e7\u00e3o de inseguran\u00e7a alimentar. Isso quer dizer que a Bahia vem trabalhando juntamente com o Brasil\u201d, disse Jer\u00f4nimo.<\/p>\n<\/div>\n<\/div>\n<div class=\"wp-block-group\">\n<div class=\"wp-block-group__inner-container is-layout-constrained wp-block-group-is-layout-constrained\">\n<h2 class=\"wp-block-heading\" id=\"h-compromisso-firmado\">Compromisso firmado <\/h2>\n<p>O governador lembrou que o <strong>Bahia Sem Fome<\/strong> est\u00e1 presente no plano de governo desenvolvido por ele. Segundo Rodrigues, <strong>o programa estadual, que tem como principal objetivo a garantia do direito humano \u00e0 alimenta\u00e7\u00e3o adequada e saud\u00e1vel<\/strong>, contribui diretamente para a sa\u00edda do Brasil do Mapa da Fome. Apesar da satisfa\u00e7\u00e3o pessoal, o governador reconheceu que o sucesso \u00e9 coletivo.<\/p>\n<p>\u201cEu n\u00e3o fa\u00e7o isso sozinho, eu fa\u00e7o isso com as universidades, com os movimentos, com os prefeitos e as prefeitas. \u00c9 um sistema. O munic\u00edpio n\u00e3o tem capacidade de superar a fome se n\u00e3o tiver a ajuda dos deputados, de um cons\u00f3rcio, do governo do Estado. Da mesma forma que eu n\u00e3o posso cantar essa not\u00edcia se n\u00e3o for de m\u00e3os dadas com todos. \u00c9 um grande mutir\u00e3o\u201d, disse. <\/p>\n<\/div>\n<\/div>\n<div class=\"wp-block-group\">\n<div class=\"wp-block-group__inner-container is-layout-constrained wp-block-group-is-layout-constrained\">\n<h3 class=\"wp-block-heading\" id=\"h-a-luta-continua\">A luta continua<\/h3>\n<p>Apesar do marco significativo, o governador afirmou que a sa\u00edda do Brasil do Mapa da Fome, elaborado pelo bra\u00e7o da Organiza\u00e7\u00e3o das Na\u00e7\u00f5es Unidas (ONU) para alimenta\u00e7\u00e3o e agricultura, n\u00e3o \u00e9 um sinal para desacelerar as medidas de combate \u00e0 falta de dignidade alimentar. Segundo Jer\u00f4nimo, <strong>o movimento deve ser encarado como um incentivo para intensificar as a\u00e7\u00f5es bem-sucedidas.<\/strong><\/p>\n<p>\u201cN\u00f3s temos que continuar trabalhando para poder tirar os que n\u00e3o sa\u00edram ainda e manter fora aqueles que sa\u00edram. Isso s\u00f3 se faz com emprego e renda. O Bolsa Fam\u00edlia ajuda demais, mas ele n\u00e3o \u00e9 suficiente para estabelecer um padr\u00e3o de vida para que as pessoas n\u00e3o precisem depender de pedir ao prefeito, aos governadores, aos deputados.\u201d<\/p>\n<\/div>\n<\/div>\n<div class=\"wp-block-group\">\n<div class=\"wp-block-group__inner-container is-layout-constrained wp-block-group-is-layout-constrained\">\n<h2 class=\"wp-block-heading\" id=\"h-incentivo\">Incentivo <\/h2>\n<p>O governador afirmou que uma das muitas a\u00e7\u00f5es que favorecem a manuten\u00e7\u00e3o das medidas de combate \u00e0 fome \u00e9 a distribui\u00e7\u00e3o de kits de agricultura, como os que foram entregues a prefeitos no evento desta quarta (30). Segundo Rodrigues, ao todo foram distribu\u00eddos 40 kits que contaram com sementes, caixas d\u2019\u00e1gua (reservat\u00f3rios), sistemas de irriga\u00e7\u00e3o e equipamentos de prote\u00e7\u00e3o para planta\u00e7\u00f5es.<\/p>\n<p>\u201cTudo isso far\u00e1 com que a fam\u00edlia tenha alimentos de hortifr\u00fati. Mas ele tamb\u00e9m vai poder gerar um excedente para poder fornecer \u00e0 prefeitura municipal, ao mercado da avenida, ao governo do estado, seja na alimenta\u00e7\u00e3o escolar, seja nos hospitais. E a roda vai rodando, porque eles v\u00e3o se alimentando bem e ganhando dinheiro com isso\u201d, concluiu o governador.<\/p>\n<\/div>\n<\/div>\n<p><em>Com Informa\u00e7\u00f5es do rep\u00f3rter Ed Santos do Acorda Cidade <\/em><\/p>\n<p><em>Reportagem escrita pelo estagi\u00e1rio de jornalismo Jefferson Ara\u00fajo sob supervis\u00e3o\u00a0<\/em><\/p>\n<p><em>Siga o Acorda Cidade no<\/em><a href=\"https:\/\/news.google.com\/search?q=acorda%20cidade&amp;hl=pt-BR&amp;gl=BR&amp;ceid=BR%3Apt-419\"><strong><em>\u00a0Google Not\u00edcias<\/em><\/strong><\/a><em>\u00a0e receba os principais destaques do dia. Participe tamb\u00e9m dos nossos canais no\u00a0<\/em><a href=\"https:\/\/www.whatsapp.com\/channel\/0029Va6Rb4v3WHTNnsh8WI3N\"><strong><em>WhatsApp<\/em><\/strong><\/a><em>\u00a0e\u00a0<\/em><a href=\"https:\/\/www.youtube.com\/@acordacidadenoticias\/videos\"><strong>Youtube<\/strong><\/a><em>\u00a0e grupo de\u00a0<\/em><a href=\"https:\/\/t.me\/+sSz0khrgARA0ZmRh\"><strong><em>Telegram<\/em><\/strong><\/a><em>.<\/em><\/p>\n<\/div>\n","protected":false},"excerpt":{"rendered":"<div>\n<div>\n<figure><img decoding=\"async\" src=\"https:\/\/uploads.acordacidade.com.br\/2025\/05\/rgEGMgDo-Reuniao-Jeronimo-com-Dilma-Rousseff-Governador-Jeronimo-Rodrigues.webp\" alt=\"Governador - Jer\u00f4nimo Rodrigues\"><figcaption>Foto: Amanda Erc\u00edlia \/GOVBA<\/figcaption><\/figure>\n<\/div>\n<p>\u201cIsso \u00e9 de uma alegria tamanha para mim. Eu me realizo muito quando ou\u00e7o essas not\u00edcias&#8221;, disse o governador.<\/p><\/div>\n","protected":false},"author":1,"featured_media":95200,"comment_status":"closed","ping_status":"closed","sticky":false,"template":"","format":"gallery","meta":{"footnotes":""},"categories":[8,9,6,57,56,10],"tags":[],"class_list":["post-95199","post","type-post","status-publish","format-gallery","has-post-thumbnail","hentry","category-bahia","category-brasil","category-feira-de-santana","category-mundo","category-policia","category-politica","post_format-post-format-gallery"],"featured_image_urls":{"full":["https:\/\/noticiasbahia360.com.br\/wp-content\/uploads\/2025\/07\/rgEGMgDo-Reuniao-Jeronimo-com-Dilma-Rousseff-Governador-Jeronimo-Rodrigues-1.webp",1200,798,false],"thumbnail":["https:\/\/noticiasbahia360.com.br\/wp-content\/uploads\/2025\/07\/rgEGMgDo-Reuniao-Jeronimo-com-Dilma-Rousseff-Governador-Jeronimo-Rodrigues-1-150x150.webp",150,150,true],"medium":["https:\/\/noticiasbahia360.com.br\/wp-content\/uploads\/2025\/07\/rgEGMgDo-Reuniao-Jeronimo-com-Dilma-Rousseff-Governador-Jeronimo-Rodrigues-1-300x200.webp",300,200,true],"medium_large":["https:\/\/noticiasbahia360.com.br\/wp-content\/uploads\/2025\/07\/rgEGMgDo-Reuniao-Jeronimo-com-Dilma-Rousseff-Governador-Jeronimo-Rodrigues-1-768x511.webp",640,426,true],"large":["https:\/\/noticiasbahia360.com.br\/wp-content\/uploads\/2025\/07\/rgEGMgDo-Reuniao-Jeronimo-com-Dilma-Rousseff-Governador-Jeronimo-Rodrigues-1-1024x681.webp",640,426,true],"1536x1536":["https:\/\/noticiasbahia360.com.br\/wp-content\/uploads\/2025\/07\/rgEGMgDo-Reuniao-Jeronimo-com-Dilma-Rousseff-Governador-Jeronimo-Rodrigues-1.webp",1200,798,false],"2048x2048":["https:\/\/noticiasbahia360.com.br\/wp-content\/uploads\/2025\/07\/rgEGMgDo-Reuniao-Jeronimo-com-Dilma-Rousseff-Governador-Jeronimo-Rodrigues-1.webp",1200,798,false],"chromenews-featured":["https:\/\/noticiasbahia360.com.br\/wp-content\/uploads\/2025\/07\/rgEGMgDo-Reuniao-Jeronimo-com-Dilma-Rousseff-Governador-Jeronimo-Rodrigues-1-1024x681.webp",1024,681,true],"chromenews-large":["https:\/\/noticiasbahia360.com.br\/wp-content\/uploads\/2025\/07\/rgEGMgDo-Reuniao-Jeronimo-com-Dilma-Rousseff-Governador-Jeronimo-Rodrigues-1-825x575.webp",825,575,true],"chromenews-medium":["https:\/\/noticiasbahia360.com.br\/wp-content\/uploads\/2025\/07\/rgEGMgDo-Reuniao-Jeronimo-com-Dilma-Rousseff-Governador-Jeronimo-Rodrigues-1-590x410.webp",590,410,true]},"author_info":{"display_name":"noticiasbahia360.com.br","author_link":"https:\/\/noticiasbahia360.com.br\/?author=1"},"category_info":"<a href=\"https:\/\/noticiasbahia360.com.br\/?cat=8\" rel=\"category\">Bahia<\/a> <a href=\"https:\/\/noticiasbahia360.com.br\/?cat=9\" rel=\"category\">Brasil<\/a> <a href=\"https:\/\/noticiasbahia360.com.br\/?cat=6\" rel=\"category\">Feira de Santana<\/a> <a href=\"https:\/\/noticiasbahia360.com.br\/?cat=57\" rel=\"category\">Mundo<\/a> <a href=\"https:\/\/noticiasbahia360.com.br\/?cat=56\" rel=\"category\">Pol\u00edcia<\/a> <a href=\"https:\/\/noticiasbahia360.com.br\/?cat=10\" rel=\"category\">Pol\u00edtica<\/a>","tag_info":"Pol\u00edtica","comment_count":"0","_links":{"self":[{"href":"https:\/\/noticiasbahia360.com.br\/index.php?rest_route=\/wp\/v2\/posts\/95199","targetHints":{"allow":["GET"]}}],"collection":[{"href":"https:\/\/noticiasbahia360.com.br\/index.php?rest_route=\/wp\/v2\/posts"}],"about":[{"href":"https:\/\/noticiasbahia360.com.br\/index.php?rest_route=\/wp\/v2\/types\/post"}],"author":[{"embeddable":true,"href":"https:\/\/noticiasbahia360.com.br\/index.php?rest_route=\/wp\/v2\/users\/1"}],"replies":[{"embeddable":true,"href":"https:\/\/noticiasbahia360.com.br\/index.php?rest_route=%2Fwp%2Fv2%2Fcomments&post=95199"}],"version-history":[{"count":0,"href":"https:\/\/noticiasbahia360.com.br\/index.php?rest_route=\/wp\/v2\/posts\/95199\/revisions"}],"wp:featuredmedia":[{"embeddable":true,"href":"https:\/\/noticiasbahia360.com.br\/index.php?rest_route=\/wp\/v2\/media\/95200"}],"wp:attachment":[{"href":"https:\/\/noticiasbahia360.com.br\/index.php?rest_route=%2Fwp%2Fv2%2Fmedia&parent=95199"}],"wp:term":[{"taxonomy":"category","embeddable":true,"href":"https:\/\/noticiasbahia360.com.br\/index.php?rest_route=%2Fwp%2Fv2%2Fcategories&post=95199"},{"taxonomy":"post_tag","embeddable":true,"href":"https:\/\/noticiasbahia360.com.br\/index.php?rest_route=%2Fwp%2Fv2%2Ftags&post=95199"}],"curies":[{"name":"wp","href":"https:\/\/api.w.org\/{rel}","templated":true}]}}