{"id":95205,"date":"2025-07-30T15:55:17","date_gmt":"2025-07-30T18:55:17","guid":{"rendered":"https:\/\/noticiasbahia360.com.br\/?p=95205"},"modified":"2025-07-30T15:55:17","modified_gmt":"2025-07-30T18:55:17","slug":"donald-trump-assina-decreto-que-impoe-tarifa-de-50-ao-brasil","status":"publish","type":"post","link":"https:\/\/noticiasbahia360.com.br\/?p=95205","title":{"rendered":"Donald Trump assina decreto que imp\u00f5e tarifa de 50% ao Brasil"},"content":{"rendered":"<div>\n<div>\n<figure><img decoding=\"async\" src=\"http:\/\/noticiasbahia360.com.br\/wp-content\/uploads\/2025\/07\/Brasil-e-Eua-ft-Leoatman-freepik-1.jpg\" alt=\"Bandeiras do Brasil e do EUA\"><figcaption>Foto: Leoaltman\/Freepik<\/figcaption><\/figure>\n<\/div>\n<p>O presidente dos Estados Unidos, Donald Trump, assinou nesta quarta-feira (30) um decreto que imp\u00f5e uma tarifa adicional de 40% sobre produtos brasileiros, elevando o total para 50%. A medida oficializa o n\u00famero indicado pelo republicano\u00a0na carta enviada ao presidente Lula neste m\u00eas.<\/p>\n<p>A medida foi anunciada como resposta a a\u00e7\u00f5es do governo brasileiro que, segundo a Casa Branca, representam uma amea\u00e7a \u201cincomum e extraordin\u00e1ria \u00e0 seguran\u00e7a nacional, \u00e0 pol\u00edtica externa e \u00e0 economia dos EUA\u201d.<\/p>\n<p>De acordo com o comunicado, a ordem executiva foi motivada por a\u00e7\u00f5es que \u201cprejudicam empresas americanas, os direitos de liberdade de express\u00e3o de cidad\u00e3os americanos\u201d, al\u00e9m da pol\u00edtica externa dos EUA e a economia americana.<\/p>\n<blockquote class=\"wp-block-quote is-layout-flow wp-block-quote-is-layout-flow\">\n<p>A Casa Branca cita \u201cpersegui\u00e7\u00e3o pol\u00edtica, intimida\u00e7\u00e3o, ass\u00e9dio, censura e processos judiciais\u201d contra o ex-presidente Jair Bolsonaro e seus apoiadores, classificando essas a\u00e7\u00f5es como \u201cgraves abusos de direitos humanos\u201d e um enfraquecimento do Estado de Direito no Brasil.<\/p>\n<\/blockquote>\n<p>O ministro Alexandre de Moraes, do Supremo Tribunal Federal, \u00e9 mencionado no texto como respons\u00e1vel por \u201camea\u00e7ar, perseguir e intimidar milhares de seus opositores pol\u00edticos, proteger aliados corruptos e suprimir dissid\u00eancias, frequentemente em coordena\u00e7\u00e3o com outros membros do STF\u201d.<\/p>\n<p>\u201cQuando empresas americanas se recusaram a cumprir essas ordens, ele imp\u00f4s multas substanciais, ordenou a exclus\u00e3o dessas empresas do mercado de redes sociais no Brasil, amea\u00e7ou seus executivos com processos criminais e, em um caso, congelou os ativos de uma empresa americana no Brasil para for\u00e7ar o cumprimento\u201d, diz o comunicado.<\/p>\n<p>Al\u00e9m disso, a Casa Branca menciona o caso do blogueiro Paulo Figueiredo, residente nos Estados Unidos e alvo de processo criminal no Brasil por declara\u00e7\u00f5es feitas em solo americano, tamb\u00e9m \u00e9 citado como exemplo de viola\u00e7\u00e3o da liberdade de express\u00e3o.<\/p>\n<p>\u201cO presidente Trump est\u00e1 defendendo empresas americanas contra extors\u00e3o, protegendo cidad\u00e3os americanos contra persegui\u00e7\u00e3o pol\u00edtica, salvaguardando a liberdade de express\u00e3o americana contra censura e protegendo a economia americana de ser sujeita a decretos arbitr\u00e1rios de um juiz estrangeiro tir\u00e2nico\u201d, afirma a Casa Branca.<\/p>\n<p>Al\u00e9m da imposi\u00e7\u00e3o de tarifas, o comunicado tamb\u00e9m justifica o bloqueio de vistos de ministros do Supremo Tribunal Federal, por serem estrangeiros respons\u00e1veis pela \u201ccensura da express\u00e3o protegida nos EUA\u201d.<\/p>\n<p>Segunda a Casa Branca, preservar e proteger os direitos de liberdade de express\u00e3o de todos os americanos e defender empresas americanas contra \u201ccensura for\u00e7ada\u201d continuar\u00e1 sendo prioridade na estrat\u00e9gia de pol\u00edtica externa de Trump.<\/p>\n<p>\u201cO presidente Trump ordenou ao secret\u00e1rio Rubio que revogasse os vistos pertencentes ao ministro Moraes, seus aliados no Tribunal e seus familiares imediatos por seu papel em permitir as viola\u00e7\u00f5es de direitos humanos contra brasileiros e viola\u00e7\u00f5es de liberdade de express\u00e3o contra americanos\u201d, diz o texto.<\/p>\n<h2 class=\"wp-block-heading\" id=\"h-veja-o-comunicado-da-casa-branca-na-integra\">Veja o comunicado da Casa Branca na \u00edntegra<\/h2>\n<h2 class=\"wp-block-heading\" id=\"h-enfrentando-uma-emergencia-nacional\">Enfrentando uma emerg\u00eancia nacional<\/h2>\n<p>Hoje, o Presidente Donald J. Trump assinou uma Ordem Executiva implementando uma tarifa adicional de 40% sobre o Brasil, elevando o total da tarifa para 50%, para lidar com pol\u00edticas, pr\u00e1ticas e a\u00e7\u00f5es recentes do Governo do Brasil que constituem uma amea\u00e7a incomum e extraordin\u00e1ria \u00e0 seguran\u00e7a nacional, \u00e0 pol\u00edtica externa e \u00e0 economia dos Estados Unidos.<\/p>\n<p>A Ordem declara uma nova emerg\u00eancia nacional usando a autoridade do Presidente sob a Lei de Poderes Econ\u00f4micos de Emerg\u00eancia Internacional de 1977 (IEEPA) e estabelece uma tarifa adicional de 40% para enfrentar as pol\u00edticas e a\u00e7\u00f5es incomuns e extraordin\u00e1rias do Governo do Brasil que prejudicam empresas americanas, os direitos de liberdade de express\u00e3o de cidad\u00e3os americanos, a pol\u00edtica externa dos EUA e a economia americana.<\/p>\n<p>A Ordem conclui que a persegui\u00e7\u00e3o pol\u00edtica, intimida\u00e7\u00e3o, ass\u00e9dio, censura e processos judiciais contra o ex-presidente brasileiro Jair Bolsonaro e milhares de seus apoiadores constituem graves abusos de direitos humanos que minaram o Estado de Direito no Brasil.<\/p>\n<h2 class=\"wp-block-heading\" id=\"h-usando-a-influencia-para-proteger-nossos-interesses\">Usando a influ\u00eancia para proteger nossos interesses <\/h2>\n<p>O Presidente Trump reafirmou consistentemente seu compromisso de defender a seguran\u00e7a nacional, a pol\u00edtica externa e a economia dos Estados Unidos contra amea\u00e7as estrangeiras, incluindo a prote\u00e7\u00e3o da liberdade de express\u00e3o, a defesa de empresas americanas contra coer\u00e7\u00e3o cens\u00f3ria ilegal e a responsabiliza\u00e7\u00e3o de violadores de direitos humanos por seu comportamento fora da lei.<\/p>\n<p>Recentemente, membros do Governo do Brasil tomaram a\u00e7\u00f5es sem precedentes para coagir de forma tir\u00e2nica e arbitr\u00e1ria empresas americanas a censurar discurso pol\u00edtico, remover usu\u00e1rios de plataformas, entregar dados sens\u00edveis de usu\u00e1rios americanos ou alterar suas pol\u00edticas de modera\u00e7\u00e3o de conte\u00fado sob pena de multas extraordin\u00e1rias, processos criminais, congelamento de ativos ou exclus\u00e3o total do mercado brasileiro. Isso compromete n\u00e3o apenas a viabilidade das opera\u00e7\u00f5es comerciais de empresas americanas no Brasil, mas tamb\u00e9m a pol\u00edtica dos Estados Unidos de promover elei\u00e7\u00f5es livres e justas e proteger direitos humanos fundamentais dentro e fora do pa\u00eds.<\/p>\n<p>Por exemplo, desde 2019, o Ministro do Supremo Tribunal Federal do Brasil, Alexandre de Moraes, tem abusado de sua autoridade judicial para amea\u00e7ar, perseguir e intimidar milhares de seus opositores pol\u00edticos, proteger aliados corruptos e suprimir dissid\u00eancias, frequentemente em coordena\u00e7\u00e3o com outros membros do STF, em preju\u00edzo de empresas americanas que operam no Brasil.<\/p>\n<p>O Ministro Moraes emitiu unilateralmente centenas de ordens para censurar secretamente seus cr\u00edticos pol\u00edticos. Quando empresas americanas se recusaram a cumprir essas ordens, ele imp\u00f4s multas substanciais, ordenou a exclus\u00e3o dessas empresas do mercado de redes sociais no Brasil, amea\u00e7ou seus executivos com processos criminais e, em um caso, congelou os ativos de uma empresa americana no Brasil para for\u00e7ar o cumprimento.<\/p>\n<p>De fato, al\u00e9m de prender indiv\u00edduos sem julgamento por postagens em redes sociais, o Ministro Moraes est\u00e1 atualmente supervisionando o processo criminal do Governo do Brasil contra Paulo Figueiredo, residente nos EUA, por declara\u00e7\u00f5es feitas em solo americano, e apoiou investiga\u00e7\u00f5es criminais contra outros cidad\u00e3os americanos ap\u00f3s eles denunciarem suas graves viola\u00e7\u00f5es de direitos humanos e corrup\u00e7\u00e3o.<\/p>\n<p>O Presidente Trump est\u00e1 defendendo empresas americanas contra extors\u00e3o, protegendo cidad\u00e3os americanos contra persegui\u00e7\u00e3o pol\u00edtica, salvaguardando a liberdade de express\u00e3o americana contra censura e protegendo a economia americana de ser sujeita a decretos arbitr\u00e1rios de um juiz estrangeiro tir\u00e2nico.<\/p>\n<h2 class=\"wp-block-heading\" id=\"h-colocando-a-america-dele-em-primeiro-lugar\">Colocando a Am\u00e9rica \u2018dele\u2019 em primeiro lugar<\/h2>\n<p>Ao impor essas tarifas para enfrentar as a\u00e7\u00f5es imprudentes do Governo do Brasil, o Presidente Trump est\u00e1 protegendo a seguran\u00e7a nacional, a pol\u00edtica externa e a economia dos Estados Unidos contra uma amea\u00e7a estrangeira. Em linha com seu mandato eleitoral, o Presidente Trump tamb\u00e9m tomou outras medidas para alcan\u00e7ar a paz por meio da for\u00e7a e garantir que a pol\u00edtica externa reflita os valores, a soberania e a seguran\u00e7a dos EUA.<\/p>\n<p>No primeiro dia de mandato, o Presidente Trump assinou uma \u201cDiretiva de Pol\u00edtica Am\u00e9rica Primeiro\u201d ao Secret\u00e1rio de Estado, declarando que a pol\u00edtica externa dos Estados Unidos deve sempre priorizar os interesses da Am\u00e9rica e de seus cidad\u00e3os.<\/p>\n<p>Em conformidade com essa diretiva, em 28 de maio de 2025, o Secret\u00e1rio Rubio anunciou uma pol\u00edtica de restri\u00e7\u00e3o de vistos direcionada a estrangeiros respons\u00e1veis pela censura de express\u00e3o protegida nos Estados Unidos.<\/p>\n<p>De acordo com essa pol\u00edtica, em 18 de julho, o Presidente Trump ordenou ao Secret\u00e1rio Rubio que revogasse os vistos pertencentes ao Ministro Moraes, seus aliados no Tribunal e seus familiares imediatos por seu papel em permitir as viola\u00e7\u00f5es de direitos humanos contra brasileiros e viola\u00e7\u00f5es de liberdade de express\u00e3o contra americanos.<\/p>\n<p>Preservar e proteger os direitos de liberdade de express\u00e3o de todos os americanos e defender empresas americanas contra censura for\u00e7ada continuar\u00e1 sendo prioridade na estrat\u00e9gia de pol\u00edtica externa Am\u00e9rica Primeiro do Presidente Trump.<\/p>\n<p>O Presidente Trump j\u00e1 utilizou tarifas com sucesso no passado para promover os interesses da Am\u00e9rica e enfrentar outras amea\u00e7as urgentes \u00e0 seguran\u00e7a nacional, e est\u00e1 fazendo isso novamente hoje.<\/p>\n<p><em>Fonte: g1<\/em><\/p>\n<p><em>Siga o Acorda Cidade no<\/em><a href=\"https:\/\/news.google.com\/search?q=acorda%20cidade&amp;hl=pt-BR&amp;gl=BR&amp;ceid=BR%3Apt-419\"><strong><em>\u00a0Google Not\u00edcias<\/em><\/strong><\/a><em>\u00a0e receba os principais destaques do dia. Participe tamb\u00e9m dos nossos canais no\u00a0<\/em><a href=\"https:\/\/www.whatsapp.com\/channel\/0029Va6Rb4v3WHTNnsh8WI3N\"><strong><em>WhatsApp<\/em><\/strong><\/a><em>\u00a0e\u00a0<\/em><a href=\"https:\/\/www.youtube.com\/@acordacidadenoticias\/videos\"><strong>Youtube<\/strong><\/a><em>\u00a0e grupo de\u00a0<\/em><a href=\"https:\/\/t.me\/+sSz0khrgARA0ZmRh\"><strong><em>Telegram<\/em><\/strong><\/a><em>.<\/em><\/p>\n<\/div>\n","protected":false},"excerpt":{"rendered":"<div>\n<div>\n<figure><img decoding=\"async\" src=\"https:\/\/uploads.acordacidade.com.br\/wp-content\/uploads\/2023\/08\/30090201\/Brasil-e-Eua-ft-Leoatman-freepik.jpg\" alt=\"Bandeiras do Brasil e do EUA\"><figcaption>Foto: Leoaltman\/Freepik<\/figcaption><\/figure>\n<\/div>\n<p>A medida foi anunciada como resposta a a\u00e7\u00f5es do governo brasileiro que, segundo a Casa Branca, representam uma amea\u00e7a a economia dos EUA.<\/p><\/div>\n","protected":false},"author":1,"featured_media":95206,"comment_status":"closed","ping_status":"closed","sticky":false,"template":"","format":"gallery","meta":{"footnotes":""},"categories":[8,9,6,57,56,10],"tags":[],"class_list":["post-95205","post","type-post","status-publish","format-gallery","has-post-thumbnail","hentry","category-bahia","category-brasil","category-feira-de-santana","category-mundo","category-policia","category-politica","post_format-post-format-gallery"],"featured_image_urls":{"full":["https:\/\/noticiasbahia360.com.br\/wp-content\/uploads\/2025\/07\/Brasil-e-Eua-ft-Leoatman-freepik-1.jpg",640,398,false],"thumbnail":["https:\/\/noticiasbahia360.com.br\/wp-content\/uploads\/2025\/07\/Brasil-e-Eua-ft-Leoatman-freepik-1-150x150.jpg",150,150,true],"medium":["https:\/\/noticiasbahia360.com.br\/wp-content\/uploads\/2025\/07\/Brasil-e-Eua-ft-Leoatman-freepik-1-300x187.jpg",300,187,true],"medium_large":["https:\/\/noticiasbahia360.com.br\/wp-content\/uploads\/2025\/07\/Brasil-e-Eua-ft-Leoatman-freepik-1.jpg",640,398,false],"large":["https:\/\/noticiasbahia360.com.br\/wp-content\/uploads\/2025\/07\/Brasil-e-Eua-ft-Leoatman-freepik-1.jpg",640,398,false],"1536x1536":["https:\/\/noticiasbahia360.com.br\/wp-content\/uploads\/2025\/07\/Brasil-e-Eua-ft-Leoatman-freepik-1.jpg",640,398,false],"2048x2048":["https:\/\/noticiasbahia360.com.br\/wp-content\/uploads\/2025\/07\/Brasil-e-Eua-ft-Leoatman-freepik-1.jpg",640,398,false],"chromenews-featured":["https:\/\/noticiasbahia360.com.br\/wp-content\/uploads\/2025\/07\/Brasil-e-Eua-ft-Leoatman-freepik-1.jpg",640,398,false],"chromenews-large":["https:\/\/noticiasbahia360.com.br\/wp-content\/uploads\/2025\/07\/Brasil-e-Eua-ft-Leoatman-freepik-1.jpg",640,398,false],"chromenews-medium":["https:\/\/noticiasbahia360.com.br\/wp-content\/uploads\/2025\/07\/Brasil-e-Eua-ft-Leoatman-freepik-1-590x398.jpg",590,398,true]},"author_info":{"display_name":"noticiasbahia360.com.br","author_link":"https:\/\/noticiasbahia360.com.br\/?author=1"},"category_info":"<a href=\"https:\/\/noticiasbahia360.com.br\/?cat=8\" rel=\"category\">Bahia<\/a> <a href=\"https:\/\/noticiasbahia360.com.br\/?cat=9\" rel=\"category\">Brasil<\/a> <a href=\"https:\/\/noticiasbahia360.com.br\/?cat=6\" rel=\"category\">Feira de Santana<\/a> <a href=\"https:\/\/noticiasbahia360.com.br\/?cat=57\" rel=\"category\">Mundo<\/a> <a href=\"https:\/\/noticiasbahia360.com.br\/?cat=56\" rel=\"category\">Pol\u00edcia<\/a> <a href=\"https:\/\/noticiasbahia360.com.br\/?cat=10\" rel=\"category\">Pol\u00edtica<\/a>","tag_info":"Pol\u00edtica","comment_count":"0","_links":{"self":[{"href":"https:\/\/noticiasbahia360.com.br\/index.php?rest_route=\/wp\/v2\/posts\/95205","targetHints":{"allow":["GET"]}}],"collection":[{"href":"https:\/\/noticiasbahia360.com.br\/index.php?rest_route=\/wp\/v2\/posts"}],"about":[{"href":"https:\/\/noticiasbahia360.com.br\/index.php?rest_route=\/wp\/v2\/types\/post"}],"author":[{"embeddable":true,"href":"https:\/\/noticiasbahia360.com.br\/index.php?rest_route=\/wp\/v2\/users\/1"}],"replies":[{"embeddable":true,"href":"https:\/\/noticiasbahia360.com.br\/index.php?rest_route=%2Fwp%2Fv2%2Fcomments&post=95205"}],"version-history":[{"count":0,"href":"https:\/\/noticiasbahia360.com.br\/index.php?rest_route=\/wp\/v2\/posts\/95205\/revisions"}],"wp:featuredmedia":[{"embeddable":true,"href":"https:\/\/noticiasbahia360.com.br\/index.php?rest_route=\/wp\/v2\/media\/95206"}],"wp:attachment":[{"href":"https:\/\/noticiasbahia360.com.br\/index.php?rest_route=%2Fwp%2Fv2%2Fmedia&parent=95205"}],"wp:term":[{"taxonomy":"category","embeddable":true,"href":"https:\/\/noticiasbahia360.com.br\/index.php?rest_route=%2Fwp%2Fv2%2Fcategories&post=95205"},{"taxonomy":"post_tag","embeddable":true,"href":"https:\/\/noticiasbahia360.com.br\/index.php?rest_route=%2Fwp%2Fv2%2Ftags&post=95205"}],"curies":[{"name":"wp","href":"https:\/\/api.w.org\/{rel}","templated":true}]}}