{"id":95207,"date":"2025-07-30T16:10:49","date_gmt":"2025-07-30T19:10:49","guid":{"rendered":"https:\/\/noticiasbahia360.com.br\/?p=95207"},"modified":"2025-07-30T16:10:49","modified_gmt":"2025-07-30T19:10:49","slug":"vendas-de-veiculos-eletricos-e-hibridos-em-feira-de-santana-crescem-87-no-1o-semestre","status":"publish","type":"post","link":"https:\/\/noticiasbahia360.com.br\/?p=95207","title":{"rendered":"Vendas de ve\u00edculos el\u00e9tricos e h\u00edbridos em Feira de Santana crescem 87% no 1\u00ba semestre"},"content":{"rendered":"<div>\n<div>\n<figure><img decoding=\"async\" src=\"http:\/\/noticiasbahia360.com.br\/wp-content\/uploads\/2025\/07\/Carro-300725.jpg\" alt=\"Carro\"><figcaption>Foto: Divulga\u00e7\u00e3o<\/figcaption><\/figure>\n<\/div>\n<p>As vendas dos chamados ve\u00edculos eletrificados \u2013 el\u00e9tricos e h\u00edbridos \u2013 cresceram 87,5% em <a href=\"https:\/\/www.acordacidade.com.br\/tag\/feira-de-santana\/\">Feira de Santana<\/a>, no primeiro semestre de 2025. O incremento \u00e9 o dobro da m\u00e9dia nacional. Segundo dados divulgados pela Associa\u00e7\u00e3o Brasileira do Ve\u00edculo El\u00e9trico (ABVE), a segunda maior cidade da Bahia somou 390 unidades emplacadas, contra 208 no mesmo per\u00edodo do ano passado.<\/p>\n<p>O levantamento aponta que Feira de Santana representa 9% de todas as vendas de el\u00e9tricos e h\u00edbridos na Bahia. Fica atr\u00e1s apenas de Salvador, onde foram vendidos 2.262 ve\u00edculos eletrificados, ou 52%. Um dos dados da ABVE que chamam a aten\u00e7\u00e3o \u00e9 o crescimento da participa\u00e7\u00e3o das vendas para clientes no interior, que j\u00e1 representam 48% do total do estado, somando 2.094 ve\u00edculos emplacados nos primeiros seis meses de 2025.<\/p>\n<h2 class=\"wp-block-heading\" id=\"h-mais-investimentos\">Mais investimentos<\/h2>\n<p>A alta nas vendas dos eletrificados \u00e9 comemorada pelas revendas, que preveem mais investimentos. \u201cOs eletrificados ca\u00edram no gosto dos consumidores, pela alta tecnologia e pela redu\u00e7\u00e3o de custos. E isto vai proporcionar novos investimentos, na amplia\u00e7\u00e3o das revendas e na cria\u00e7\u00e3o de novos postos de trabalho\u201d, afirmou M\u00e1rio S\u00e9rgio Callegaro, diretor da GWM Morena, que distribui a marca em Salvador e Feira de Santana e j\u00e1 prepara a inaugura\u00e7\u00e3o de novas concession\u00e1rias.<\/p>\n<p>Callegaro destaca ainda a nacionaliza\u00e7\u00e3o da produ\u00e7\u00e3o. A GWM, inclusive, inaugura nas pr\u00f3ximas semanas a sua f\u00e1brica no Brasil, em Iracem\u00e1polis (SP), onde produzir\u00e1 sua linha de produ\u00e7\u00e3o, incluindo o SUVs Haval H6, atualmente o h\u00edbrido mais vendido do pa\u00eds.<\/p>\n<h2 class=\"wp-block-heading\" id=\"h-nacional\">Nacional<\/h2>\n<p>Em todo o pa\u00eds, foram 114.083 ve\u00edculos el\u00e9tricos e h\u00edbridos vendidos no primeiro semestre. Esse total representa um aumento de 43,8% em rela\u00e7\u00e3o aos seis primeiros meses de 2024. O segmento somou 13% do total das vendas de autom\u00f3veis no Brasil.<\/p>\n<p><em>Siga o Acorda Cidade no<\/em><a href=\"https:\/\/news.google.com\/search?q=acorda%20cidade&amp;hl=pt-BR&amp;gl=BR&amp;ceid=BR%3Apt-419\"><strong><em>\u00a0Google Not\u00edcias<\/em><\/strong><\/a><em>\u00a0e receba os principais destaques do dia. Participe tamb\u00e9m dos nossos canais no\u00a0<\/em><a href=\"https:\/\/www.whatsapp.com\/channel\/0029Va6Rb4v3WHTNnsh8WI3N\"><strong><em>WhatsApp<\/em><\/strong><\/a><em>\u00a0e\u00a0<\/em><a href=\"https:\/\/www.youtube.com\/@acordacidadenoticias\/videos\"><strong>Youtube<\/strong><\/a><em>\u00a0e grupo de\u00a0<\/em><a href=\"https:\/\/t.me\/+sSz0khrgARA0ZmRh\"><strong><em>Telegram<\/em><\/strong><\/a><em>.<\/em><\/p>\n<\/div>\n","protected":false},"excerpt":{"rendered":"<div>\n<div>\n<figure><img decoding=\"async\" src=\"https:\/\/uploads.acordacidade.com.br\/2025\/07\/Carro-300725.jpg\" alt=\"Carro\"><figcaption>Foto: Divulga\u00e7\u00e3o<\/figcaption><\/figure>\n<\/div>\n<p>Levantamento aponta que Feira de Santana representa 9% de todas as vendas de el\u00e9tricos e h\u00edbridos na Bahia<\/p><\/div>\n","protected":false},"author":1,"featured_media":95208,"comment_status":"closed","ping_status":"closed","sticky":false,"template":"","format":"gallery","meta":{"footnotes":""},"categories":[8,9,6,57,56,10],"tags":[],"class_list":["post-95207","post","type-post","status-publish","format-gallery","has-post-thumbnail","hentry","category-bahia","category-brasil","category-feira-de-santana","category-mundo","category-policia","category-politica","post_format-post-format-gallery"],"featured_image_urls":{"full":["https:\/\/noticiasbahia360.com.br\/wp-content\/uploads\/2025\/07\/Carro-300725.jpg",1200,800,false],"thumbnail":["https:\/\/noticiasbahia360.com.br\/wp-content\/uploads\/2025\/07\/Carro-300725-150x150.jpg",150,150,true],"medium":["https:\/\/noticiasbahia360.com.br\/wp-content\/uploads\/2025\/07\/Carro-300725-300x200.jpg",300,200,true],"medium_large":["https:\/\/noticiasbahia360.com.br\/wp-content\/uploads\/2025\/07\/Carro-300725-768x512.jpg",640,427,true],"large":["https:\/\/noticiasbahia360.com.br\/wp-content\/uploads\/2025\/07\/Carro-300725-1024x683.jpg",640,427,true],"1536x1536":["https:\/\/noticiasbahia360.com.br\/wp-content\/uploads\/2025\/07\/Carro-300725.jpg",1200,800,false],"2048x2048":["https:\/\/noticiasbahia360.com.br\/wp-content\/uploads\/2025\/07\/Carro-300725.jpg",1200,800,false],"chromenews-featured":["https:\/\/noticiasbahia360.com.br\/wp-content\/uploads\/2025\/07\/Carro-300725-1024x683.jpg",1024,683,true],"chromenews-large":["https:\/\/noticiasbahia360.com.br\/wp-content\/uploads\/2025\/07\/Carro-300725-825x575.jpg",825,575,true],"chromenews-medium":["https:\/\/noticiasbahia360.com.br\/wp-content\/uploads\/2025\/07\/Carro-300725-590x410.jpg",590,410,true]},"author_info":{"display_name":"noticiasbahia360.com.br","author_link":"https:\/\/noticiasbahia360.com.br\/?author=1"},"category_info":"<a href=\"https:\/\/noticiasbahia360.com.br\/?cat=8\" rel=\"category\">Bahia<\/a> <a href=\"https:\/\/noticiasbahia360.com.br\/?cat=9\" rel=\"category\">Brasil<\/a> <a href=\"https:\/\/noticiasbahia360.com.br\/?cat=6\" rel=\"category\">Feira de Santana<\/a> <a href=\"https:\/\/noticiasbahia360.com.br\/?cat=57\" rel=\"category\">Mundo<\/a> <a href=\"https:\/\/noticiasbahia360.com.br\/?cat=56\" rel=\"category\">Pol\u00edcia<\/a> <a href=\"https:\/\/noticiasbahia360.com.br\/?cat=10\" rel=\"category\">Pol\u00edtica<\/a>","tag_info":"Pol\u00edtica","comment_count":"0","_links":{"self":[{"href":"https:\/\/noticiasbahia360.com.br\/index.php?rest_route=\/wp\/v2\/posts\/95207","targetHints":{"allow":["GET"]}}],"collection":[{"href":"https:\/\/noticiasbahia360.com.br\/index.php?rest_route=\/wp\/v2\/posts"}],"about":[{"href":"https:\/\/noticiasbahia360.com.br\/index.php?rest_route=\/wp\/v2\/types\/post"}],"author":[{"embeddable":true,"href":"https:\/\/noticiasbahia360.com.br\/index.php?rest_route=\/wp\/v2\/users\/1"}],"replies":[{"embeddable":true,"href":"https:\/\/noticiasbahia360.com.br\/index.php?rest_route=%2Fwp%2Fv2%2Fcomments&post=95207"}],"version-history":[{"count":0,"href":"https:\/\/noticiasbahia360.com.br\/index.php?rest_route=\/wp\/v2\/posts\/95207\/revisions"}],"wp:featuredmedia":[{"embeddable":true,"href":"https:\/\/noticiasbahia360.com.br\/index.php?rest_route=\/wp\/v2\/media\/95208"}],"wp:attachment":[{"href":"https:\/\/noticiasbahia360.com.br\/index.php?rest_route=%2Fwp%2Fv2%2Fmedia&parent=95207"}],"wp:term":[{"taxonomy":"category","embeddable":true,"href":"https:\/\/noticiasbahia360.com.br\/index.php?rest_route=%2Fwp%2Fv2%2Fcategories&post=95207"},{"taxonomy":"post_tag","embeddable":true,"href":"https:\/\/noticiasbahia360.com.br\/index.php?rest_route=%2Fwp%2Fv2%2Ftags&post=95207"}],"curies":[{"name":"wp","href":"https:\/\/api.w.org\/{rel}","templated":true}]}}