{"id":95209,"date":"2025-07-30T16:20:33","date_gmt":"2025-07-30T19:20:33","guid":{"rendered":"https:\/\/noticiasbahia360.com.br\/?p=95209"},"modified":"2025-07-30T16:20:33","modified_gmt":"2025-07-30T19:20:33","slug":"homem-que-agrediu-ex-companheira-tem-liberdade-concedida-devido-a-superlotacao-de-presidio","status":"publish","type":"post","link":"https:\/\/noticiasbahia360.com.br\/?p=95209","title":{"rendered":"Homem que agrediu ex-companheira tem liberdade concedida devido \u00e0 superlota\u00e7\u00e3o de pres\u00eddio"},"content":{"rendered":"<div>\n<div>\n<figure><img decoding=\"async\" src=\"http:\/\/noticiasbahia360.com.br\/wp-content\/uploads\/2025\/07\/Conjunto-Penal-de-Brumado.webp\" alt=\"Conjunto Penal de Brumado\"><figcaption>Foto: Lay Amorim\/Achei Sudoeste<\/figcaption><\/figure>\n<\/div>\n<p>Devido \u00e0 superlota\u00e7\u00e3o no Conjunto Penal de Brumado, um homem de 27 anos obteve a concess\u00e3o de liberdade provis\u00f3ria. O detento foi preso em flagrante no domingo (27), ap\u00f3s agredir e amea\u00e7ar a ex-companheira, de 23 anos, na frente dos filhos menores, no Bairro Dr. Juracy, em Brumado. O crime aconteceu na casa da v\u00edtima, que imediatamente acionou o 24\u00ba Batalh\u00e3o de Pol\u00edcia Militar.<\/p>\n<p>Segundo o site Achei Sudoeste, parceiro do Acorda Cidade, ap\u00f3s ser detido no local, o suspeito foi apresentado \u00e0 justi\u00e7a em audi\u00eancia de cust\u00f3dia realizada na segunda-feira (28). Durante a reuni\u00e3o, a decis\u00e3o de conceder a liberdade foi tomada, levando em considera\u00e7\u00e3o a superlota\u00e7\u00e3o da unidade prisional de Brumado.<\/p>\n<p>O agressor possui hist\u00f3rico de envolvimento em crimes como tentativa de homic\u00eddio, associa\u00e7\u00e3o criminosa e porte ilegal de arma de fogo. Apesar disso, o juiz determinou que ele deve se apresentar \u00e0 Justi\u00e7a a cada dois meses e manter uma dist\u00e2ncia m\u00ednima de 300 metros da v\u00edtima.<\/p>\n<p>O Conjunto Penal de Brumado tem capacidade de comportar 465 presos, mais possui atualmente mais de 720 internos.<\/p>\n<p><em>Siga o Acorda Cidade no<\/em><a href=\"https:\/\/news.google.com\/search?q=acorda%20cidade&amp;hl=pt-BR&amp;gl=BR&amp;ceid=BR%3Apt-419\"><strong><em>\u00a0Google Not\u00edcias<\/em><\/strong><\/a><em>\u00a0e receba os principais destaques do dia. Participe tamb\u00e9m dos nossos canais no\u00a0<\/em><a href=\"https:\/\/www.whatsapp.com\/channel\/0029Va6Rb4v3WHTNnsh8WI3N\"><strong><em>WhatsApp<\/em><\/strong><\/a><em>\u00a0e\u00a0<\/em><a href=\"https:\/\/www.youtube.com\/@acordacidadenoticias\/videos\"><strong>Youtube<\/strong><\/a><em>\u00a0e grupo de\u00a0<\/em><a href=\"https:\/\/t.me\/+sSz0khrgARA0ZmRh\"><strong><em>Telegram<\/em><\/strong><\/a><em>.<\/em><\/p>\n<\/div>\n","protected":false},"excerpt":{"rendered":"<div>\n<div>\n<figure><img decoding=\"async\" src=\"https:\/\/uploads.acordacidade.com.br\/2025\/07\/Conjunto-Penal-de-Brumado.webp\" alt=\"Conjunto Penal de Brumado\"><figcaption>Foto: Lay Amorim\/Achei Sudoeste<\/figcaption><\/figure>\n<\/div>\n<p>O agressor possui ainda hist\u00f3rico de envolvimento em crimes como tentativa de homic\u00eddio, associa\u00e7\u00e3o criminosa e porte ilegal de arma de fogo.<\/p><\/div>\n","protected":false},"author":1,"featured_media":95210,"comment_status":"closed","ping_status":"closed","sticky":false,"template":"","format":"gallery","meta":{"footnotes":""},"categories":[8,9,6,57,56,10],"tags":[],"class_list":["post-95209","post","type-post","status-publish","format-gallery","has-post-thumbnail","hentry","category-bahia","category-brasil","category-feira-de-santana","category-mundo","category-policia","category-politica","post_format-post-format-gallery"],"featured_image_urls":{"full":["https:\/\/noticiasbahia360.com.br\/wp-content\/uploads\/2025\/07\/Conjunto-Penal-de-Brumado.webp",1200,800,false],"thumbnail":["https:\/\/noticiasbahia360.com.br\/wp-content\/uploads\/2025\/07\/Conjunto-Penal-de-Brumado-150x150.webp",150,150,true],"medium":["https:\/\/noticiasbahia360.com.br\/wp-content\/uploads\/2025\/07\/Conjunto-Penal-de-Brumado-300x200.webp",300,200,true],"medium_large":["https:\/\/noticiasbahia360.com.br\/wp-content\/uploads\/2025\/07\/Conjunto-Penal-de-Brumado-768x512.webp",640,427,true],"large":["https:\/\/noticiasbahia360.com.br\/wp-content\/uploads\/2025\/07\/Conjunto-Penal-de-Brumado-1024x683.webp",640,427,true],"1536x1536":["https:\/\/noticiasbahia360.com.br\/wp-content\/uploads\/2025\/07\/Conjunto-Penal-de-Brumado.webp",1200,800,false],"2048x2048":["https:\/\/noticiasbahia360.com.br\/wp-content\/uploads\/2025\/07\/Conjunto-Penal-de-Brumado.webp",1200,800,false],"chromenews-featured":["https:\/\/noticiasbahia360.com.br\/wp-content\/uploads\/2025\/07\/Conjunto-Penal-de-Brumado-1024x683.webp",1024,683,true],"chromenews-large":["https:\/\/noticiasbahia360.com.br\/wp-content\/uploads\/2025\/07\/Conjunto-Penal-de-Brumado-825x575.webp",825,575,true],"chromenews-medium":["https:\/\/noticiasbahia360.com.br\/wp-content\/uploads\/2025\/07\/Conjunto-Penal-de-Brumado-590x410.webp",590,410,true]},"author_info":{"display_name":"noticiasbahia360.com.br","author_link":"https:\/\/noticiasbahia360.com.br\/?author=1"},"category_info":"<a href=\"https:\/\/noticiasbahia360.com.br\/?cat=8\" rel=\"category\">Bahia<\/a> <a href=\"https:\/\/noticiasbahia360.com.br\/?cat=9\" rel=\"category\">Brasil<\/a> <a href=\"https:\/\/noticiasbahia360.com.br\/?cat=6\" rel=\"category\">Feira de Santana<\/a> <a href=\"https:\/\/noticiasbahia360.com.br\/?cat=57\" rel=\"category\">Mundo<\/a> <a href=\"https:\/\/noticiasbahia360.com.br\/?cat=56\" rel=\"category\">Pol\u00edcia<\/a> <a href=\"https:\/\/noticiasbahia360.com.br\/?cat=10\" rel=\"category\">Pol\u00edtica<\/a>","tag_info":"Pol\u00edtica","comment_count":"0","_links":{"self":[{"href":"https:\/\/noticiasbahia360.com.br\/index.php?rest_route=\/wp\/v2\/posts\/95209","targetHints":{"allow":["GET"]}}],"collection":[{"href":"https:\/\/noticiasbahia360.com.br\/index.php?rest_route=\/wp\/v2\/posts"}],"about":[{"href":"https:\/\/noticiasbahia360.com.br\/index.php?rest_route=\/wp\/v2\/types\/post"}],"author":[{"embeddable":true,"href":"https:\/\/noticiasbahia360.com.br\/index.php?rest_route=\/wp\/v2\/users\/1"}],"replies":[{"embeddable":true,"href":"https:\/\/noticiasbahia360.com.br\/index.php?rest_route=%2Fwp%2Fv2%2Fcomments&post=95209"}],"version-history":[{"count":0,"href":"https:\/\/noticiasbahia360.com.br\/index.php?rest_route=\/wp\/v2\/posts\/95209\/revisions"}],"wp:featuredmedia":[{"embeddable":true,"href":"https:\/\/noticiasbahia360.com.br\/index.php?rest_route=\/wp\/v2\/media\/95210"}],"wp:attachment":[{"href":"https:\/\/noticiasbahia360.com.br\/index.php?rest_route=%2Fwp%2Fv2%2Fmedia&parent=95209"}],"wp:term":[{"taxonomy":"category","embeddable":true,"href":"https:\/\/noticiasbahia360.com.br\/index.php?rest_route=%2Fwp%2Fv2%2Fcategories&post=95209"},{"taxonomy":"post_tag","embeddable":true,"href":"https:\/\/noticiasbahia360.com.br\/index.php?rest_route=%2Fwp%2Fv2%2Ftags&post=95209"}],"curies":[{"name":"wp","href":"https:\/\/api.w.org\/{rel}","templated":true}]}}