{"id":95211,"date":"2025-07-30T16:30:35","date_gmt":"2025-07-30T19:30:35","guid":{"rendered":"https:\/\/noticiasbahia360.com.br\/?p=95211"},"modified":"2025-07-30T16:30:35","modified_gmt":"2025-07-30T19:30:35","slug":"policia-civil-fecha-o-mes-de-julho-com-quase-r-15-milhao-em-bens-recuperados-em-feira-de-santana","status":"publish","type":"post","link":"https:\/\/noticiasbahia360.com.br\/?p=95211","title":{"rendered":"Pol\u00edcia Civil fecha o m\u00eas de julho com quase R$ 1,5 milh\u00e3o em bens recuperados em Feira de Santana"},"content":{"rendered":"<div>\n<div>\n<figure><img decoding=\"async\" src=\"http:\/\/noticiasbahia360.com.br\/wp-content\/uploads\/2025\/07\/bens-recuperados-feira-de-santana-foto-divulgacao-.jpg\" alt=\"\"><figcaption>Foto: Divulga\u00e7\u00e3o <\/figcaption><\/figure>\n<\/div>\n<p>A Pol\u00edcia Civil da Bahia, por meio da Delegacia de Repress\u00e3o a Furtos e Roubos de Feira de Santana unidade vinculada ao Departamento Especializado de Investiga\u00e7\u00f5es Criminais (DEIC) e 1\u00aa Coorpin recuperou, no m\u00eas de julho de 2025 veiculos e cargas com registro de furto ou roubo, totalizando um valor estimado de R$ 1.493.043,00 (um milh\u00e3o, quatrocentos e noventa e tr\u00eas mil e quarenta e tr\u00eas reais) em bens restitu\u00eddos.<\/p>\n<p>Ao longo do m\u00eas, a\u00e7\u00f5es da DRFR resultaram na recupera\u00e7\u00e3o de autom\u00f3veis de passeio, caminh\u00f5es, ve\u00edculos utilit\u00e1rios e um trator agr\u00edcola. Com base no valor de mercado (Tabela FIPE), os ve\u00edculos localizados somam o valor de R$ 1.393.043,00 (um milh\u00e3o, trezentos e noventa e tr\u00eas mil e quarenta e tr\u00eas reais).<\/p>\n<p>Al\u00e9m disso, foi apreendida uma grande carga de pneus, avaliada em R$ 100.000,00 (cem mil reais) tamb\u00e9m incorporada ao montante de bens recuperados no per\u00edodo.<\/p>\n<p>Ainda em julho, no contexto da Opera\u00e7\u00e3o Tio Patinhas, que desarticulou uma associa\u00e7\u00e3o criminosa envolvida em fraudes pela internet, foram apreendidos um Hyundai HB20 e uma Land Rover Evoque. Ambos os ve\u00edculos seguem custodiados e aguardam avalia\u00e7\u00e3o pericial para defini\u00e7\u00e3o de seu destino \u2014 e n\u00e3o est\u00e3o inclu\u00eddos no montante informado acima.<\/p>\n<p>Os n\u00fameros apresentados referem-se exclusivamente \u00e0s a\u00e7\u00f5es da DRFR, n\u00e3o contabilizando recupera\u00e7\u00f5es realizadas por outras unidades da Pol\u00edcia Civil em Feira de Santana. A maior parte dos bens j\u00e1 foi restitu\u00edda aos leg\u00edtimos propriet\u00e1rios, e os demais est\u00e3o em processo de devolu\u00e7\u00e3o.<\/p>\n<p><em>Siga o Acorda Cidade no<\/em><a href=\"https:\/\/news.google.com\/search?q=acorda%20cidade&amp;hl=pt-BR&amp;gl=BR&amp;ceid=BR%3Apt-419\"><strong><em>\u00a0Google Not\u00edcias<\/em><\/strong><\/a><em>\u00a0e receba os principais destaques do dia. Participe tamb\u00e9m dos nossos canais no\u00a0<\/em><a href=\"https:\/\/www.whatsapp.com\/channel\/0029Va6Rb4v3WHTNnsh8WI3N\"><strong><em>WhatsApp<\/em><\/strong><\/a><em>\u00a0e\u00a0<\/em><a href=\"https:\/\/www.youtube.com\/@acordacidadenoticias\/videos\"><strong>Youtube<\/strong><\/a><em>\u00a0e grupo de\u00a0<\/em><a href=\"https:\/\/t.me\/+sSz0khrgARA0ZmRh\"><strong><em>Telegram<\/em><\/strong><\/a><em>.<\/em><\/p>\n<\/p>\n<\/div>\n","protected":false},"excerpt":{"rendered":"<div>\n<div>\n<figure><img decoding=\"async\" src=\"https:\/\/uploads.acordacidade.com.br\/2025\/07\/bens-recuperados-feira-de-santana-foto-divulgacao-.jpg\" alt=\"\"><figcaption>Foto: Divulga\u00e7\u00e3o <\/figcaption><\/figure>\n<\/div>\n<p>Ao longo do m\u00eas, a\u00e7\u00f5es da DRFR resultaram na recupera\u00e7\u00e3o de autom\u00f3veis de passeio, caminh\u00f5es, ve\u00edculos utilit\u00e1rios e um trator agr\u00edcola.<\/p><\/div>\n","protected":false},"author":1,"featured_media":95212,"comment_status":"closed","ping_status":"closed","sticky":false,"template":"","format":"gallery","meta":{"footnotes":""},"categories":[8,9,6,57,56,10],"tags":[],"class_list":["post-95211","post","type-post","status-publish","format-gallery","has-post-thumbnail","hentry","category-bahia","category-brasil","category-feira-de-santana","category-mundo","category-policia","category-politica","post_format-post-format-gallery"],"featured_image_urls":{"full":["https:\/\/noticiasbahia360.com.br\/wp-content\/uploads\/2025\/07\/bens-recuperados-feira-de-santana-foto-divulgacao-.jpg",1200,675,false],"thumbnail":["https:\/\/noticiasbahia360.com.br\/wp-content\/uploads\/2025\/07\/bens-recuperados-feira-de-santana-foto-divulgacao--150x150.jpg",150,150,true],"medium":["https:\/\/noticiasbahia360.com.br\/wp-content\/uploads\/2025\/07\/bens-recuperados-feira-de-santana-foto-divulgacao--300x169.jpg",300,169,true],"medium_large":["https:\/\/noticiasbahia360.com.br\/wp-content\/uploads\/2025\/07\/bens-recuperados-feira-de-santana-foto-divulgacao--768x432.jpg",640,360,true],"large":["https:\/\/noticiasbahia360.com.br\/wp-content\/uploads\/2025\/07\/bens-recuperados-feira-de-santana-foto-divulgacao--1024x576.jpg",640,360,true],"1536x1536":["https:\/\/noticiasbahia360.com.br\/wp-content\/uploads\/2025\/07\/bens-recuperados-feira-de-santana-foto-divulgacao-.jpg",1200,675,false],"2048x2048":["https:\/\/noticiasbahia360.com.br\/wp-content\/uploads\/2025\/07\/bens-recuperados-feira-de-santana-foto-divulgacao-.jpg",1200,675,false],"chromenews-featured":["https:\/\/noticiasbahia360.com.br\/wp-content\/uploads\/2025\/07\/bens-recuperados-feira-de-santana-foto-divulgacao--1024x576.jpg",1024,576,true],"chromenews-large":["https:\/\/noticiasbahia360.com.br\/wp-content\/uploads\/2025\/07\/bens-recuperados-feira-de-santana-foto-divulgacao--825x575.jpg",825,575,true],"chromenews-medium":["https:\/\/noticiasbahia360.com.br\/wp-content\/uploads\/2025\/07\/bens-recuperados-feira-de-santana-foto-divulgacao--590x410.jpg",590,410,true]},"author_info":{"display_name":"noticiasbahia360.com.br","author_link":"https:\/\/noticiasbahia360.com.br\/?author=1"},"category_info":"<a href=\"https:\/\/noticiasbahia360.com.br\/?cat=8\" rel=\"category\">Bahia<\/a> <a href=\"https:\/\/noticiasbahia360.com.br\/?cat=9\" rel=\"category\">Brasil<\/a> <a href=\"https:\/\/noticiasbahia360.com.br\/?cat=6\" rel=\"category\">Feira de Santana<\/a> <a href=\"https:\/\/noticiasbahia360.com.br\/?cat=57\" rel=\"category\">Mundo<\/a> <a href=\"https:\/\/noticiasbahia360.com.br\/?cat=56\" rel=\"category\">Pol\u00edcia<\/a> <a href=\"https:\/\/noticiasbahia360.com.br\/?cat=10\" rel=\"category\">Pol\u00edtica<\/a>","tag_info":"Pol\u00edtica","comment_count":"0","_links":{"self":[{"href":"https:\/\/noticiasbahia360.com.br\/index.php?rest_route=\/wp\/v2\/posts\/95211","targetHints":{"allow":["GET"]}}],"collection":[{"href":"https:\/\/noticiasbahia360.com.br\/index.php?rest_route=\/wp\/v2\/posts"}],"about":[{"href":"https:\/\/noticiasbahia360.com.br\/index.php?rest_route=\/wp\/v2\/types\/post"}],"author":[{"embeddable":true,"href":"https:\/\/noticiasbahia360.com.br\/index.php?rest_route=\/wp\/v2\/users\/1"}],"replies":[{"embeddable":true,"href":"https:\/\/noticiasbahia360.com.br\/index.php?rest_route=%2Fwp%2Fv2%2Fcomments&post=95211"}],"version-history":[{"count":0,"href":"https:\/\/noticiasbahia360.com.br\/index.php?rest_route=\/wp\/v2\/posts\/95211\/revisions"}],"wp:featuredmedia":[{"embeddable":true,"href":"https:\/\/noticiasbahia360.com.br\/index.php?rest_route=\/wp\/v2\/media\/95212"}],"wp:attachment":[{"href":"https:\/\/noticiasbahia360.com.br\/index.php?rest_route=%2Fwp%2Fv2%2Fmedia&parent=95211"}],"wp:term":[{"taxonomy":"category","embeddable":true,"href":"https:\/\/noticiasbahia360.com.br\/index.php?rest_route=%2Fwp%2Fv2%2Fcategories&post=95211"},{"taxonomy":"post_tag","embeddable":true,"href":"https:\/\/noticiasbahia360.com.br\/index.php?rest_route=%2Fwp%2Fv2%2Ftags&post=95211"}],"curies":[{"name":"wp","href":"https:\/\/api.w.org\/{rel}","templated":true}]}}