{"id":95213,"date":"2025-07-30T16:39:41","date_gmt":"2025-07-30T19:39:41","guid":{"rendered":"https:\/\/noticiasbahia360.com.br\/?p=95213"},"modified":"2025-07-30T16:39:41","modified_gmt":"2025-07-30T19:39:41","slug":"trump-assina-decreto-que-impoe-tarifa-de-50-ao-brasil","status":"publish","type":"post","link":"https:\/\/noticiasbahia360.com.br\/?p=95213","title":{"rendered":"Trump assina decreto que imp\u00f5e tarifa de 50% ao Brasil"},"content":{"rendered":"<div>\n<div>\n<figure><img decoding=\"async\" src=\"http:\/\/noticiasbahia360.com.br\/wp-content\/uploads\/2025\/07\/mnsL2oOH-Trump-Foto-Reproducao-Globo-News-4.png\" alt=\"Trump presidente dos EUA\"><figcaption>Foto:  Reprodu\u00e7\u00e3o\/Globo News <\/figcaption><\/figure>\n<\/div>\n<p>O presidente dos Estados Unidos, Donald Trump, assinou nesta quarta-feira (30) um decreto que imp\u00f5e uma tarifa adicional de 40% sobre produtos brasileiros, elevando o total para 50%.<\/p>\n<p>A medida oficializa o percentual mencionado pelo republicano\u00a0em carta enviada ao presidente Lula neste m\u00eas, e tamb\u00e9m define uma\u00a0longa lista de exce\u00e7\u00f5es, como artigos de aeronaves civis, ve\u00edculos e pe\u00e7as, fertilizantes e produtos energ\u00e9ticos.<\/p>\n<p>Segundo a Casa Branca, a medida entra em vigor no pr\u00f3ximo dia 6 de agosto e foi adotada em resposta a a\u00e7\u00f5es do governo brasileiro que representariam uma\u00a0<strong>\u201camea\u00e7a incomum e extraordin\u00e1ria \u00e0 seguran\u00e7a nacional, \u00e0 pol\u00edtica externa e \u00e0 economia dos EUA\u201d<\/strong>.\u00a0<\/p>\n<p>O comunicado afirma que a ordem executiva foi motivada por a\u00e7\u00f5es que\u00a0<strong>\u201cprejudicam empresas americanas, os direitos de liberdade de express\u00e3o de cidad\u00e3os americanos\u201d<\/strong>, al\u00e9m de afetar a pol\u00edtica externa e a economia do pa\u00eds.<\/p>\n<p>A Casa Branca cita \u201cpersegui\u00e7\u00e3o pol\u00edtica, intimida\u00e7\u00e3o, ass\u00e9dio, censura e processos judiciais\u201d contra o ex-presidente Jair Bolsonaro e seus apoiadores, classificando essas a\u00e7\u00f5es como \u201cgraves abusos de direitos humanos\u201d e um enfraquecimento do Estado de Direito no Brasil.<\/p>\n<p>O ministro Alexandre de Moraes, do Supremo Tribunal Federal, \u00e9 citado no texto como respons\u00e1vel por \u201camea\u00e7ar, perseguir e intimidar milhares de seus opositores pol\u00edticos, proteger aliados corruptos e suprimir dissid\u00eancias, frequentemente em coordena\u00e7\u00e3o com outros membros do STF\u201d.<\/p>\n<p>\u201cQuando empresas americanas se recusaram a cumprir essas ordens, ele imp\u00f4s multas substanciais, ordenou a exclus\u00e3o dessas empresas do mercado de redes sociais no Brasil, amea\u00e7ou seus executivos com processos criminais e, em um caso, congelou os ativos de uma empresa americana no Brasil para for\u00e7ar o cumprimento\u201d, diz o comunicado.<\/p>\n<p>Al\u00e9m disso, a Casa Branca tamb\u00e9m cita o caso do blogueiro Paulo Figueiredo, residente nos EUA e alvo de processo criminal no Brasil por declara\u00e7\u00f5es feitas em territ\u00f3rio americano, como exemplo de viola\u00e7\u00e3o \u00e0 liberdade de express\u00e3o.<\/p>\n<p>\u201cO presidente Trump est\u00e1 defendendo empresas americanas contra extors\u00e3o, protegendo cidad\u00e3os americanos contra persegui\u00e7\u00e3o pol\u00edtica, salvaguardando a liberdade de express\u00e3o americana contra censura e protegendo a economia americana de ser sujeita a decretos arbitr\u00e1rios de um juiz estrangeiro tir\u00e2nico\u201d, afirma a Casa Branca.<\/p>\n<p>Al\u00e9m das tarifas, o comunicado justifica\u00a0o bloqueio de vistos de ministros do Supremo Tribunal Federal, por serem considerados respons\u00e1veis por\u00a0<strong>\u201ccensurar a liberdade de express\u00e3o protegida nos EUA\u201d<\/strong>.<\/p>\n<ul class=\"wp-block-list\">\n<li><strong>No dia 18, os EUA revogaram os vistos americanos dos ministros<\/strong>\u00a0Alexandre de Moraes, Luis Roberto Barroso, Edson Fachin, Dias Toffoli, Cristiano Zanin, Flavio Dino, C\u00e1rmen L\u00facia e Gilmar Mendes.<\/li>\n<li><strong>O procurador-geral da Rep\u00fablica<\/strong>, Paulo Gonet, tamb\u00e9m foi sancionado.<\/li>\n<li><strong>Ficaram fora da lista os ministros\u00a0<\/strong>Andr\u00e9 Mendon\u00e7a, Nunes Marques e Luiz Fux.<\/li>\n<\/ul>\n<p>Segundo a Casa Branca, preservar e proteger os direitos de liberdade de express\u00e3o de todos os americanos e defender empresas americanas contra \u201ccensura for\u00e7ada\u201d continuar\u00e1 sendo prioridade na estrat\u00e9gia de pol\u00edtica externa de Trump.<\/p>\n<p>\u201cO presidente Trump ordenou ao secret\u00e1rio Rubio que revogasse os vistos pertencentes ao ministro Moraes, seus aliados no Tribunal e seus familiares imediatos por seu papel em permitir as viola\u00e7\u00f5es de direitos humanos contra brasileiros e viola\u00e7\u00f5es de liberdade de express\u00e3o contra americanos\u201d, diz o texto.<\/p>\n<h2 class=\"wp-block-heading\" id=\"h-negociacoes-travadas\">Negocia\u00e7\u00f5es travadas<\/h2>\n<p>Nas \u00faltimas semanas, o Brasil tentou avan\u00e7os nas negocia\u00e7\u00f5es com os EUA para evitar a tarifa de 50%.\u00a0O vice-presidente, Geraldo Alckmin, e o ministro da Fazenda, Fernando Haddad, voltaram a dizer que o governo segue tentando di\u00e1logo, mas j\u00e1 iniciou a elabora\u00e7\u00e3o de um plano de conting\u00eancia.<\/p>\n<p>Segundo o\u00a0blog do Gerson Camarotti, interlocutores do governo afirmaram que Lula est\u00e1 disposto a telefonar para Trump para tratar do tema, caso haja abertura para o di\u00e1logo.<\/p>\n<p>Na semana passada, o presidente criticou a falta de disposi\u00e7\u00e3o de Trump para discutir a tarifa de 50%, afirmando que o republicano \u201cn\u00e3o quer conversar\u201d.\u00a0Como mostrou o\u00a0g1\u00a0no s\u00e1bado, especialistas afirmam que os canais de comunica\u00e7\u00e3o entre Brasil e EUA, de fato, n\u00e3o s\u00e3o eficazes.<\/p>\n<p>Fonte: g1<\/p>\n<p><em>Siga o Acorda Cidade no<\/em><a href=\"https:\/\/news.google.com\/search?q=acorda%20cidade&amp;hl=pt-BR&amp;gl=BR&amp;ceid=BR%3Apt-419\"><strong><em>\u00a0Google Not\u00edcias<\/em><\/strong><\/a><em>\u00a0e receba os principais destaques do dia. Participe tamb\u00e9m dos nossos canais no\u00a0<\/em><a href=\"https:\/\/www.whatsapp.com\/channel\/0029Va6Rb4v3WHTNnsh8WI3N\"><strong><em>WhatsApp<\/em><\/strong><\/a><em>\u00a0e\u00a0<\/em><a href=\"https:\/\/www.youtube.com\/@acordacidadenoticias\/videos\"><strong>Youtube<\/strong><\/a><em>\u00a0e grupo de\u00a0<\/em><a href=\"https:\/\/t.me\/+sSz0khrgARA0ZmRh\"><strong><em>Telegram<\/em><\/strong><\/a><em>.<\/em><\/p>\n<\/div>\n","protected":false},"excerpt":{"rendered":"<div>\n<div>\n<figure><img decoding=\"async\" src=\"https:\/\/uploads.acordacidade.com.br\/2025\/01\/mnsL2oOH-Trump-Foto-Reproducao-Globo-News.png\" alt=\"Trump presidente dos EUA\"><figcaption>Foto:  Reprodu\u00e7\u00e3o\/Globo News <\/figcaption><\/figure>\n<\/div>\n<p>A medida oficializa o percentual mencionado pelo republicano\u00a0em carta enviada ao presidente Lula neste m\u00eas.<\/p><\/div>\n","protected":false},"author":1,"featured_media":95214,"comment_status":"closed","ping_status":"closed","sticky":false,"template":"","format":"gallery","meta":{"footnotes":""},"categories":[8,9,6,57,56,10],"tags":[],"class_list":["post-95213","post","type-post","status-publish","format-gallery","has-post-thumbnail","hentry","category-bahia","category-brasil","category-feira-de-santana","category-mundo","category-policia","category-politica","post_format-post-format-gallery"],"featured_image_urls":{"full":["https:\/\/noticiasbahia360.com.br\/wp-content\/uploads\/2025\/07\/mnsL2oOH-Trump-Foto-Reproducao-Globo-News-4.png",405,244,false],"thumbnail":["https:\/\/noticiasbahia360.com.br\/wp-content\/uploads\/2025\/07\/mnsL2oOH-Trump-Foto-Reproducao-Globo-News-4-150x150.png",150,150,true],"medium":["https:\/\/noticiasbahia360.com.br\/wp-content\/uploads\/2025\/07\/mnsL2oOH-Trump-Foto-Reproducao-Globo-News-4-300x181.png",300,181,true],"medium_large":["https:\/\/noticiasbahia360.com.br\/wp-content\/uploads\/2025\/07\/mnsL2oOH-Trump-Foto-Reproducao-Globo-News-4.png",405,244,false],"large":["https:\/\/noticiasbahia360.com.br\/wp-content\/uploads\/2025\/07\/mnsL2oOH-Trump-Foto-Reproducao-Globo-News-4.png",405,244,false],"1536x1536":["https:\/\/noticiasbahia360.com.br\/wp-content\/uploads\/2025\/07\/mnsL2oOH-Trump-Foto-Reproducao-Globo-News-4.png",405,244,false],"2048x2048":["https:\/\/noticiasbahia360.com.br\/wp-content\/uploads\/2025\/07\/mnsL2oOH-Trump-Foto-Reproducao-Globo-News-4.png",405,244,false],"chromenews-featured":["https:\/\/noticiasbahia360.com.br\/wp-content\/uploads\/2025\/07\/mnsL2oOH-Trump-Foto-Reproducao-Globo-News-4.png",405,244,false],"chromenews-large":["https:\/\/noticiasbahia360.com.br\/wp-content\/uploads\/2025\/07\/mnsL2oOH-Trump-Foto-Reproducao-Globo-News-4.png",405,244,false],"chromenews-medium":["https:\/\/noticiasbahia360.com.br\/wp-content\/uploads\/2025\/07\/mnsL2oOH-Trump-Foto-Reproducao-Globo-News-4.png",405,244,false]},"author_info":{"display_name":"noticiasbahia360.com.br","author_link":"https:\/\/noticiasbahia360.com.br\/?author=1"},"category_info":"<a href=\"https:\/\/noticiasbahia360.com.br\/?cat=8\" rel=\"category\">Bahia<\/a> <a href=\"https:\/\/noticiasbahia360.com.br\/?cat=9\" rel=\"category\">Brasil<\/a> <a href=\"https:\/\/noticiasbahia360.com.br\/?cat=6\" rel=\"category\">Feira de Santana<\/a> <a href=\"https:\/\/noticiasbahia360.com.br\/?cat=57\" rel=\"category\">Mundo<\/a> <a href=\"https:\/\/noticiasbahia360.com.br\/?cat=56\" rel=\"category\">Pol\u00edcia<\/a> <a href=\"https:\/\/noticiasbahia360.com.br\/?cat=10\" rel=\"category\">Pol\u00edtica<\/a>","tag_info":"Pol\u00edtica","comment_count":"0","_links":{"self":[{"href":"https:\/\/noticiasbahia360.com.br\/index.php?rest_route=\/wp\/v2\/posts\/95213","targetHints":{"allow":["GET"]}}],"collection":[{"href":"https:\/\/noticiasbahia360.com.br\/index.php?rest_route=\/wp\/v2\/posts"}],"about":[{"href":"https:\/\/noticiasbahia360.com.br\/index.php?rest_route=\/wp\/v2\/types\/post"}],"author":[{"embeddable":true,"href":"https:\/\/noticiasbahia360.com.br\/index.php?rest_route=\/wp\/v2\/users\/1"}],"replies":[{"embeddable":true,"href":"https:\/\/noticiasbahia360.com.br\/index.php?rest_route=%2Fwp%2Fv2%2Fcomments&post=95213"}],"version-history":[{"count":0,"href":"https:\/\/noticiasbahia360.com.br\/index.php?rest_route=\/wp\/v2\/posts\/95213\/revisions"}],"wp:featuredmedia":[{"embeddable":true,"href":"https:\/\/noticiasbahia360.com.br\/index.php?rest_route=\/wp\/v2\/media\/95214"}],"wp:attachment":[{"href":"https:\/\/noticiasbahia360.com.br\/index.php?rest_route=%2Fwp%2Fv2%2Fmedia&parent=95213"}],"wp:term":[{"taxonomy":"category","embeddable":true,"href":"https:\/\/noticiasbahia360.com.br\/index.php?rest_route=%2Fwp%2Fv2%2Fcategories&post=95213"},{"taxonomy":"post_tag","embeddable":true,"href":"https:\/\/noticiasbahia360.com.br\/index.php?rest_route=%2Fwp%2Fv2%2Ftags&post=95213"}],"curies":[{"name":"wp","href":"https:\/\/api.w.org\/{rel}","templated":true}]}} 