{"id":95215,"date":"2025-07-30T17:27:38","date_gmt":"2025-07-30T20:27:38","guid":{"rendered":"https:\/\/noticiasbahia360.com.br\/?p=95215"},"modified":"2025-07-30T17:27:38","modified_gmt":"2025-07-30T20:27:38","slug":"eua-aplicam-sancao-contra-alexandre-de-moraes-por-acao-do-8-de-janeiro","status":"publish","type":"post","link":"https:\/\/noticiasbahia360.com.br\/?p=95215","title":{"rendered":"EUA aplicam san\u00e7\u00e3o contra Alexandre de Moraes por a\u00e7\u00e3o do 8 de janeiro"},"content":{"rendered":"<div>\n<div>\n<figure><img decoding=\"async\" src=\"http:\/\/noticiasbahia360.com.br\/wp-content\/uploads\/2025\/07\/Alexandre-de-Moraes-1-1.webp\" alt=\"Ministro Alexandre de Moraes\"><figcaption>Alexandre de Moraes | Foto: Valter Campanato\/Ag\u00eancia Brasil<\/figcaption><\/figure>\n<\/div>\n<p>Ag\u00eancia Brasil \u2013 \u00c0s v\u00e9speras do in\u00edcio do tarifa\u00e7o contra o Brasil, o\u00a0<strong>Escrit\u00f3rio de Controle de Ativos Estrangeiros (OFAC) dos Estados Unidos (EUA) aplicou uma san\u00e7\u00e3o contra o ministro do Supremo Tribunal Federal (STF)\u00a0Alexandre de Moraes.<\/strong><img decoding=\"async\" src=\"https:\/\/agenciabrasil.ebc.com.br\/ebc.png?id=1652546&amp;o=node\"><img decoding=\"async\" src=\"https:\/\/agenciabrasil.ebc.com.br\/ebc.gif?id=1652546&amp;o=node\"><\/p>\n<p>O \u00f3rg\u00e3o do Departamento de Tesouro do pa\u00eds norte-americano acusa Moraes de violar a liberdade de express\u00e3o e autorizar \u201cpris\u00f5es arbitr\u00e1rias\u201d, citando o julgamento da tentativa de golpe de Estado e decis\u00f5es contra empresas de m\u00eddia social estadunidenses.<\/p>\n<p>\u201cMoraes \u00e9 respons\u00e1vel por uma campanha opressiva de censura, deten\u00e7\u00f5es arbitr\u00e1rias que violam os direitos humanos e processos politizados \u2013 inclusive contra o ex-presidente Jair Bolsonaro. A a\u00e7\u00e3o de hoje deixa claro que o Tesouro continuar\u00e1 a responsabilizar aqueles que amea\u00e7am os interesses dos EUA e as liberdades de nossos cidad\u00e3os\u201d,\u00a0disse\u00a0o Secret\u00e1rio do Tesouro, Scott Bessent. \u00a0<\/p>\n<h2 class=\"wp-block-heading\" id=\"h-versao\">Vers\u00e3o<\/h2>\n<p>O governo estadunidense repete a vers\u00e3o do ex-presidente Jair Bolsonaro, que afirma ser perseguido no processo em que \u00e9 acusado de liderar uma tentativa de golpe de Estado no Brasil.<\/p>\n<p><strong>Segundo a den\u00fancia, Bolsonaro pressionou comandantes militares para suspender o resultado da elei\u00e7\u00e3o presidencial de outubro de 2022, quando perdeu para o presidente Luiz In\u00e1cio Lula da Silva.<\/strong><\/p>\n<p>O OFAC acionou a\u00a0Lei Magnitsky, usada para punir supostos violadores de direitos humanos no exterior.\u00a0<strong>A medida bloqueia bens e empresas dos alvos da san\u00e7\u00e3o nos EUA.<\/strong><\/p>\n<p>Caso Moraes tenha empresas ou controle, com 50% ou mais, companhias nos EUA, elas ser\u00e3o bloqueadas.<\/p>\n<h2 class=\"wp-block-heading\" id=\"h-midias-sociais\">M\u00eddias sociais<\/h2>\n<p>Al\u00e9m do processo contra os golpistas de\u00a08 de janeiro de 2023, o escrit\u00f3rio do governo estadunidense cita como motiva\u00e7\u00e3o da san\u00e7\u00e3o as\u00a0decis\u00f5es que Moraes tomou contra m\u00eddias sociais estadunidenses\u00a0ligadas ao presidente Donald Trump.<\/p>\n<p>\u201cEle tamb\u00e9m emitiu ordens diretamente a empresas de m\u00eddia social dos EUA para bloquear ou remover centenas de contas, muitas vezes de seus cr\u00edticos e outros cr\u00edticos do governo brasileiro, incluindo cidad\u00e3os americanos\u201d, disse a OFAC.<\/p>\n<p>Em fevereiro deste ano,\u00a0Moraes mandou suspender a Rumble, rede social da Trump Media &amp; Tecnology Group (TMTG), dona tamb\u00e9m da Truth Social. A companhia foi suspensa por n\u00e3o apresentar representante legal no Brasil, uma exig\u00eancia da legisla\u00e7\u00e3o nacional.<\/p>\n<p>Em agosto de 2024,\u00a0Moraes suspendeu a plataforma X, tamb\u00e9m sediada nos EUA, por descumprir decis\u00f5es judiciais e n\u00e3o apresentar representante legal.<\/p>\n<h2 class=\"wp-block-heading\" id=\"h-liberdade-de-expressao\">Liberdade de express\u00e3o<\/h2>\n<p>O Departamento de Tesouro dos EUA acusa Moraes de violar a liberdade de express\u00e3o no Brasil e nos Estados Unidos. \u201cPor meio de suas a\u00e7\u00f5es como ministro do STF, Moraes minou os direitos de brasileiros e americanos \u00e0 liberdade de express\u00e3o.\u201d, comentou a OFAC.<\/p>\n<p>O \u00f3rg\u00e3o do governo Trump diz que o ministro\u00a0teria determinado \u201cpris\u00f5es preventivas sem acusa\u00e7\u00f5es\u201d; pris\u00e3o de um jornalista e usu\u00e1rios de m\u00eddia \u201cem retalia\u00e7\u00e3o por exercer liberdade de express\u00e3o\u201d. Por\u00e9m, a OFAC n\u00e3o especifica que casos foram esses.<\/p>\n<p>Analistas consultados pela<strong>\u00a0Ag\u00eancia Brasil\u00a0<\/strong>alertam que a extrema-direita, tanto no Brasil,\u00a0quanto nos Estados Unidos,\u00a0vem distorcendo a realidade\u00a0dos processos judiciais no Brasil para sustentar que o pa\u00eds vive um clima de censura e persegui\u00e7\u00e3o.<\/p>\n<p>\u201c[Essa estrat\u00e9gia] tem como objetivo tentar desmoralizar as investiga\u00e7\u00f5es de responsabiliza\u00e7\u00f5es contra os ataques ao Estado Democr\u00e1tico de Direito do Brasil com informa\u00e7\u00f5es incompletas e superficiais sobre a realidade brasileira\u201d, afirmou Pedro Kelson, do Programa de Democracia da Washington Brazil Office (WBO).<\/p>\n<h2 class=\"wp-block-heading\" id=\"h-democracia\">Democracia<\/h2>\n<p>A professora de direito constitucional da Universidade Estadual de Pernambuco (UPE) Fl\u00e1via Santiago\u00a0destacou\u00a0que n\u00e3o existe, em nenhuma democracia do mundo, uma liberdade de express\u00e3o ilimitada.<\/p>\n<p>\u201cPor atuar dentro do Brasil, a plataforma est\u00e1 sujeita \u00e0s leis e decis\u00f5es judiciais do pa\u00eds. Cada democracia estabelece os seus limites. A democracia brasileira tem limites e um deles \u00e9 n\u00e3o p\u00f4r em d\u00favida as pr\u00f3prias institui\u00e7\u00f5es democr\u00e1ticas. Isso faz parte da nossa proposta de democracia que est\u00e1 na Constitui\u00e7\u00e3o de 1988\u201d, explicou.<\/p>\n<p>Muitos dos perfis suspensos por Moraes est\u00e3o envolvidos nos inqu\u00e9ritos que apuram crimes como a aboli\u00e7\u00e3o violenta do Estado democr\u00e1tico de direito, que est\u00e1 tipificado na Lei 14.197 de 2021.<\/p>\n<p>\u201cNo Brasil, a \u2018liberdade de express\u00e3o\u2019 encontra limites na prote\u00e7\u00e3o de outros bens jur\u00eddicos individuais, como a honra; ou coletivos, como a seguran\u00e7a e o equil\u00edbrio eleitoral. Al\u00e9m disso, o Judici\u00e1rio brasileiro tem respaldo legal e independ\u00eancia judicial para determinar o bloqueio a perfis e postagens nas redes sociais\u201d, argumentou F\u00e1bio de S\u00e1 e Silva, pesquisador associado do WBO.<\/p>\n<p>Ainda segundo o especialista,\u00a0<strong>perfis ou postagens que sejam usadas para cometer crimes, como o incentivo a golpe de Estado, pedofilia ou explora\u00e7\u00e3o sexual de crian\u00e7as, podem ser derrubados de acordo com a lei brasileira.<\/strong><\/p>\n<p>Nos EUA, por exemplo, pode-se\u00a0fundar um partido nazista, que defenda\u00a0a superioridade racial. No Brasil, tanto o racismo quanto a defesa de uma ideologia nazista s\u00e3o crimes.<\/p>\n<p><em>Siga o Acorda Cidade no<\/em><a href=\"https:\/\/news.google.com\/search?q=acorda%20cidade&amp;hl=pt-BR&amp;gl=BR&amp;ceid=BR%3Apt-419\"><strong><em>\u00a0Google Not\u00edcias<\/em><\/strong><\/a><em>\u00a0e receba os principais destaques do dia. Participe tamb\u00e9m dos nossos canais no\u00a0<\/em><a href=\"https:\/\/www.whatsapp.com\/channel\/0029Va6Rb4v3WHTNnsh8WI3N\"><strong><em>WhatsApp<\/em><\/strong><\/a><em>\u00a0e\u00a0<\/em><a href=\"https:\/\/www.youtube.com\/@acordacidadenoticias\/videos\"><strong>Youtube<\/strong><\/a><em>\u00a0e grupo de\u00a0<\/em><a href=\"https:\/\/t.me\/+sSz0khrgARA0ZmRh\"><strong><em>Telegram<\/em><\/strong><\/a><em>.<\/em><\/p>\n<\/div>\n","protected":false},"excerpt":{"rendered":"<div>\n<div>\n<figure><img decoding=\"async\" src=\"https:\/\/uploads.acordacidade.com.br\/2025\/07\/Alexandre-de-Moraes-.webp\" alt=\"Ministro Alexandre de Moraes\"><figcaption>Alexandre de Moraes | Foto: Valter Campanato\/Ag\u00eancia Brasil<\/figcaption><\/figure>\n<\/div>\n<p>O \u00f3rg\u00e3o do Departamento de Tesouro do pa\u00eds norte-americano acusa Moraes de violar a liberdade de express\u00e3o e autorizar \u201cpris\u00f5es arbitr\u00e1rias\u201d<\/p><\/div>\n","protected":false},"author":1,"featured_media":95216,"comment_status":"closed","ping_status":"closed","sticky":false,"template":"","format":"gallery","meta":{"footnotes":""},"categories":[8,9,6,57,56,10],"tags":[],"class_list":["post-95215","post","type-post","status-publish","format-gallery","has-post-thumbnail","hentry","category-bahia","category-brasil","category-feira-de-santana","category-mundo","category-policia","category-politica","post_format-post-format-gallery"],"featured_image_urls":{"full":["https:\/\/noticiasbahia360.com.br\/wp-content\/uploads\/2025\/07\/Alexandre-de-Moraes-1-1.webp",1200,718,false],"thumbnail":["https:\/\/noticiasbahia360.com.br\/wp-content\/uploads\/2025\/07\/Alexandre-de-Moraes-1-1-150x150.webp",150,150,true],"medium":["https:\/\/noticiasbahia360.com.br\/wp-content\/uploads\/2025\/07\/Alexandre-de-Moraes-1-1-300x180.webp",300,180,true],"medium_large":["https:\/\/noticiasbahia360.com.br\/wp-content\/uploads\/2025\/07\/Alexandre-de-Moraes-1-1-768x460.webp",640,383,true],"large":["https:\/\/noticiasbahia360.com.br\/wp-content\/uploads\/2025\/07\/Alexandre-de-Moraes-1-1-1024x613.webp",640,383,true],"1536x1536":["https:\/\/noticiasbahia360.com.br\/wp-content\/uploads\/2025\/07\/Alexandre-de-Moraes-1-1.webp",1200,718,false],"2048x2048":["https:\/\/noticiasbahia360.com.br\/wp-content\/uploads\/2025\/07\/Alexandre-de-Moraes-1-1.webp",1200,718,false],"chromenews-featured":["https:\/\/noticiasbahia360.com.br\/wp-content\/uploads\/2025\/07\/Alexandre-de-Moraes-1-1-1024x613.webp",1024,613,true],"chromenews-large":["https:\/\/noticiasbahia360.com.br\/wp-content\/uploads\/2025\/07\/Alexandre-de-Moraes-1-1-825x575.webp",825,575,true],"chromenews-medium":["https:\/\/noticiasbahia360.com.br\/wp-content\/uploads\/2025\/07\/Alexandre-de-Moraes-1-1-590x410.webp",590,410,true]},"author_info":{"display_name":"noticiasbahia360.com.br","author_link":"https:\/\/noticiasbahia360.com.br\/?author=1"},"category_info":"<a href=\"https:\/\/noticiasbahia360.com.br\/?cat=8\" rel=\"category\">Bahia<\/a> <a href=\"https:\/\/noticiasbahia360.com.br\/?cat=9\" rel=\"category\">Brasil<\/a> <a href=\"https:\/\/noticiasbahia360.com.br\/?cat=6\" rel=\"category\">Feira de Santana<\/a> <a href=\"https:\/\/noticiasbahia360.com.br\/?cat=57\" rel=\"category\">Mundo<\/a> <a href=\"https:\/\/noticiasbahia360.com.br\/?cat=56\" rel=\"category\">Pol\u00edcia<\/a> <a href=\"https:\/\/noticiasbahia360.com.br\/?cat=10\" rel=\"category\">Pol\u00edtica<\/a>","tag_info":"Pol\u00edtica","comment_count":"0","_links":{"self":[{"href":"https:\/\/noticiasbahia360.com.br\/index.php?rest_route=\/wp\/v2\/posts\/95215","targetHints":{"allow":["GET"]}}],"collection":[{"href":"https:\/\/noticiasbahia360.com.br\/index.php?rest_route=\/wp\/v2\/posts"}],"about":[{"href":"https:\/\/noticiasbahia360.com.br\/index.php?rest_route=\/wp\/v2\/types\/post"}],"author":[{"embeddable":true,"href":"https:\/\/noticiasbahia360.com.br\/index.php?rest_route=\/wp\/v2\/users\/1"}],"replies":[{"embeddable":true,"href":"https:\/\/noticiasbahia360.com.br\/index.php?rest_route=%2Fwp%2Fv2%2Fcomments&post=95215"}],"version-history":[{"count":0,"href":"https:\/\/noticiasbahia360.com.br\/index.php?rest_route=\/wp\/v2\/posts\/95215\/revisions"}],"wp:featuredmedia":[{"embeddable":true,"href":"https:\/\/noticiasbahia360.com.br\/index.php?rest_route=\/wp\/v2\/media\/95216"}],"wp:attachment":[{"href":"https:\/\/noticiasbahia360.com.br\/index.php?rest_route=%2Fwp%2Fv2%2Fmedia&parent=95215"}],"wp:term":[{"taxonomy":"category","embeddable":true,"href":"https:\/\/noticiasbahia360.com.br\/index.php?rest_route=%2Fwp%2Fv2%2Fcategories&post=95215"},{"taxonomy":"post_tag","embeddable":true,"href":"https:\/\/noticiasbahia360.com.br\/index.php?rest_route=%2Fwp%2Fv2%2Ftags&post=95215"}],"curies":[{"name":"wp","href":"https:\/\/api.w.org\/{rel}","templated":true}]}}