{"id":95219,"date":"2025-07-30T17:27:47","date_gmt":"2025-07-30T20:27:47","guid":{"rendered":"https:\/\/noticiasbahia360.com.br\/?p=95219"},"modified":"2025-07-30T17:27:47","modified_gmt":"2025-07-30T20:27:47","slug":"familia-faz-apelo-para-conseguir-medicacao-e-alimentos-filha-tem-lesao-cerebral-e-mae-pode-parar-de-andar","status":"publish","type":"post","link":"https:\/\/noticiasbahia360.com.br\/?p=95219","title":{"rendered":"Fam\u00edlia faz apelo para conseguir medica\u00e7\u00e3o e alimentos; filha tem les\u00e3o cerebral e m\u00e3e pode parar de andar"},"content":{"rendered":"<div>\n<div>\n<figure><img decoding=\"async\" src=\"http:\/\/noticiasbahia360.com.br\/wp-content\/uploads\/2025\/07\/Dona-Eliene-de-Santa-barbara-e-a-filha-apelo.webp\" alt=\"filha tem les\u00e3o cerebral e m\u00e3e pode parar de andar\"><figcaption>Foto: Arquivo Pessoal <\/figcaption><\/figure>\n<\/div>\n<p>M\u00e3e e filha, da cidade de Santa B\u00e1rbara, buscaram o Acorda Cidade para pedir a solidariedade das pessoas. A m\u00e3e, Eliene Pereira de Souza, e a filha Em\u00edlia Pereira de Souza, precisam de ajuda, principalmente com medica\u00e7\u00e3o, alimenta\u00e7\u00e3o (leite Nutrem), utens\u00edlios de higiene (fraldas) e procedimentos de sa\u00fade que s\u00e3o urgentes.<\/p>\n<p>Eliene \u00e9 natural de Lamar\u00e3o, mas vive em Santa B\u00e1rbara h\u00e1 18 anos.<\/p>\n<p>Segundo ela, Em\u00edlia desenvolveu problemas de sa\u00fade desde que caiu com quase dois anos. Ele teve uma les\u00e3o cerebral. Diante dos tantos problemas enfrentados, hoje com 29 anos, a filha n\u00e3o possui mais ves\u00edcula \u2014 cirurgia feita h\u00e1 11 meses \u2014 s\u00f3 possui um rim, tem h\u00e9rnia no umbigo e a bexiga grande. Ela precisa de procedimentos m\u00e9dicos e cuidados especiais na alimenta\u00e7\u00e3o.<\/p>\n<figure class=\"wp-block-image size-full\"><img fetchpriority=\"high\" decoding=\"async\" width=\"1200\" height=\"622\" src=\"http:\/\/noticiasbahia360.com.br\/wp-content\/uploads\/2025\/07\/Dona-Eliene-de-Santa-barbara-e-a-filha-apelo-7.webp\" alt=\"filha tem les\u00e3o cerebral e m\u00e3e pode parar de andar\" class=\"wp-image-578292\" srcset=\"https:\/\/uploads.acordacidade.com.br\/2025\/07\/Dona-Eliene-de-Santa-barbara-e-a-filha-apelo-7-648x336.webp 648w, https:\/\/uploads.acordacidade.com.br\/2025\/07\/Dona-Eliene-de-Santa-barbara-e-a-filha-apelo-7-984x510.webp 984w, https:\/\/uploads.acordacidade.com.br\/2025\/07\/Dona-Eliene-de-Santa-barbara-e-a-filha-apelo-7-150x78.webp 150w, http:\/\/noticiasbahia360.com.br\/wp-content\/uploads\/2025\/07\/Dona-Eliene-de-Santa-barbara-e-a-filha-apelo-7.webp 1200w\" sizes=\"(max-width: 1200px) 100vw, 1200px\"><figcaption class=\"wp-element-caption\">Foto: Arquivo Pessoal <\/figcaption><\/figure>\n<p>Em\u00edlia toma os rem\u00e9dios tr\u00eas vezes ao dia (7h, 14h, 19h), todos os dias da semana.<\/p>\n<p>\u201cPrecisamos de leite e fralda, se algu\u00e9m quiser, pode deixar na r\u00e1dio ou eu deixo meu contato aqui, eu venho pegar, porque est\u00e1 muito dif\u00edcil para mim. Ela toma Nutren sem Sabor, com sabor ela n\u00e3o gosta. Tem que ter tudo isso, porque se for para ficar s\u00f3 para dar comida, ela n\u00e3o come, ela n\u00e3o vive, porque ela j\u00e1 n\u00e3o tem a ves\u00edcula. Eu alimento ela com mingau de tapioca, Neston, eu coloco Nutren para poder manter ela viva\u201d, explicou a m\u00e3e ao Acorda Cidade.<\/p>\n<figure class=\"wp-block-image size-large\"><img decoding=\"async\" width=\"1180\" height=\"768\" src=\"http:\/\/noticiasbahia360.com.br\/wp-content\/uploads\/2025\/07\/Dona-Eliene-apelo-1180x768-1.webp\" alt=\"filha tem les\u00e3o cerebral e m\u00e3e pode parar de andar\" class=\"wp-image-578290\" srcset=\"https:\/\/uploads.acordacidade.com.br\/2025\/07\/Dona-Eliene-apelo-561x365.webp 561w, http:\/\/noticiasbahia360.com.br\/wp-content\/uploads\/2025\/07\/Dona-Eliene-apelo-1180x768-1.webp 1180w, https:\/\/uploads.acordacidade.com.br\/2025\/07\/Dona-Eliene-apelo-850x553.webp 850w, https:\/\/uploads.acordacidade.com.br\/2025\/07\/Dona-Eliene-apelo-150x98.webp 150w, https:\/\/uploads.acordacidade.com.br\/2025\/07\/Dona-Eliene-apelo.webp 1200w\" sizes=\"(max-width: 1180px) 100vw, 1180px\"><figcaption class=\"wp-element-caption\">Eliene de Souza | Foto: Iasmim Santos\/Acorda Cidade<\/figcaption><\/figure>\n<p>A fisioterapia que Em\u00edlia precisa fazer com regularidade custa R$ 900 por m\u00eas. Ela tamb\u00e9m faz uso de dois medicamentos, que, segundo a m\u00e3e, n\u00e3o consegue adquirir na rede de sa\u00fade de Santa B\u00e1rbara. Ela tamb\u00e9m confirmou que n\u00e3o tem conseguido nenhum amparo de sa\u00fade (multiprofissional) na cidade.<\/p>\n<p>\u201cO Lamotrigina e o Torval, originais e mais outros, mas esses dois s\u00e3o os principais que s\u00e3o para les\u00e3o. Eu estou dando o gen\u00e9rico e n\u00e3o est\u00e1 resolvendo as crises dela. Desde os 11 anos ela toma essa medica\u00e7\u00e3o. O m\u00e9dico disse que h\u00e1 tempo j\u00e1 era para ter tomado, mas com a medica\u00e7\u00e3o cara, eles acham que a gente n\u00e3o vai comprar e ficam passando outras que n\u00e3o resolvem o problema da gente.\u201d<\/p>\n<figure class=\"wp-block-image size-full\"><img decoding=\"async\" width=\"1200\" height=\"751\" src=\"http:\/\/noticiasbahia360.com.br\/wp-content\/uploads\/2025\/07\/Dona-Eliene-de-Santa-barbara-e-a-filha-apelo-pedra-nos-rins.webp\" alt=\"filha tem les\u00e3o cerebral e m\u00e3e pode parar de andar\" class=\"wp-image-578291\" srcset=\"https:\/\/uploads.acordacidade.com.br\/2025\/07\/Dona-Eliene-de-Santa-barbara-e-a-filha-apelo-pedra-nos-rins-583x365.webp 583w, https:\/\/uploads.acordacidade.com.br\/2025\/07\/Dona-Eliene-de-Santa-barbara-e-a-filha-apelo-pedra-nos-rins-884x553.webp 884w, https:\/\/uploads.acordacidade.com.br\/2025\/07\/Dona-Eliene-de-Santa-barbara-e-a-filha-apelo-pedra-nos-rins-150x94.webp 150w, http:\/\/noticiasbahia360.com.br\/wp-content\/uploads\/2025\/07\/Dona-Eliene-de-Santa-barbara-e-a-filha-apelo-pedra-nos-rins.webp 1200w\" sizes=\"(max-width: 1200px) 100vw, 1200px\"><figcaption class=\"wp-element-caption\">Foto: Arquivo Pessoal <\/figcaption><\/figure>\n<p>Eliene refor\u00e7ou que, pela secretaria da cidade, n\u00e3o tem conseguido nem um transporte para conseguir realizar as consultas, muito menos latas de leite. \u201cN\u00e3o ganho uma fralda, uma caixa de medica\u00e7\u00e3o, eu n\u00e3o ganho.\u201d<\/p>\n<h2 class=\"wp-block-heading\" id=\"h-mae-tambem-precisa-de-ajuda\">M\u00e3e tamb\u00e9m precisa de ajuda<\/h2>\n<p>Com 53 anos, dona Eliene, lavradora desde os 7 anos, tamb\u00e9m tem sentido os impactos de ser a cuidadora da filha. Atualmente, ela sofre de diabetes, gastrite, problemas no es\u00f4fago, press\u00e3o alta, crise de ansiedade e depress\u00e3o. Al\u00e9m de necessitar de uma cirurgia na coluna, ela tamb\u00e9m tem problemas no quadril.<\/p>\n<figure class=\"wp-block-image size-large\"><img loading=\"lazy\" decoding=\"async\" width=\"1005\" height=\"768\" src=\"http:\/\/noticiasbahia360.com.br\/wp-content\/uploads\/2025\/07\/Exames-de-dona-Eliane-de-Santa-barbara-apelo-1005x768-1.webp\" alt=\"Exames de dona Eliene de Santa barbara - apelo\" class=\"wp-image-578295\" srcset=\"https:\/\/uploads.acordacidade.com.br\/2025\/07\/Exames-de-dona-Eliane-de-Santa-barbara-apelo-478x365.webp 478w, http:\/\/noticiasbahia360.com.br\/wp-content\/uploads\/2025\/07\/Exames-de-dona-Eliane-de-Santa-barbara-apelo-1005x768-1.webp 1005w, https:\/\/uploads.acordacidade.com.br\/2025\/07\/Exames-de-dona-Eliane-de-Santa-barbara-apelo-724x553.webp 724w, https:\/\/uploads.acordacidade.com.br\/2025\/07\/Exames-de-dona-Eliane-de-Santa-barbara-apelo-150x115.webp 150w, https:\/\/uploads.acordacidade.com.br\/2025\/07\/Exames-de-dona-Eliane-de-Santa-barbara-apelo.webp 1200w\" sizes=\"(max-width: 1005px) 100vw, 1005px\"><figcaption class=\"wp-element-caption\">Foto: Arquivo Pessoal <\/figcaption><\/figure>\n<p>Antes de conseguir a cirurgia, ele precisa fazer o uso de medica\u00e7\u00f5es para prosseguir com o tratamento. Rem\u00e9dios que tamb\u00e9m s\u00e3o caros e n\u00e3o t\u00eam conseguido na rede SUS de Santa B\u00e1rbara.<\/p>\n<p>\u201cS\u00e3o tr\u00eas tipos de inje\u00e7\u00e3o, para tomar a cada 30 dias, d\u00e1 90 dias, e tem toda essa medica\u00e7\u00e3o, porque o quadro se agravou muito, porque eu n\u00e3o podia fazer muito esfor\u00e7o, n\u00e3o podia pegar muito peso, como eu sou sozinha com ela, eu passei do limite.\u201d<\/p>\n<p>Sem apoio de amigos ou familiares pr\u00f3ximos, a m\u00e3e precisa se apoiar com os joelhos no ch\u00e3o para conseguir colocar a filha na cama, rotina dura que ela tem passado diariamente. \u201cA coluna n\u00e3o aguentava, eu ficar em p\u00e9 para colocar ela.\u201d<\/p>\n<p>Segundo os m\u00e9dicos, Eliene corre o risco de ficar sem andar. Al\u00e9m de prejudicar sua pr\u00f3pria vida, ainda tem preocupa\u00e7\u00e3o com a filha que vai ficar sem o seu apoio. <\/p>\n<figure class=\"wp-block-image size-large\"><img loading=\"lazy\" decoding=\"async\" width=\"1024\" height=\"768\" src=\"http:\/\/noticiasbahia360.com.br\/wp-content\/uploads\/2025\/07\/Exames-de-dona-Eliene-de-Santa-barbara-apelo-1024x768-1.webp\" alt=\"Exames de dona Eliene de Santa barbara - apelo\" class=\"wp-image-578294\" srcset=\"https:\/\/uploads.acordacidade.com.br\/2025\/07\/Exames-de-dona-Eliene-de-Santa-barbara-apelo-487x365.webp 487w, http:\/\/noticiasbahia360.com.br\/wp-content\/uploads\/2025\/07\/Exames-de-dona-Eliene-de-Santa-barbara-apelo-1024x768-1.webp 1024w, https:\/\/uploads.acordacidade.com.br\/2025\/07\/Exames-de-dona-Eliene-de-Santa-barbara-apelo-737x553.webp 737w, https:\/\/uploads.acordacidade.com.br\/2025\/07\/Exames-de-dona-Eliene-de-Santa-barbara-apelo-150x113.webp 150w, https:\/\/uploads.acordacidade.com.br\/2025\/07\/Exames-de-dona-Eliene-de-Santa-barbara-apelo.webp 1200w\" sizes=\"(max-width: 1024px) 100vw, 1024px\"><figcaption class=\"wp-element-caption\">Foto: Arquivo Pessoal <\/figcaption><\/figure>\n<p><strong>Ela pede ajuda com os medicamentos que chegam a custar at\u00e9 1.400 reais.<\/strong> Os \u00faltimos exames que realizou, conseguiram pela Prefeitura de Serrinha.<\/p>\n<p><strong>Quem puder colaborar com a fam\u00edlia pode doar atrav\u00e9s da chave CPF: 039.148.855-48 (Em\u00edlia Pereira de Souza), mas tamb\u00e9m com doa\u00e7\u00f5es de fraldas (m\u00e9dia, da marca Cortidian, Cortidini), leite (Nutren), alimentos em geral e os medicamentos.<\/strong><\/p>\n<p><em>Com informa\u00e7\u00f5es da jornalista Iasmim Santos do Acorda Cidade<\/em><\/p>\n<p><em>Siga o Acorda Cidade no<\/em><a href=\"https:\/\/news.google.com\/search?q=acorda%20cidade&amp;hl=pt-BR&amp;gl=BR&amp;ceid=BR%3Apt-419\"><strong><em>\u00a0Google Not\u00edcias<\/em><\/strong><\/a><em>\u00a0e receba os principais destaques do dia. Participe tamb\u00e9m dos nossos canais no\u00a0<\/em><a href=\"https:\/\/www.whatsapp.com\/channel\/0029Va6Rb4v3WHTNnsh8WI3N\"><strong><em>WhatsApp<\/em><\/strong><\/a><em>\u00a0e\u00a0<\/em><a href=\"https:\/\/www.youtube.com\/@acordacidadenoticias\/videos\"><strong>Youtube<\/strong><\/a><em>\u00a0e grupo de\u00a0<\/em><a href=\"https:\/\/t.me\/+sSz0khrgARA0ZmRh\"><strong><em>Telegram<\/em><\/strong><\/a><em>.<\/em><\/p>\n<\/div>\n","protected":false},"excerpt":{"rendered":"<div>\n<div>\n<figure><img decoding=\"async\" src=\"https:\/\/uploads.acordacidade.com.br\/2025\/07\/Dona-Eliene-de-Santa-barbara-e-a-filha-apelo.webp\" alt=\"filha tem les\u00e3o cerebral e m\u00e3e pode parar de andar\"><figcaption>Foto: Arquivo Pessoal <\/figcaption><\/figure>\n<\/div>\n<p>Com 53 anos, dona Eliene, lavradora desde os 7 anos, tamb\u00e9m tem sentido os impactos de ser a cuidadora da filha.<\/p><\/div>\n","protected":false},"author":1,"featured_media":95220,"comment_status":"closed","ping_status":"closed","sticky":false,"template":"","format":"gallery","meta":{"footnotes":""},"categories":[8,9,6,57,56,10],"tags":[],"class_list":["post-95219","post","type-post","status-publish","format-gallery","has-post-thumbnail","hentry","category-bahia","category-brasil","category-feira-de-santana","category-mundo","category-policia","category-politica","post_format-post-format-gallery"],"featured_image_urls":{"full":["https:\/\/noticiasbahia360.com.br\/wp-content\/uploads\/2025\/07\/Dona-Eliene-de-Santa-barbara-e-a-filha-apelo.webp",1200,861,false],"thumbnail":["https:\/\/noticiasbahia360.com.br\/wp-content\/uploads\/2025\/07\/Dona-Eliene-de-Santa-barbara-e-a-filha-apelo-150x150.webp",150,150,true],"medium":["https:\/\/noticiasbahia360.com.br\/wp-content\/uploads\/2025\/07\/Dona-Eliene-de-Santa-barbara-e-a-filha-apelo-300x215.webp",300,215,true],"medium_large":["https:\/\/noticiasbahia360.com.br\/wp-content\/uploads\/2025\/07\/Dona-Eliene-de-Santa-barbara-e-a-filha-apelo-768x551.webp",640,459,true],"large":["https:\/\/noticiasbahia360.com.br\/wp-content\/uploads\/2025\/07\/Dona-Eliene-de-Santa-barbara-e-a-filha-apelo-1024x735.webp",640,459,true],"1536x1536":["https:\/\/noticiasbahia360.com.br\/wp-content\/uploads\/2025\/07\/Dona-Eliene-de-Santa-barbara-e-a-filha-apelo.webp",1200,861,false],"2048x2048":["https:\/\/noticiasbahia360.com.br\/wp-content\/uploads\/2025\/07\/Dona-Eliene-de-Santa-barbara-e-a-filha-apelo.webp",1200,861,false],"chromenews-featured":["https:\/\/noticiasbahia360.com.br\/wp-content\/uploads\/2025\/07\/Dona-Eliene-de-Santa-barbara-e-a-filha-apelo-1024x735.webp",1024,735,true],"chromenews-large":["https:\/\/noticiasbahia360.com.br\/wp-content\/uploads\/2025\/07\/Dona-Eliene-de-Santa-barbara-e-a-filha-apelo-825x575.webp",825,575,true],"chromenews-medium":["https:\/\/noticiasbahia360.com.br\/wp-content\/uploads\/2025\/07\/Dona-Eliene-de-Santa-barbara-e-a-filha-apelo-590x410.webp",590,410,true]},"author_info":{"display_name":"noticiasbahia360.com.br","author_link":"https:\/\/noticiasbahia360.com.br\/?author=1"},"category_info":"<a href=\"https:\/\/noticiasbahia360.com.br\/?cat=8\" rel=\"category\">Bahia<\/a> <a href=\"https:\/\/noticiasbahia360.com.br\/?cat=9\" rel=\"category\">Brasil<\/a> <a href=\"https:\/\/noticiasbahia360.com.br\/?cat=6\" rel=\"category\">Feira de Santana<\/a> <a href=\"https:\/\/noticiasbahia360.com.br\/?cat=57\" rel=\"category\">Mundo<\/a> <a href=\"https:\/\/noticiasbahia360.com.br\/?cat=56\" rel=\"category\">Pol\u00edcia<\/a> <a href=\"https:\/\/noticiasbahia360.com.br\/?cat=10\" rel=\"category\">Pol\u00edtica<\/a>","tag_info":"Pol\u00edtica","comment_count":"0","_links":{"self":[{"href":"https:\/\/noticiasbahia360.com.br\/index.php?rest_route=\/wp\/v2\/posts\/95219","targetHints":{"allow":["GET"]}}],"collection":[{"href":"https:\/\/noticiasbahia360.com.br\/index.php?rest_route=\/wp\/v2\/posts"}],"about":[{"href":"https:\/\/noticiasbahia360.com.br\/index.php?rest_route=\/wp\/v2\/types\/post"}],"author":[{"embeddable":true,"href":"https:\/\/noticiasbahia360.com.br\/index.php?rest_route=\/wp\/v2\/users\/1"}],"replies":[{"embeddable":true,"href":"https:\/\/noticiasbahia360.com.br\/index.php?rest_route=%2Fwp%2Fv2%2Fcomments&post=95219"}],"version-history":[{"count":0,"href":"https:\/\/noticiasbahia360.com.br\/index.php?rest_route=\/wp\/v2\/posts\/95219\/revisions"}],"wp:featuredmedia":[{"embeddable":true,"href":"https:\/\/noticiasbahia360.com.br\/index.php?rest_route=\/wp\/v2\/media\/95220"}],"wp:attachment":[{"href":"https:\/\/noticiasbahia360.com.br\/index.php?rest_route=%2Fwp%2Fv2%2Fmedia&parent=95219"}],"wp:term":[{"taxonomy":"category","embeddable":true,"href":"https:\/\/noticiasbahia360.com.br\/index.php?rest_route=%2Fwp%2Fv2%2Fcategories&post=95219"},{"taxonomy":"post_tag","embeddable":true,"href":"https:\/\/noticiasbahia360.com.br\/index.php?rest_route=%2Fwp%2Fv2%2Ftags&post=95219"}],"curies":[{"name":"wp","href":"https:\/\/api.w.org\/{rel}","templated":true}]}} 