{"id":95226,"date":"2025-07-30T17:28:07","date_gmt":"2025-07-30T20:28:07","guid":{"rendered":"https:\/\/noticiasbahia360.com.br\/?p=95226"},"modified":"2025-07-30T17:28:07","modified_gmt":"2025-07-30T20:28:07","slug":"governador-rebate-criticas-sobre-violencia-na-bahia-alguns-nao-conseguem-ver-nada-de-bom-no-que-a-gente-faz","status":"publish","type":"post","link":"https:\/\/noticiasbahia360.com.br\/?p=95226","title":{"rendered":"Governador rebate cr\u00edticas sobre viol\u00eancia na Bahia: \u201cAlguns n\u00e3o conseguem ver nada de bom no que a gente faz\u201d"},"content":{"rendered":"<div>\n<div>\n<figure><img decoding=\"async\" src=\"http:\/\/noticiasbahia360.com.br\/wp-content\/uploads\/2025\/07\/z8LHmMZE-governador-jeronimo-rodrigues-foto-feijao-almeida-secom-ba.jpg\" alt=\"Governador da Bahia Jer\u00f4nimo Rodrigues\"><figcaption>Foto: Feij\u00e3o Almeida \/ GovBA<\/figcaption><\/figure>\n<\/div>\n<div class=\"wp-block-group\">\n<div class=\"wp-block-group__inner-container is-layout-constrained wp-block-group-is-layout-constrained\">\n<p>O governador da Bahia, <a href=\"https:\/\/www.acordacidade.com.br\/tag\/jeronimo-rodrigues\/\">Jer\u00f4nimo Rodrigues (PT)<\/a>, rebateu as cr\u00edticas que vem recebendo ap\u00f3s a divulga\u00e7\u00e3o da \u00faltima edi\u00e7\u00e3o do Anu\u00e1rio Brasileiro de Seguran\u00e7a P\u00fablica, que mostra que <a href=\"https:\/\/www.acordacidade.com.br\/policia\/bahia-possui-cinco-das-10-cidades-mais-violenta-do-brasil-confira-a-lista\/\">cinco das 10 cidades mais violentas do Brasil est\u00e3o na Bahia<\/a>. A lista \u00e9 organizada com base no n\u00famero de homic\u00eddios que ocorrem nos munic\u00edpios.<\/p>\n<figure class=\"wp-block-image size-full is-resized\"><img fetchpriority=\"high\" fetchpriority=\"high\" decoding=\"async\" width=\"1497\" height=\"589\" src=\"http:\/\/noticiasbahia360.com.br\/wp-content\/uploads\/2025\/07\/9J5k3E5F-indicardo-de-violencia-historico-do-ranking-das-cidades-mais-violentas-do-brasil.png\" alt=\"\" class=\"wp-image-577031\" style=\"width:797px;height:auto\" srcset=\"https:\/\/uploads.acordacidade.com.br\/2025\/07\/indicardo-de-violencia-historico-do-ranking-das-cidades-mais-violentas-do-brasil-648x255.png 648w, https:\/\/uploads.acordacidade.com.br\/2025\/07\/indicardo-de-violencia-historico-do-ranking-das-cidades-mais-violentas-do-brasil-1366x537.png 1366w, https:\/\/uploads.acordacidade.com.br\/2025\/07\/indicardo-de-violencia-historico-do-ranking-das-cidades-mais-violentas-do-brasil-984x387.png 984w, https:\/\/uploads.acordacidade.com.br\/2025\/07\/indicardo-de-violencia-historico-do-ranking-das-cidades-mais-violentas-do-brasil-150x59.png 150w, http:\/\/noticiasbahia360.com.br\/wp-content\/uploads\/2025\/07\/9J5k3E5F-indicardo-de-violencia-historico-do-ranking-das-cidades-mais-violentas-do-brasil.png 1497w\" sizes=\"(max-width: 1497px) 100vw, 1497px\"><figcaption class=\"wp-element-caption\">Foto: Anu\u00e1rio Brasileiro de Seguran\u00e7a P\u00fablica<\/figcaption><\/figure>\n<p>Segundo o governador, os dados est\u00e3o defasados, pois s\u00e3o referentes aos homic\u00eddios ocorridos em 2024 e, de l\u00e1 para c\u00e1, o governo estadual reduziu significativamente os indicadores de viol\u00eancia e intensificou o investimento na \u00e1rea da seguran\u00e7a p\u00fablica. Para Jer\u00f4nimo, os dados est\u00e3o sendo explorados de forma pol\u00edtica.<\/p>\n<p>\u201cExiste pol\u00edtico para tudo. <strong>Alguns n\u00e3o conseguem ver nada de bom no que a gente faz.<\/strong> Cada vez que esses abrem a boca para pegar uma pesquisa dessa, ao inv\u00e9s de a gente poder fazer um mutir\u00e3o para mostrar a Bahia ao Brasil, n\u00f3s temos um estado de paz, mostram o contr\u00e1rio. Botam Feira de Santana e Jequi\u00e9 como cidades violentas.<strong> Esses s\u00e3o irrespons\u00e1veis, esses n\u00e3o sabem fazer pol\u00edtica para dentro e acabam criando uma imagem ruim [da Bahia]<\/strong>\u201d, disse o governador.<\/p>\n<\/div>\n<\/div>\n<div class=\"wp-block-group\">\n<div class=\"wp-block-group__inner-container is-layout-constrained wp-block-group-is-layout-constrained\">\n<h3 class=\"wp-block-heading\" id=\"h-investimento-e-acoes\">Investimento e a\u00e7\u00f5es <\/h3>\n<p>Jer\u00f4nimo afirmou que est\u00e1 otimista com o pr\u00f3ximo anu\u00e1rio, pois, segundo ele, somente no primeiro semestre deste ano, a Bahia j\u00e1 registrou cerca de 10% de redu\u00e7\u00e3o nos \u00edndices de viol\u00eancia e que, em alguns munic\u00edpios do estado, a redu\u00e7\u00e3o chega a estar entre 30% e 40%.<\/p>\n<p>\u201cN\u00f3s estamos reduzindo os indicadores e tem gente que continua remoendo a conversa, fica insistindo, dizendo que tem viol\u00eancia, que Feira de Santana, Sim\u00f5es Filho e Jequi\u00e9 s\u00e3o violentas. N\u00f3s n\u00e3o estamos brincando com isso. S\u00e3o concursos, equipamentos e capacita\u00e7\u00e3o [destinados para a \u00e1rea de seguran\u00e7a p\u00fablica]. Eu tenho plena certeza, n\u00f3s estamos saindo dessa situa\u00e7\u00e3o e n\u00f3s seremos vitoriosos. Nosso inimigo n\u00e3o \u00e9 a pol\u00edtica, nosso inimigo \u00e9 o crime organizado\u201d.<\/p>\n<p>\u201cN\u00f3s vamos descapitalizar esse sistema, que n\u00e3o \u00e9 uma causa s\u00f3 na Bahia. O mundo padece com o crime organizado. N\u00f3s chegamos agora a prender quase 50 fuzis em sete meses. A Bahia n\u00e3o produz fuzis, v\u00eam de fora. O Brasil n\u00e3o tem esse laborat\u00f3rio forte de drogas, v\u00eam de fora. Portanto, n\u00f3s estamos num mutir\u00e3o muito s\u00e9rio. \u00c9 um tema muito especial para a gente, que atinge dentro da casa das pessoas. A gente n\u00e3o fica nada feliz quando a gente ouve ou v\u00ea uma not\u00edcia, mas n\u00f3s n\u00e3o estamos parados\u201d, concluiu o governador.<\/p>\n<div class=\"wp-block-group\">\n<div class=\"wp-block-group__inner-container is-layout-constrained wp-block-group-is-layout-constrained\">\n<p><strong>Leia tamb\u00e9m:<\/strong><\/p>\n<p><a href=\"https:\/\/www.acordacidade.com.br\/policia\/bahia-possui-cinco-das-10-cidades-mais-violenta-do-brasil-confira-a-lista\/\">Bahia possui cinco das 10 cidades mais violentas do Brasil; confira a lista<\/a><\/p>\n<p><a href=\"https:\/\/www.acordacidade.com.br\/policia\/mesmo-com-reducao-nos-homicidios-feira-de-santana-permanece-entre-as-10-cidades-mais-violentas-do-pais\/\">Mesmo com redu\u00e7\u00e3o nos homic\u00eddios, Feira de Santana permanece entre as 10 cidades mais violentas do pa\u00eds<\/a><\/p>\n<\/div>\n<\/div>\n<\/div>\n<\/div>\n<div class=\"wp-block-group\">\n<div class=\"wp-block-group__inner-container is-layout-constrained wp-block-group-is-layout-constrained\">\n<p><em>Com informa\u00e7\u00f5es do rep\u00f3rter Ed Santos do Acorda Cidade <\/em><\/p>\n<p><em>Reportagem escrita pelo estagi\u00e1rio de jornalismo Jefferson Ara\u00fajo sob supervis\u00e3o\u00a0do jornalista Gabriel Gon\u00e7alves<\/em><\/p>\n<p><em>Siga o Acorda Cidade no<\/em><a href=\"https:\/\/news.google.com\/search?q=acorda%20cidade&amp;hl=pt-BR&amp;gl=BR&amp;ceid=BR%3Apt-419\"><strong><em>\u00a0Google Not\u00edcias<\/em><\/strong><\/a><em>\u00a0e receba os principais destaques do dia. Participe tamb\u00e9m dos nossos canais no\u00a0<\/em><a href=\"https:\/\/www.whatsapp.com\/channel\/0029Va6Rb4v3WHTNnsh8WI3N\"><strong><em>WhatsApp<\/em><\/strong><\/a><em>\u00a0e\u00a0<\/em><a href=\"https:\/\/www.youtube.com\/@acordacidadenoticias\/videos\"><strong>Youtube<\/strong><\/a><em>\u00a0e grupo de\u00a0<\/em><a href=\"https:\/\/t.me\/+sSz0khrgARA0ZmRh\"><strong><em>Telegram<\/em><\/strong><\/a><a href=\"https:\/\/api.whatsapp.com\/send?text=https:\/\/www.acordacidade.com.br\/policia\/bahia-possui-cinco-das-10-cidades-mais-violenta-do-brasil-confira-a-lista\/%3Futm_source=whatsapp%26utm_medium=referral%26utm_campaign=share_alongisde%20-%20Bahia%20possui%20cinco%20das%2010%20cidades%20mais%20violentas%20do%20Brasil%3B%20confira%20a%20lista\" target=\"_blank\" rel=\"noreferrer noopener\"><\/a><\/p>\n<\/div>\n<\/div>\n<\/div>\n","protected":false},"excerpt":{"rendered":"<div>\n<div>\n<figure><img decoding=\"async\" src=\"https:\/\/uploads.acordacidade.com.br\/2024\/09\/z8LHmMZE-governador-jeronimo-rodrigues-foto-feijao-almeida-secom-ba.jpg\" alt=\"Governador da Bahia Jer\u00f4nimo Rodrigues\"><figcaption>Foto: Feij\u00e3o Almeida \/ GovBA<\/figcaption><\/figure>\n<\/div>\n<p> Esses s\u00e3o irrespons\u00e1veis, esses n\u00e3o sabem fazer pol\u00edtica para dentro e acabam criando uma imagem ruim [da Bahia]\u201d, disse o governador.<\/p><\/div>\n","protected":false},"author":1,"featured_media":95227,"comment_status":"closed","ping_status":"closed","sticky":false,"template":"","format":"gallery","meta":{"footnotes":""},"categories":[8,9,6,57,56,10],"tags":[],"class_list":["post-95226","post","type-post","status-publish","format-gallery","has-post-thumbnail","hentry","category-bahia","category-brasil","category-feira-de-santana","category-mundo","category-policia","category-politica","post_format-post-format-gallery"],"featured_image_urls":{"full":["https:\/\/noticiasbahia360.com.br\/wp-content\/uploads\/2025\/07\/z8LHmMZE-governador-jeronimo-rodrigues-foto-feijao-almeida-secom-ba.jpg",640,434,false],"thumbnail":["https:\/\/noticiasbahia360.com.br\/wp-content\/uploads\/2025\/07\/z8LHmMZE-governador-jeronimo-rodrigues-foto-feijao-almeida-secom-ba-150x150.jpg",150,150,true],"medium":["https:\/\/noticiasbahia360.com.br\/wp-content\/uploads\/2025\/07\/z8LHmMZE-governador-jeronimo-rodrigues-foto-feijao-almeida-secom-ba-300x203.jpg",300,203,true],"medium_large":["https:\/\/noticiasbahia360.com.br\/wp-content\/uploads\/2025\/07\/z8LHmMZE-governador-jeronimo-rodrigues-foto-feijao-almeida-secom-ba.jpg",640,434,false],"large":["https:\/\/noticiasbahia360.com.br\/wp-content\/uploads\/2025\/07\/z8LHmMZE-governador-jeronimo-rodrigues-foto-feijao-almeida-secom-ba.jpg",640,434,false],"1536x1536":["https:\/\/noticiasbahia360.com.br\/wp-content\/uploads\/2025\/07\/z8LHmMZE-governador-jeronimo-rodrigues-foto-feijao-almeida-secom-ba.jpg",640,434,false],"2048x2048":["https:\/\/noticiasbahia360.com.br\/wp-content\/uploads\/2025\/07\/z8LHmMZE-governador-jeronimo-rodrigues-foto-feijao-almeida-secom-ba.jpg",640,434,false],"chromenews-featured":["https:\/\/noticiasbahia360.com.br\/wp-content\/uploads\/2025\/07\/z8LHmMZE-governador-jeronimo-rodrigues-foto-feijao-almeida-secom-ba.jpg",640,434,false],"chromenews-large":["https:\/\/noticiasbahia360.com.br\/wp-content\/uploads\/2025\/07\/z8LHmMZE-governador-jeronimo-rodrigues-foto-feijao-almeida-secom-ba.jpg",640,434,false],"chromenews-medium":["https:\/\/noticiasbahia360.com.br\/wp-content\/uploads\/2025\/07\/z8LHmMZE-governador-jeronimo-rodrigues-foto-feijao-almeida-secom-ba-590x410.jpg",590,410,true]},"author_info":{"display_name":"noticiasbahia360.com.br","author_link":"https:\/\/noticiasbahia360.com.br\/?author=1"},"category_info":"<a href=\"https:\/\/noticiasbahia360.com.br\/?cat=8\" rel=\"category\">Bahia<\/a> <a href=\"https:\/\/noticiasbahia360.com.br\/?cat=9\" rel=\"category\">Brasil<\/a> <a href=\"https:\/\/noticiasbahia360.com.br\/?cat=6\" rel=\"category\">Feira de Santana<\/a> <a href=\"https:\/\/noticiasbahia360.com.br\/?cat=57\" rel=\"category\">Mundo<\/a> <a href=\"https:\/\/noticiasbahia360.com.br\/?cat=56\" rel=\"category\">Pol\u00edcia<\/a> <a href=\"https:\/\/noticiasbahia360.com.br\/?cat=10\" rel=\"category\">Pol\u00edtica<\/a>","tag_info":"Pol\u00edtica","comment_count":"0","_links":{"self":[{"href":"https:\/\/noticiasbahia360.com.br\/index.php?rest_route=\/wp\/v2\/posts\/95226","targetHints":{"allow":["GET"]}}],"collection":[{"href":"https:\/\/noticiasbahia360.com.br\/index.php?rest_route=\/wp\/v2\/posts"}],"about":[{"href":"https:\/\/noticiasbahia360.com.br\/index.php?rest_route=\/wp\/v2\/types\/post"}],"author":[{"embeddable":true,"href":"https:\/\/noticiasbahia360.com.br\/index.php?rest_route=\/wp\/v2\/users\/1"}],"replies":[{"embeddable":true,"href":"https:\/\/noticiasbahia360.com.br\/index.php?rest_route=%2Fwp%2Fv2%2Fcomments&post=95226"}],"version-history":[{"count":0,"href":"https:\/\/noticiasbahia360.com.br\/index.php?rest_route=\/wp\/v2\/posts\/95226\/revisions"}],"wp:featuredmedia":[{"embeddable":true,"href":"https:\/\/noticiasbahia360.com.br\/index.php?rest_route=\/wp\/v2\/media\/95227"}],"wp:attachment":[{"href":"https:\/\/noticiasbahia360.com.br\/index.php?rest_route=%2Fwp%2Fv2%2Fmedia&parent=95226"}],"wp:term":[{"taxonomy":"category","embeddable":true,"href":"https:\/\/noticiasbahia360.com.br\/index.php?rest_route=%2Fwp%2Fv2%2Fcategories&post=95226"},{"taxonomy":"post_tag","embeddable":true,"href":"https:\/\/noticiasbahia360.com.br\/index.php?rest_route=%2Fwp%2Fv2%2Ftags&post=95226"}],"curies":[{"name":"wp","href":"https:\/\/api.w.org\/{rel}","templated":true}]}} 