{"id":95229,"date":"2025-07-30T17:59:25","date_gmt":"2025-07-30T20:59:25","guid":{"rendered":"https:\/\/noticiasbahia360.com.br\/?p=95229"},"modified":"2025-07-30T17:59:25","modified_gmt":"2025-07-30T20:59:25","slug":"foragido-por-homicidio-em-pernambuco-e-capturado-em-feira-de-santana","status":"publish","type":"post","link":"https:\/\/noticiasbahia360.com.br\/?p=95229","title":{"rendered":"Foragido por homic\u00eddio em Pernambuco \u00e9 capturado em Feira de Santana"},"content":{"rendered":"<div>\n<div>\n<figure><img decoding=\"async\" src=\"http:\/\/noticiasbahia360.com.br\/wp-content\/uploads\/2025\/07\/viatura-Rondesp-leste-.webp\" alt=\"viatura - Rondesp leste\"><figcaption>Foto: Ascom\/PM<\/figcaption><\/figure>\n<\/div>\n<p>Nesta quarta-feira (30), a equipe da Rondesp Leste, em conjunto com a For\u00e7a Integrada de Combate ao Crime Organizado (Ficco\/BA), localizou e prendeu um homem procurado pela justi\u00e7a, acusado de homic\u00eddio cometido contra um adolescente no estado de Pernambuco. O mandado de pris\u00e3o em aberto foi cumprido no bairro Mangabeira, em Feira de Santana, por volta das 15h20.<\/p>\n<p>Durante a opera\u00e7\u00e3o, os policiais confirmaram a identidade do homem. Imediatamente ele foi levado \u00e0 Central de Flagrantes, onde foi apresentado \u00e0 autoridade competente para as devidas provid\u00eancias cab\u00edveis.<\/p>\n<p>Ainda segundo informa\u00e7\u00f5es, ele estava foragido h\u00e1 anos.<\/p>\n<p><em>Siga o Acorda Cidade no<\/em><a href=\"https:\/\/news.google.com\/search?q=acorda%20cidade&amp;hl=pt-BR&amp;gl=BR&amp;ceid=BR%3Apt-419\"><strong><em>\u00a0Google Not\u00edcias<\/em><\/strong><\/a><em>\u00a0e receba os principais destaques do dia. Participe tamb\u00e9m dos nossos canais no\u00a0<\/em><a href=\"https:\/\/www.whatsapp.com\/channel\/0029Va6Rb4v3WHTNnsh8WI3N\"><strong><em>WhatsApp<\/em><\/strong><\/a><em>\u00a0e\u00a0<\/em><a href=\"https:\/\/www.youtube.com\/@acordacidadenoticias\/videos\"><strong>Youtube<\/strong><\/a><em>\u00a0e grupo de\u00a0<\/em><a href=\"https:\/\/t.me\/+sSz0khrgARA0ZmRh\"><strong><em>Telegram<\/em><\/strong><\/a><em>.<\/em><\/p>\n<\/div>\n","protected":false},"excerpt":{"rendered":"<div>\n<div>\n<figure><img decoding=\"async\" src=\"https:\/\/uploads.acordacidade.com.br\/2025\/07\/viatura-Rondesp-leste-.webp\" alt=\"viatura - Rondesp leste\"><figcaption>Foto: Ascom\/PM<\/figcaption><\/figure>\n<\/div>\n<p>O mandado de pris\u00e3o em aberto foi cumprido no bairro Mangabeira, em Feira de Santana, por volta das 15h20.<\/p><\/div>\n","protected":false},"author":1,"featured_media":95230,"comment_status":"closed","ping_status":"closed","sticky":false,"template":"","format":"gallery","meta":{"footnotes":""},"categories":[8,9,6,57,56,10],"tags":[],"class_list":["post-95229","post","type-post","status-publish","format-gallery","has-post-thumbnail","hentry","category-bahia","category-brasil","category-feira-de-santana","category-mundo","category-policia","category-politica","post_format-post-format-gallery"],"featured_image_urls":{"full":["https:\/\/noticiasbahia360.com.br\/wp-content\/uploads\/2025\/07\/viatura-Rondesp-leste-.webp",1200,916,false],"thumbnail":["https:\/\/noticiasbahia360.com.br\/wp-content\/uploads\/2025\/07\/viatura-Rondesp-leste--150x150.webp",150,150,true],"medium":["https:\/\/noticiasbahia360.com.br\/wp-content\/uploads\/2025\/07\/viatura-Rondesp-leste--300x229.webp",300,229,true],"medium_large":["https:\/\/noticiasbahia360.com.br\/wp-content\/uploads\/2025\/07\/viatura-Rondesp-leste--768x586.webp",640,488,true],"large":["https:\/\/noticiasbahia360.com.br\/wp-content\/uploads\/2025\/07\/viatura-Rondesp-leste--1024x782.webp",640,489,true],"1536x1536":["https:\/\/noticiasbahia360.com.br\/wp-content\/uploads\/2025\/07\/viatura-Rondesp-leste-.webp",1200,916,false],"2048x2048":["https:\/\/noticiasbahia360.com.br\/wp-content\/uploads\/2025\/07\/viatura-Rondesp-leste-.webp",1200,916,false],"chromenews-featured":["https:\/\/noticiasbahia360.com.br\/wp-content\/uploads\/2025\/07\/viatura-Rondesp-leste--1024x782.webp",1024,782,true],"chromenews-large":["https:\/\/noticiasbahia360.com.br\/wp-content\/uploads\/2025\/07\/viatura-Rondesp-leste--825x575.webp",825,575,true],"chromenews-medium":["https:\/\/noticiasbahia360.com.br\/wp-content\/uploads\/2025\/07\/viatura-Rondesp-leste--590x410.webp",590,410,true]},"author_info":{"display_name":"noticiasbahia360.com.br","author_link":"https:\/\/noticiasbahia360.com.br\/?author=1"},"category_info":"<a href=\"https:\/\/noticiasbahia360.com.br\/?cat=8\" rel=\"category\">Bahia<\/a> <a href=\"https:\/\/noticiasbahia360.com.br\/?cat=9\" rel=\"category\">Brasil<\/a> <a href=\"https:\/\/noticiasbahia360.com.br\/?cat=6\" rel=\"category\">Feira de Santana<\/a> <a href=\"https:\/\/noticiasbahia360.com.br\/?cat=57\" rel=\"category\">Mundo<\/a> <a href=\"https:\/\/noticiasbahia360.com.br\/?cat=56\" rel=\"category\">Pol\u00edcia<\/a> <a href=\"https:\/\/noticiasbahia360.com.br\/?cat=10\" rel=\"category\">Pol\u00edtica<\/a>","tag_info":"Pol\u00edtica","comment_count":"0","_links":{"self":[{"href":"https:\/\/noticiasbahia360.com.br\/index.php?rest_route=\/wp\/v2\/posts\/95229","targetHints":{"allow":["GET"]}}],"collection":[{"href":"https:\/\/noticiasbahia360.com.br\/index.php?rest_route=\/wp\/v2\/posts"}],"about":[{"href":"https:\/\/noticiasbahia360.com.br\/index.php?rest_route=\/wp\/v2\/types\/post"}],"author":[{"embeddable":true,"href":"https:\/\/noticiasbahia360.com.br\/index.php?rest_route=\/wp\/v2\/users\/1"}],"replies":[{"embeddable":true,"href":"https:\/\/noticiasbahia360.com.br\/index.php?rest_route=%2Fwp%2Fv2%2Fcomments&post=95229"}],"version-history":[{"count":0,"href":"https:\/\/noticiasbahia360.com.br\/index.php?rest_route=\/wp\/v2\/posts\/95229\/revisions"}],"wp:featuredmedia":[{"embeddable":true,"href":"https:\/\/noticiasbahia360.com.br\/index.php?rest_route=\/wp\/v2\/media\/95230"}],"wp:attachment":[{"href":"https:\/\/noticiasbahia360.com.br\/index.php?rest_route=%2Fwp%2Fv2%2Fmedia&parent=95229"}],"wp:term":[{"taxonomy":"category","embeddable":true,"href":"https:\/\/noticiasbahia360.com.br\/index.php?rest_route=%2Fwp%2Fv2%2Fcategories&post=95229"},{"taxonomy":"post_tag","embeddable":true,"href":"https:\/\/noticiasbahia360.com.br\/index.php?rest_route=%2Fwp%2Fv2%2Ftags&post=95229"}],"curies":[{"name":"wp","href":"https:\/\/api.w.org\/{rel}","templated":true}]}}