{"id":95231,"date":"2025-07-30T18:17:21","date_gmt":"2025-07-30T21:17:21","guid":{"rendered":"https:\/\/noticiasbahia360.com.br\/?p=95231"},"modified":"2025-07-30T18:17:21","modified_gmt":"2025-07-30T21:17:21","slug":"homem-e-preso-em-consultorio-medico-de-feira-de-santana-apos-nao-pagar-pensao-alimenticia","status":"publish","type":"post","link":"https:\/\/noticiasbahia360.com.br\/?p=95231","title":{"rendered":"Homem \u00e9 preso em consult\u00f3rio m\u00e9dico de Feira de Santana ap\u00f3s n\u00e3o pagar pens\u00e3o aliment\u00edcia"},"content":{"rendered":"<div>\n<div>\n<figure><img decoding=\"async\" src=\"http:\/\/noticiasbahia360.com.br\/wp-content\/uploads\/2025\/07\/Complexodedelegaciassobradinho_edsantos_acordacidade2.jpg\" alt=\"\"><\/figure>\n<\/div>\n<p>A Pol\u00edcia Civil da Bahia, por meio da Delegacia de Repress\u00e3o a Furtos e Roubos (DRFR) em conjunto com o Departamento Especializado de Investiga\u00e7\u00f5es Criminais (<a href=\"https:\/\/uploads.acordacidade.com.br\/wp-content\/uploads\/2024\/03\/02113141\/Deic.jpg\">Deic\/1\u00aa Coorpin<\/a>), cumpriu na manh\u00e3 desta quarta-feira (30), um mandado de pris\u00e3o civil contra um homem de 43 anos, por n\u00e3o pagar pens\u00e3o aliment\u00edcia. <\/p>\n<p>O cumprimento da ordem judicial ocorreu em um consult\u00f3rio m\u00e9dico, situado em um dos principais pr\u00e9dios comerciais da cidade de Feira de Santana.<\/p>\n<p>O mandado de pris\u00e3o foi expedido pelo Ju\u00edzo da 1\u00aa Vara de Fam\u00edlia de Feira de Santana, em raz\u00e3o do \u201cinadimplemento de obriga\u00e7\u00e3o alimentar\u201d. O homem foi surpreendido durante seu expediente de trabalho, sendo preso pela equipe da DRFR.<\/p>\n<p>Ap\u00f3s os procedimentos de praxe, o acusado foi conduzido ao sistema prisional, onde ficar\u00e1 \u00e0 disposi\u00e7\u00e3o da justi\u00e7a.<\/p>\n<p><em>Com informa\u00e7\u00f5es do rep\u00f3rter Ed Santos do Acorda Cidade<\/em><\/p>\n<p><em>Siga o Acorda Cidade no<\/em><a href=\"https:\/\/news.google.com\/search?q=acorda%20cidade&amp;hl=pt-BR&amp;gl=BR&amp;ceid=BR%3Apt-419\"><strong><em>\u00a0Google Not\u00edcias<\/em><\/strong><\/a><em>\u00a0e receba os principais destaques do dia. Participe tamb\u00e9m dos nossos canais no\u00a0<\/em><a href=\"https:\/\/www.whatsapp.com\/channel\/0029Va6Rb4v3WHTNnsh8WI3N\"><strong><em>WhatsApp<\/em><\/strong><\/a><em>\u00a0e\u00a0<\/em><a href=\"https:\/\/www.youtube.com\/@acordacidadenoticias\/videos\"><strong>Youtube<\/strong><\/a><em>\u00a0e grupo de\u00a0<\/em><a href=\"https:\/\/t.me\/+sSz0khrgARA0ZmRh\"><strong><em>Telegram<\/em><\/strong><\/a><em>.<\/em><\/p>\n<\/div>\n","protected":false},"excerpt":{"rendered":"<div>\n<div>\n<figure><img decoding=\"async\" src=\"https:\/\/uploads.acordacidade.com.br\/2025\/04\/Complexodedelegaciassobradinho_edsantos_acordacidade2.jpg\" alt=\"\"><\/figure>\n<\/div>\n<p>O cumprimento da ordem judicial ocorreu em um consult\u00f3rio m\u00e9dico, situado em um dos principais pr\u00e9dios comerciais da cidade de Feira.<\/p><\/div>\n","protected":false},"author":1,"featured_media":95232,"comment_status":"closed","ping_status":"closed","sticky":false,"template":"","format":"gallery","meta":{"footnotes":""},"categories":[8,9,6,57,56,10],"tags":[],"class_list":["post-95231","post","type-post","status-publish","format-gallery","has-post-thumbnail","hentry","category-bahia","category-brasil","category-feira-de-santana","category-mundo","category-policia","category-politica","post_format-post-format-gallery"],"featured_image_urls":{"full":["https:\/\/noticiasbahia360.com.br\/wp-content\/uploads\/2025\/07\/Complexodedelegaciassobradinho_edsantos_acordacidade2.jpg",1200,900,false],"thumbnail":["https:\/\/noticiasbahia360.com.br\/wp-content\/uploads\/2025\/07\/Complexodedelegaciassobradinho_edsantos_acordacidade2-150x150.jpg",150,150,true],"medium":["https:\/\/noticiasbahia360.com.br\/wp-content\/uploads\/2025\/07\/Complexodedelegaciassobradinho_edsantos_acordacidade2-300x225.jpg",300,225,true],"medium_large":["https:\/\/noticiasbahia360.com.br\/wp-content\/uploads\/2025\/07\/Complexodedelegaciassobradinho_edsantos_acordacidade2-768x576.jpg",640,480,true],"large":["https:\/\/noticiasbahia360.com.br\/wp-content\/uploads\/2025\/07\/Complexodedelegaciassobradinho_edsantos_acordacidade2-1024x768.jpg",640,480,true],"1536x1536":["https:\/\/noticiasbahia360.com.br\/wp-content\/uploads\/2025\/07\/Complexodedelegaciassobradinho_edsantos_acordacidade2.jpg",1200,900,false],"2048x2048":["https:\/\/noticiasbahia360.com.br\/wp-content\/uploads\/2025\/07\/Complexodedelegaciassobradinho_edsantos_acordacidade2.jpg",1200,900,false],"chromenews-featured":["https:\/\/noticiasbahia360.com.br\/wp-content\/uploads\/2025\/07\/Complexodedelegaciassobradinho_edsantos_acordacidade2-1024x768.jpg",1024,768,true],"chromenews-large":["https:\/\/noticiasbahia360.com.br\/wp-content\/uploads\/2025\/07\/Complexodedelegaciassobradinho_edsantos_acordacidade2-825x575.jpg",825,575,true],"chromenews-medium":["https:\/\/noticiasbahia360.com.br\/wp-content\/uploads\/2025\/07\/Complexodedelegaciassobradinho_edsantos_acordacidade2-590x410.jpg",590,410,true]},"author_info":{"display_name":"noticiasbahia360.com.br","author_link":"https:\/\/noticiasbahia360.com.br\/?author=1"},"category_info":"<a href=\"https:\/\/noticiasbahia360.com.br\/?cat=8\" rel=\"category\">Bahia<\/a> <a href=\"https:\/\/noticiasbahia360.com.br\/?cat=9\" rel=\"category\">Brasil<\/a> <a href=\"https:\/\/noticiasbahia360.com.br\/?cat=6\" rel=\"category\">Feira de Santana<\/a> <a href=\"https:\/\/noticiasbahia360.com.br\/?cat=57\" rel=\"category\">Mundo<\/a> <a href=\"https:\/\/noticiasbahia360.com.br\/?cat=56\" rel=\"category\">Pol\u00edcia<\/a> <a href=\"https:\/\/noticiasbahia360.com.br\/?cat=10\" rel=\"category\">Pol\u00edtica<\/a>","tag_info":"Pol\u00edtica","comment_count":"0","_links":{"self":[{"href":"https:\/\/noticiasbahia360.com.br\/index.php?rest_route=\/wp\/v2\/posts\/95231","targetHints":{"allow":["GET"]}}],"collection":[{"href":"https:\/\/noticiasbahia360.com.br\/index.php?rest_route=\/wp\/v2\/posts"}],"about":[{"href":"https:\/\/noticiasbahia360.com.br\/index.php?rest_route=\/wp\/v2\/types\/post"}],"author":[{"embeddable":true,"href":"https:\/\/noticiasbahia360.com.br\/index.php?rest_route=\/wp\/v2\/users\/1"}],"replies":[{"embeddable":true,"href":"https:\/\/noticiasbahia360.com.br\/index.php?rest_route=%2Fwp%2Fv2%2Fcomments&post=95231"}],"version-history":[{"count":0,"href":"https:\/\/noticiasbahia360.com.br\/index.php?rest_route=\/wp\/v2\/posts\/95231\/revisions"}],"wp:featuredmedia":[{"embeddable":true,"href":"https:\/\/noticiasbahia360.com.br\/index.php?rest_route=\/wp\/v2\/media\/95232"}],"wp:attachment":[{"href":"https:\/\/noticiasbahia360.com.br\/index.php?rest_route=%2Fwp%2Fv2%2Fmedia&parent=95231"}],"wp:term":[{"taxonomy":"category","embeddable":true,"href":"https:\/\/noticiasbahia360.com.br\/index.php?rest_route=%2Fwp%2Fv2%2Fcategories&post=95231"},{"taxonomy":"post_tag","embeddable":true,"href":"https:\/\/noticiasbahia360.com.br\/index.php?rest_route=%2Fwp%2Fv2%2Ftags&post=95231"}],"curies":[{"name":"wp","href":"https:\/\/api.w.org\/{rel}","templated":true}]}} 