{"id":95233,"date":"2025-07-30T19:02:27","date_gmt":"2025-07-30T22:02:27","guid":{"rendered":"https:\/\/noticiasbahia360.com.br\/?p=95233"},"modified":"2025-07-30T19:02:27","modified_gmt":"2025-07-30T22:02:27","slug":"em-meio-a-paralisacao-secretario-explica-gratificacao-indevida-recebida-por-professores","status":"publish","type":"post","link":"https:\/\/noticiasbahia360.com.br\/?p=95233","title":{"rendered":"Em meio \u00e0 paralisa\u00e7\u00e3o, secret\u00e1rio explica gratifica\u00e7\u00e3o indevida recebida por professores"},"content":{"rendered":"<div>\n<div>\n<figure><img decoding=\"async\" src=\"http:\/\/noticiasbahia360.com.br\/wp-content\/uploads\/2025\/07\/manifestacao-professores-reda-ney-silva-acorda-cidade-4.jpg\" alt=\"Manifesta\u00e7\u00e3o de Professores\"><figcaption>Foto: Ney Silva\/Acorda Cidade<\/figcaption><\/figure>\n<\/div>\n<p>O secret\u00e1rio de Educa\u00e7\u00e3o e vice-prefeito de Feira de Santana, Pablo Roberto, se pronunciou ap\u00f3s a <a href=\"https:\/\/www.acordacidade.com.br\/educacao\/professores-do-reda-paralisam-atividades-e-protestam-por-isonomia-em-feira-de-santana\/\" target=\"_blank\" rel=\"noreferrer noopener\">manifesta\u00e7\u00e3o realizada na ter\u00e7a-feira (29) por professores contratados pelo Regime Especial de Direito Administrativo (Reda)<\/a>. A categoria paralisou as atividades por tr\u00eas dias, cobrando melhorias nas condi\u00e7\u00f5es de trabalho e o cumprimento da legisla\u00e7\u00e3o federal que assegura igualdade na jornada de trabalho entre professores efetivos e tempor\u00e1rios.<\/p>\n<p>Em entrevista ao Acorda Cidade, Pablo explicou o principal ponto discutido em uma reuni\u00e3o com a APLB Sindicato, realizada na manh\u00e3 de ter\u00e7a. O encontro teve como foco o <strong>pagamento do deslocamento de professores<\/strong>.<\/p>\n<p>\u201cFoi uma reuni\u00e3o a respeito daqueles professores que estavam recebendo o deslocamento, mas que n\u00e3o fazem jus a isso. Identificamos, em uma auditoria, que alguns professores que moram e trabalham em Feira de Santana estavam recebendo essa gratifica\u00e7\u00e3o indevidamente\u201d, afirmou o secret\u00e1rio.<\/p>\n<p>Pablo Roberto tamb\u00e9m destacou que a situa\u00e7\u00e3o foi explicada \u00e0 APLB e \u00e0 maioria dos professores afetados, que compreenderam a necessidade de ajustes. O secret\u00e1rio desmentiu uma declara\u00e7\u00e3o feita pela presidente da APLB, Marlede Oliveira, que, segundo ele, afirmou que 200 professores da zona rural haviam sofrido descontos em seus vencimentos.<\/p>\n<p>\u201cEla faltou com a verdade quando disse que 200 professores que trabalham na zona rural tiveram descontos em seus vencimentos. Realmente, aqueles professores que estavam recebendo de forma indevida, n\u00f3s precis\u00e1vamos fazer essa adequa\u00e7\u00e3o. A lei \u00e9 muito clara: aquele professor que mora na sede de Feira de Santana e trabalha em algum distrito, esse sim tem direito a receber o deslocamento, e todos est\u00e3o recebendo rigorosamente\u201d, declarou Pablo ao Acorda Cidade.<\/p>\n<p>Em rela\u00e7\u00e3o ao protesto, o secret\u00e1rio tamb\u00e9m comentou a quest\u00e3o da falta de professores na rede municipal de Feira. Segundo ele, a falta de docentes \u00e9 uma situa\u00e7\u00e3o constante, pois professores se aposentam, adoecem ou entram de licen\u00e7a m\u00e9dica. Para resolver esse dilema, a Secretaria de Educa\u00e7\u00e3o j\u00e1 convocou 308 professores do \u00faltimo concurso e est\u00e1 trabalhando para contratar mais 30 do cadastro reserva.<\/p>\n<figure class=\"wp-block-image size-large\"><img fetchpriority=\"high\" decoding=\"async\" width=\"1197\" height=\"768\" src=\"http:\/\/noticiasbahia360.com.br\/wp-content\/uploads\/2025\/07\/Pablo-Roberto-paulo-jose-acorda-cidadeweb_-1197x768-1.webp\" alt=\"secret\u00e1rio fala sobre professores \" class=\"wp-image-578394\" srcset=\"https:\/\/uploads.acordacidade.com.br\/2025\/07\/Pablo-Roberto-paulo-jose-acorda-cidade.web_-569x365.webp 569w, http:\/\/noticiasbahia360.com.br\/wp-content\/uploads\/2025\/07\/Pablo-Roberto-paulo-jose-acorda-cidadeweb_-1197x768-1.webp 1197w, https:\/\/uploads.acordacidade.com.br\/2025\/07\/Pablo-Roberto-paulo-jose-acorda-cidade.web_-862x553.webp 862w, https:\/\/uploads.acordacidade.com.br\/2025\/07\/Pablo-Roberto-paulo-jose-acorda-cidade.web_-150x96.webp 150w, https:\/\/uploads.acordacidade.com.br\/2025\/07\/Pablo-Roberto-paulo-jose-acorda-cidade.web_.webp 1200w\" sizes=\"(max-width: 1197px) 100vw, 1197px\"><figcaption class=\"wp-element-caption\">Secret\u00e1rio Pablo Roberto | Foto: Paulo Jos\u00e9\/Acorda Cidade<\/figcaption><\/figure>\n<p>\u201cEstou saindo aqui do gabinete do prefeito, e a pauta era a contrata\u00e7\u00e3o de professores e a adequa\u00e7\u00e3o da reserva da carga hor\u00e1ria do Reda. Estamos trabalhando muito para que a educa\u00e7\u00e3o, de fato, possa alcan\u00e7ar os \u00edndices que todos n\u00f3s queremos. Agora, \u00e9 uma situa\u00e7\u00e3o que realmente acontece cotidianamente. <strong>Vamos fazer um concurso p\u00fablico para a contrata\u00e7\u00e3o de at\u00e9 mil vagas a partir de fevereiro do ano que vem. <\/strong>Ent\u00e3o, queremos ter um cadastro reserva de professores efetivos que possam estar cobrindo sempre que um professor precisar ser ausentado do ambiente escolar por algum motivo\u201d, afirmou o secret\u00e1rio.<\/p>\n<p>Pablo n\u00e3o deu mais detalhes sobre as reivindica\u00e7\u00f5es apresentadas pelos professores na manifesta\u00e7\u00e3o realizada na \u00faltima ter\u00e7a (30). A paralisa\u00e7\u00e3o segue at\u00e9 esta quinta-feira (31).<\/p>\n<p><em>Com informa\u00e7\u00f5es do rep\u00f3rter Paulo Jos\u00e9 do Acorda Cidade<\/em><\/p>\n<p><strong>Leia tamb\u00e9m: <a href=\"https:\/\/www.acordacidade.com.br\/educacao\/professores-do-reda-paralisam-atividades-e-protestam-por-isonomia-em-feira-de-santana\/\">Professores do Reda paralisam atividades e protestam por isonomia em Feira de Santana<\/a><\/strong><\/p>\n<p><em>Siga o Acorda Cidade no<\/em><a href=\"https:\/\/news.google.com\/search?q=acorda%20cidade&amp;hl=pt-BR&amp;gl=BR&amp;ceid=BR%3Apt-419\"><strong><em>\u00a0Google Not\u00edcias<\/em><\/strong><\/a><em>\u00a0e receba os principais destaques do dia. Participe tamb\u00e9m dos nossos canais no\u00a0<\/em><a href=\"https:\/\/www.whatsapp.com\/channel\/0029Va6Rb4v3WHTNnsh8WI3N\"><strong><em>WhatsApp<\/em><\/strong><\/a><em>\u00a0e\u00a0<\/em><a href=\"https:\/\/www.youtube.com\/@acordacidadenoticias\/videos\"><strong>Youtube<\/strong><\/a><em>\u00a0e grupo de\u00a0<\/em><a href=\"https:\/\/t.me\/+sSz0khrgARA0ZmRh\"><strong><em>Telegram<\/em><\/strong><\/a><em>.<\/em><\/p>\n<\/p>\n<\/div>\n","protected":false},"excerpt":{"rendered":"<div>\n<div>\n<figure><img decoding=\"async\" src=\"https:\/\/uploads.acordacidade.com.br\/2025\/07\/manifestacao-professores-reda-ney-silva-acorda-cidade-4.jpg\" alt=\"Manifesta\u00e7\u00e3o de Professores\"><figcaption>Foto: Ney Silva\/Acorda Cidade<\/figcaption><\/figure>\n<\/div>\n<p>O secret\u00e1rio destacou que a situa\u00e7\u00e3o foi explicada \u00e0 APLB e \u00e0 maioria dos professores afetados, que compreenderam a necessidade do cortes.<\/p><\/div>\n","protected":false},"author":1,"featured_media":95234,"comment_status":"closed","ping_status":"closed","sticky":false,"template":"","format":"gallery","meta":{"footnotes":""},"categories":[8,9,6,57,56,10],"tags":[],"class_list":["post-95233","post","type-post","status-publish","format-gallery","has-post-thumbnail","hentry","category-bahia","category-brasil","category-feira-de-santana","category-mundo","category-policia","category-politica","post_format-post-format-gallery"],"featured_image_urls":{"full":["https:\/\/noticiasbahia360.com.br\/wp-content\/uploads\/2025\/07\/manifestacao-professores-reda-ney-silva-acorda-cidade-4.jpg",1200,900,false],"thumbnail":["https:\/\/noticiasbahia360.com.br\/wp-content\/uploads\/2025\/07\/manifestacao-professores-reda-ney-silva-acorda-cidade-4-150x150.jpg",150,150,true],"medium":["https:\/\/noticiasbahia360.com.br\/wp-content\/uploads\/2025\/07\/manifestacao-professores-reda-ney-silva-acorda-cidade-4-300x225.jpg",300,225,true],"medium_large":["https:\/\/noticiasbahia360.com.br\/wp-content\/uploads\/2025\/07\/manifestacao-professores-reda-ney-silva-acorda-cidade-4-768x576.jpg",640,480,true],"large":["https:\/\/noticiasbahia360.com.br\/wp-content\/uploads\/2025\/07\/manifestacao-professores-reda-ney-silva-acorda-cidade-4-1024x768.jpg",640,480,true],"1536x1536":["https:\/\/noticiasbahia360.com.br\/wp-content\/uploads\/2025\/07\/manifestacao-professores-reda-ney-silva-acorda-cidade-4.jpg",1200,900,false],"2048x2048":["https:\/\/noticiasbahia360.com.br\/wp-content\/uploads\/2025\/07\/manifestacao-professores-reda-ney-silva-acorda-cidade-4.jpg",1200,900,false],"chromenews-featured":["https:\/\/noticiasbahia360.com.br\/wp-content\/uploads\/2025\/07\/manifestacao-professores-reda-ney-silva-acorda-cidade-4-1024x768.jpg",1024,768,true],"chromenews-large":["https:\/\/noticiasbahia360.com.br\/wp-content\/uploads\/2025\/07\/manifestacao-professores-reda-ney-silva-acorda-cidade-4-825x575.jpg",825,575,true],"chromenews-medium":["https:\/\/noticiasbahia360.com.br\/wp-content\/uploads\/2025\/07\/manifestacao-professores-reda-ney-silva-acorda-cidade-4-590x410.jpg",590,410,true]},"author_info":{"display_name":"noticiasbahia360.com.br","author_link":"https:\/\/noticiasbahia360.com.br\/?author=1"},"category_info":"<a href=\"https:\/\/noticiasbahia360.com.br\/?cat=8\" rel=\"category\">Bahia<\/a> <a href=\"https:\/\/noticiasbahia360.com.br\/?cat=9\" rel=\"category\">Brasil<\/a> <a href=\"https:\/\/noticiasbahia360.com.br\/?cat=6\" rel=\"category\">Feira de Santana<\/a> <a href=\"https:\/\/noticiasbahia360.com.br\/?cat=57\" rel=\"category\">Mundo<\/a> <a href=\"https:\/\/noticiasbahia360.com.br\/?cat=56\" rel=\"category\">Pol\u00edcia<\/a> <a href=\"https:\/\/noticiasbahia360.com.br\/?cat=10\" rel=\"category\">Pol\u00edtica<\/a>","tag_info":"Pol\u00edtica","comment_count":"0","_links":{"self":[{"href":"https:\/\/noticiasbahia360.com.br\/index.php?rest_route=\/wp\/v2\/posts\/95233","targetHints":{"allow":["GET"]}}],"collection":[{"href":"https:\/\/noticiasbahia360.com.br\/index.php?rest_route=\/wp\/v2\/posts"}],"about":[{"href":"https:\/\/noticiasbahia360.com.br\/index.php?rest_route=\/wp\/v2\/types\/post"}],"author":[{"embeddable":true,"href":"https:\/\/noticiasbahia360.com.br\/index.php?rest_route=\/wp\/v2\/users\/1"}],"replies":[{"embeddable":true,"href":"https:\/\/noticiasbahia360.com.br\/index.php?rest_route=%2Fwp%2Fv2%2Fcomments&post=95233"}],"version-history":[{"count":0,"href":"https:\/\/noticiasbahia360.com.br\/index.php?rest_route=\/wp\/v2\/posts\/95233\/revisions"}],"wp:featuredmedia":[{"embeddable":true,"href":"https:\/\/noticiasbahia360.com.br\/index.php?rest_route=\/wp\/v2\/media\/95234"}],"wp:attachment":[{"href":"https:\/\/noticiasbahia360.com.br\/index.php?rest_route=%2Fwp%2Fv2%2Fmedia&parent=95233"}],"wp:term":[{"taxonomy":"category","embeddable":true,"href":"https:\/\/noticiasbahia360.com.br\/index.php?rest_route=%2Fwp%2Fv2%2Fcategories&post=95233"},{"taxonomy":"post_tag","embeddable":true,"href":"https:\/\/noticiasbahia360.com.br\/index.php?rest_route=%2Fwp%2Fv2%2Ftags&post=95233"}],"curies":[{"name":"wp","href":"https:\/\/api.w.org\/{rel}","templated":true}]}}