{"id":95236,"date":"2025-07-30T19:02:34","date_gmt":"2025-07-30T22:02:34","guid":{"rendered":"https:\/\/noticiasbahia360.com.br\/?p=95236"},"modified":"2025-07-30T19:02:34","modified_gmt":"2025-07-30T22:02:34","slug":"ambulatorio-de-saude-da-mulher-passa-a-realizar-ecocardiograma-fetal","status":"publish","type":"post","link":"https:\/\/noticiasbahia360.com.br\/?p=95236","title":{"rendered":"Ambulat\u00f3rio de Sa\u00fade da Mulher passa a realizar Ecocardiograma Fetal"},"content":{"rendered":"<div>\n<div>\n<figure><img decoding=\"async\" src=\"http:\/\/noticiasbahia360.com.br\/wp-content\/uploads\/2025\/07\/Ambulatorio-de-Saude-da-Mulher-.webp\" alt=\"Ecocardiograma Fetal realizado no Ambulatorio de Saude da Mulher\"><figcaption>Foto: F\u00e1tima Brand\u00e3o<\/figcaption><\/figure>\n<\/div>\n<p>A Prefeitura de Feira de Santana, por meio da Funda\u00e7\u00e3o Hospitalar (FHFS), segue inovando na oferta de consultas especializadas e exames de imagem de alta complexidade para reduzir o tempo de espera na fila de regula\u00e7\u00e3o do Sistema \u00danico de Sa\u00fade (SUS). Uma das novidades \u00e9 a realiza\u00e7\u00e3o do ecocardiograma fetal no Ambulat\u00f3rio de Sa\u00fade da Mulher, exame fundamental que avalia o cora\u00e7\u00e3o do beb\u00ea ainda no \u00fatero e pode identificar altera\u00e7\u00f5es estruturais ou funcionais desde o pr\u00e9-natal.<\/p>\n<p>O servi\u00e7o j\u00e1 est\u00e1 dispon\u00edvel \u00e0s ter\u00e7as-feiras, das 7h \u00e0s 13h, como parte da assist\u00eancia pr\u00e9-natal prestada pelo SUS.<\/p>\n<p>De acordo com a m\u00e9dica especialista em medicina fetal, Renata Mendoza, o exame \u00e9 indicado a partir da 18\u00aa semana de gesta\u00e7\u00e3o, sendo o per\u00edodo ideal entre 24 e 28 semanas \u2014 podendo ser realizado fora desse intervalo em casos de gravidez de alto risco.<\/p>\n<p>\u201cO ecocardiograma \u00e9 essencial para o diagn\u00f3stico precoce de cardiopatias cong\u00eanitas, que s\u00e3o doen\u00e7as graves. Quando detectadas ainda na gesta\u00e7\u00e3o, \u00e9 poss\u00edvel iniciar o tratamento com medicamentos tanto para o feto quanto para a m\u00e3e, al\u00e9m de planejar o parto com mais seguran\u00e7a\u201d, explicou a m\u00e9dica.<\/p>\n<p>Renata tamb\u00e9m destacou a import\u00e2ncia de um pr\u00e9-natal completo, recomendando a realiza\u00e7\u00e3o do exame pelo menos duas vezes durante a gesta\u00e7\u00e3o, para garantir a sa\u00fade da m\u00e3e e do beb\u00ea.<\/p>\n<figure class=\"wp-block-image size-large\"><img fetchpriority=\"high\" fetchpriority=\"high\" decoding=\"async\" width=\"1152\" height=\"768\" src=\"http:\/\/noticiasbahia360.com.br\/wp-content\/uploads\/2025\/07\/Ecocardiograma-Fetal-realizado-no-Ambulatorio-de-Saude-da-Mulher-Foto-Fatima-Brandao-4-1152x768-1.webp\" alt=\"Ecocardiograma Fetal realizado no Ambulatorio de Saude da Mulher\" class=\"wp-image-578399\" srcset=\"https:\/\/uploads.acordacidade.com.br\/2025\/07\/Ecocardiograma-Fetal-realizado-no-Ambulatorio-de-Saude-da-Mulher-Foto-Fatima-Brandao-4-548x365.webp 548w, http:\/\/noticiasbahia360.com.br\/wp-content\/uploads\/2025\/07\/Ecocardiograma-Fetal-realizado-no-Ambulatorio-de-Saude-da-Mulher-Foto-Fatima-Brandao-4-1152x768-1.webp 1152w, https:\/\/uploads.acordacidade.com.br\/2025\/07\/Ecocardiograma-Fetal-realizado-no-Ambulatorio-de-Saude-da-Mulher-Foto-Fatima-Brandao-4-830x553.webp 830w, https:\/\/uploads.acordacidade.com.br\/2025\/07\/Ecocardiograma-Fetal-realizado-no-Ambulatorio-de-Saude-da-Mulher-Foto-Fatima-Brandao-4-150x100.webp 150w, https:\/\/uploads.acordacidade.com.br\/2025\/07\/Ecocardiograma-Fetal-realizado-no-Ambulatorio-de-Saude-da-Mulher-Foto-Fatima-Brandao-4.webp 1200w\" sizes=\"(max-width: 1152px) 100vw, 1152px\"><figcaption class=\"wp-element-caption\">Foto: F\u00e1tima Brand\u00e3o<\/figcaption><\/figure>\n<p>\u201cEsse servi\u00e7o \u00e9 muito importante para as gestantes do munic\u00edpio. Por meio de imagens em tempo real, conseguimos um diagn\u00f3stico preciso. \u00c9 poss\u00edvel detectar malforma\u00e7\u00f5es cong\u00eanitas e at\u00e9 altera\u00e7\u00f5es no septo ventricular, que podem indicar a S\u00edndrome de Down\u201d, ressaltou.<\/p>\n<p>A diretora-presidente da Funda\u00e7\u00e3o Hospitalar, Gilberte Lucas, refor\u00e7ou que o novo servi\u00e7o beneficia gestantes internadas no Hospital In\u00e1cia Pinto dos Santos (Hospital da Mulher), al\u00e9m de pacientes reguladas por meio da Central Municipal.<\/p>\n<p>\u201cFeira de Santana \u00e9 pioneira ao oferecer esse tipo de assist\u00eancia ambulatorial com tecnologia de ponta. Muitas gestantes enfrentam dificuldades para realizar o exame gratuitamente. Agora, com a implanta\u00e7\u00e3o desse servi\u00e7o, estamos garantindo mais seguran\u00e7a para m\u00e3es e beb\u00eas, principalmente nas gesta\u00e7\u00f5es de alto risco\u201d, afirmou.<\/p>\n<p><strong>Atendimento ampliado<\/strong><\/p>\n<p>O Ambulat\u00f3rio de Sa\u00fade da Mulher tamb\u00e9m tem expandido a oferta de servi\u00e7os nas especialidades de ginecologia e obstetr\u00edcia, com consultas, exames preventivos, encaminhamentos cir\u00fargicos, acompanhamento do Planejamento Familiar, inser\u00e7\u00e3o de contraceptivos de longa dura\u00e7\u00e3o, fisioterapia p\u00e9lvica e assist\u00eancia especializada a meninas e adolescentes de 0 a 19 anos.<\/p>\n<p>Al\u00e9m disso, oferece atendimentos com nutricionista, psic\u00f3logo, neurologista, psiquiatra e assistente social.<\/p>\n<p>O ambulat\u00f3rio funciona de segunda a sexta-feira, das 7h \u00e0s 18h, na Rua Caitit\u00e9, n\u00ba 550 \u2013 bairro Jardim Cruzeiro.<\/p>\n<p><em>Com informa\u00e7\u00f5es da Secretaria Municipal de Comunica\u00e7\u00e3o Social (Secom)<\/em><\/p>\n<p><em>Siga o Acorda Cidade no<\/em><a href=\"https:\/\/news.google.com\/search?q=acorda%20cidade&amp;hl=pt-BR&amp;gl=BR&amp;ceid=BR%3Apt-419\"><strong><em>\u00a0Google Not\u00edcias<\/em><\/strong><\/a><em>\u00a0e receba os principais destaques do dia. Participe tamb\u00e9m dos nossos canais no\u00a0<\/em><a href=\"https:\/\/www.whatsapp.com\/channel\/0029Va6Rb4v3WHTNnsh8WI3N\"><strong><em>WhatsApp<\/em><\/strong><\/a><em>\u00a0e\u00a0<\/em><a href=\"https:\/\/www.youtube.com\/@acordacidadenoticias\/videos\"><strong>Youtube<\/strong><\/a><em>\u00a0e grupo de\u00a0<\/em><a href=\"https:\/\/t.me\/+sSz0khrgARA0ZmRh\"><strong><em>Telegram<\/em><\/strong><\/a><em>.<\/em><\/p>\n<\/div>\n","protected":false},"excerpt":{"rendered":"<div>\n<div>\n<figure><img decoding=\"async\" src=\"https:\/\/uploads.acordacidade.com.br\/2025\/07\/Ambulatorio-de-Saude-da-Mulher-.webp\" alt=\"Ecocardiograma Fetal realizado no Ambulatorio de Saude da Mulher\"><figcaption>Foto: F\u00e1tima Brand\u00e3o<\/figcaption><\/figure>\n<\/div>\n<p>O servi\u00e7o j\u00e1 est\u00e1 dispon\u00edvel \u00e0s ter\u00e7as-feiras, das 7h \u00e0s 13h, como parte da assist\u00eancia pr\u00e9-natal prestada pelo SUS.<\/p><\/div>\n","protected":false},"author":1,"featured_media":95237,"comment_status":"closed","ping_status":"closed","sticky":false,"template":"","format":"gallery","meta":{"footnotes":""},"categories":[8,9,6,57,56,10],"tags":[],"class_list":["post-95236","post","type-post","status-publish","format-gallery","has-post-thumbnail","hentry","category-bahia","category-brasil","category-feira-de-santana","category-mundo","category-policia","category-politica","post_format-post-format-gallery"],"featured_image_urls":{"full":["https:\/\/noticiasbahia360.com.br\/wp-content\/uploads\/2025\/07\/Ambulatorio-de-Saude-da-Mulher-.webp",1200,799,false],"thumbnail":["https:\/\/noticiasbahia360.com.br\/wp-content\/uploads\/2025\/07\/Ambulatorio-de-Saude-da-Mulher--150x150.webp",150,150,true],"medium":["https:\/\/noticiasbahia360.com.br\/wp-content\/uploads\/2025\/07\/Ambulatorio-de-Saude-da-Mulher--300x200.webp",300,200,true],"medium_large":["https:\/\/noticiasbahia360.com.br\/wp-content\/uploads\/2025\/07\/Ambulatorio-de-Saude-da-Mulher--768x511.webp",640,426,true],"large":["https:\/\/noticiasbahia360.com.br\/wp-content\/uploads\/2025\/07\/Ambulatorio-de-Saude-da-Mulher--1024x682.webp",640,426,true],"1536x1536":["https:\/\/noticiasbahia360.com.br\/wp-content\/uploads\/2025\/07\/Ambulatorio-de-Saude-da-Mulher-.webp",1200,799,false],"2048x2048":["https:\/\/noticiasbahia360.com.br\/wp-content\/uploads\/2025\/07\/Ambulatorio-de-Saude-da-Mulher-.webp",1200,799,false],"chromenews-featured":["https:\/\/noticiasbahia360.com.br\/wp-content\/uploads\/2025\/07\/Ambulatorio-de-Saude-da-Mulher--1024x682.webp",1024,682,true],"chromenews-large":["https:\/\/noticiasbahia360.com.br\/wp-content\/uploads\/2025\/07\/Ambulatorio-de-Saude-da-Mulher--825x575.webp",825,575,true],"chromenews-medium":["https:\/\/noticiasbahia360.com.br\/wp-content\/uploads\/2025\/07\/Ambulatorio-de-Saude-da-Mulher--590x410.webp",590,410,true]},"author_info":{"display_name":"noticiasbahia360.com.br","author_link":"https:\/\/noticiasbahia360.com.br\/?author=1"},"category_info":"<a href=\"https:\/\/noticiasbahia360.com.br\/?cat=8\" rel=\"category\">Bahia<\/a> <a href=\"https:\/\/noticiasbahia360.com.br\/?cat=9\" rel=\"category\">Brasil<\/a> <a href=\"https:\/\/noticiasbahia360.com.br\/?cat=6\" rel=\"category\">Feira de Santana<\/a> <a href=\"https:\/\/noticiasbahia360.com.br\/?cat=57\" rel=\"category\">Mundo<\/a> <a href=\"https:\/\/noticiasbahia360.com.br\/?cat=56\" rel=\"category\">Pol\u00edcia<\/a> <a href=\"https:\/\/noticiasbahia360.com.br\/?cat=10\" rel=\"category\">Pol\u00edtica<\/a>","tag_info":"Pol\u00edtica","comment_count":"0","_links":{"self":[{"href":"https:\/\/noticiasbahia360.com.br\/index.php?rest_route=\/wp\/v2\/posts\/95236","targetHints":{"allow":["GET"]}}],"collection":[{"href":"https:\/\/noticiasbahia360.com.br\/index.php?rest_route=\/wp\/v2\/posts"}],"about":[{"href":"https:\/\/noticiasbahia360.com.br\/index.php?rest_route=\/wp\/v2\/types\/post"}],"author":[{"embeddable":true,"href":"https:\/\/noticiasbahia360.com.br\/index.php?rest_route=\/wp\/v2\/users\/1"}],"replies":[{"embeddable":true,"href":"https:\/\/noticiasbahia360.com.br\/index.php?rest_route=%2Fwp%2Fv2%2Fcomments&post=95236"}],"version-history":[{"count":0,"href":"https:\/\/noticiasbahia360.com.br\/index.php?rest_route=\/wp\/v2\/posts\/95236\/revisions"}],"wp:featuredmedia":[{"embeddable":true,"href":"https:\/\/noticiasbahia360.com.br\/index.php?rest_route=\/wp\/v2\/media\/95237"}],"wp:attachment":[{"href":"https:\/\/noticiasbahia360.com.br\/index.php?rest_route=%2Fwp%2Fv2%2Fmedia&parent=95236"}],"wp:term":[{"taxonomy":"category","embeddable":true,"href":"https:\/\/noticiasbahia360.com.br\/index.php?rest_route=%2Fwp%2Fv2%2Fcategories&post=95236"},{"taxonomy":"post_tag","embeddable":true,"href":"https:\/\/noticiasbahia360.com.br\/index.php?rest_route=%2Fwp%2Fv2%2Ftags&post=95236"}],"curies":[{"name":"wp","href":"https:\/\/api.w.org\/{rel}","templated":true}]}}