{"id":95239,"date":"2025-07-30T19:13:43","date_gmt":"2025-07-30T22:13:43","guid":{"rendered":"https:\/\/noticiasbahia360.com.br\/?p=95239"},"modified":"2025-07-30T19:13:43","modified_gmt":"2025-07-30T22:13:43","slug":"confira-a-grade-de-atracoes-da-festa-do-vaqueiro-em-ipuacu","status":"publish","type":"post","link":"https:\/\/noticiasbahia360.com.br\/?p=95239","title":{"rendered":"Confira a grade de atra\u00e7\u00f5es da Festa do Vaqueiro em Ipua\u00e7u"},"content":{"rendered":"<div>\n<div>\n<figure><img decoding=\"async\" src=\"http:\/\/noticiasbahia360.com.br\/wp-content\/uploads\/2025\/07\/Festa-do-Vaqueiro-de-IPUACU-Fotos-Rafael-Marques-5.jpg\" alt=\"Festa do Vaqueiro\"><figcaption>Foto: Rafael Marques<br \/>\n<\/figcaption><\/figure>\n<\/div>\n<p>A partir desta sexta-feira (1\u00ba), o distrito de Ipua\u00e7u ser\u00e1 palco da tradicional <a href=\"https:\/\/www.acordacidade.com.br\/tag\/festa-do-vaqueiro\/\">Festa do Vaqueiro<\/a>. Esta \u00e9 a vig\u00e9sima quarta edi\u00e7\u00e3o do evento que, al\u00e9m de integrar o calend\u00e1rio oficial do munic\u00edpio, celebra as ra\u00edzes sertanejas da Princesa do Sert\u00e3o.<\/p>\n<p>O evento que encerra no domingo (3), contar\u00e1 com mais de 10 atra\u00e7\u00f5es, com uma m\u00e9dia de quatros artistas por noite. A abertura da festa ser\u00e1 feita pela banda Mal\u00edcia Sem Vergonha, \u00e0s 21h. Logo em seguida, \u00e0s 23h \u00e9 a vez de Meninos de Seu Z\u00e9 e de 1h at\u00e9 as 2h30 o comando ser\u00e1 de Silfarley.<\/p>\n<p>No segundo dia de festa, quem abre a noite \u00e9 a banda Olhar Sereno, \u00e0s 20h. O cantor Jaldo Rodrigues est\u00e1 previsto para \u00e0s 22h e a Seresta do Rasta \u00e0s 00h. A partir das 2h, a banda Os Clones assume o palco e agita o p\u00fablico at\u00e9 \u00e0s 3h.<\/p>\n<p>J\u00e1 no \u00faltimo dia, a celebra\u00e7\u00e3o tem in\u00edcio mais cedo. \u00c0s 15h, a banda Katukada fica respons\u00e1vel por aquecer o p\u00fablico para as demais atra\u00e7\u00f5es da noite, a exemplo do cantor Regi Vaqueiro que vai cantar \u00e0s 17h e Canind\u00e9 \u00e0s 19h. O encerramento fica por conta de Asas Livres que sobe ao palco \u00e0s 21h.<\/p>\n<p><em>Com informa\u00e7\u00f5es da Secretaria Municipal de Comunica\u00e7\u00e3o Social (Secom)<\/em><\/p>\n<p><em>Siga o Acorda Cidade no<\/em><a href=\"https:\/\/news.google.com\/search?q=acorda%20cidade&amp;hl=pt-BR&amp;gl=BR&amp;ceid=BR%3Apt-419\"><strong><em>\u00a0Google Not\u00edcias<\/em><\/strong><\/a><em>\u00a0e receba os principais destaques do dia. Participe tamb\u00e9m dos nossos canais no\u00a0<\/em><a href=\"https:\/\/www.whatsapp.com\/channel\/0029Va6Rb4v3WHTNnsh8WI3N\"><strong><em>WhatsApp<\/em><\/strong><\/a><em>\u00a0e\u00a0<\/em><a href=\"https:\/\/www.youtube.com\/@acordacidadenoticias\/videos\"><strong>Youtube<\/strong><\/a><em>\u00a0e grupo de\u00a0<\/em><a href=\"https:\/\/t.me\/+sSz0khrgARA0ZmRh\"><strong><em>Telegram<\/em><\/strong><\/a><em>.<\/em><\/p>\n<\/div>\n","protected":false},"excerpt":{"rendered":"<div>\n<div>\n<figure><img decoding=\"async\" src=\"https:\/\/www.acordacidade.com.br\/wp-content\/uploads\/2024\/06\/Festa-do-Vaqueiro-de-IPUACU-Fotos-Rafael-Marques-5.jpg\" alt=\"Festa do Vaqueiro\"><figcaption>Foto: Rafael Marques<br \/>\n<\/figcaption><\/figure>\n<\/div>\n<p>O evento que encerra no domingo (3), contar\u00e1 com mais de 10 atra\u00e7\u00f5es, com uma m\u00e9dia de quatros artistas por noite.<\/p><\/div>\n","protected":false},"author":1,"featured_media":95240,"comment_status":"closed","ping_status":"closed","sticky":false,"template":"","format":"gallery","meta":{"footnotes":""},"categories":[8,9,6,57,56,10],"tags":[],"class_list":["post-95239","post","type-post","status-publish","format-gallery","has-post-thumbnail","hentry","category-bahia","category-brasil","category-feira-de-santana","category-mundo","category-policia","category-politica","post_format-post-format-gallery"],"featured_image_urls":{"full":["https:\/\/noticiasbahia360.com.br\/wp-content\/uploads\/2025\/07\/Festa-do-Vaqueiro-de-IPUACU-Fotos-Rafael-Marques-5.jpg",640,427,false],"thumbnail":["https:\/\/noticiasbahia360.com.br\/wp-content\/uploads\/2025\/07\/Festa-do-Vaqueiro-de-IPUACU-Fotos-Rafael-Marques-5-150x150.jpg",150,150,true],"medium":["https:\/\/noticiasbahia360.com.br\/wp-content\/uploads\/2025\/07\/Festa-do-Vaqueiro-de-IPUACU-Fotos-Rafael-Marques-5-300x200.jpg",300,200,true],"medium_large":["https:\/\/noticiasbahia360.com.br\/wp-content\/uploads\/2025\/07\/Festa-do-Vaqueiro-de-IPUACU-Fotos-Rafael-Marques-5.jpg",640,427,false],"large":["https:\/\/noticiasbahia360.com.br\/wp-content\/uploads\/2025\/07\/Festa-do-Vaqueiro-de-IPUACU-Fotos-Rafael-Marques-5.jpg",640,427,false],"1536x1536":["https:\/\/noticiasbahia360.com.br\/wp-content\/uploads\/2025\/07\/Festa-do-Vaqueiro-de-IPUACU-Fotos-Rafael-Marques-5.jpg",640,427,false],"2048x2048":["https:\/\/noticiasbahia360.com.br\/wp-content\/uploads\/2025\/07\/Festa-do-Vaqueiro-de-IPUACU-Fotos-Rafael-Marques-5.jpg",640,427,false],"chromenews-featured":["https:\/\/noticiasbahia360.com.br\/wp-content\/uploads\/2025\/07\/Festa-do-Vaqueiro-de-IPUACU-Fotos-Rafael-Marques-5.jpg",640,427,false],"chromenews-large":["https:\/\/noticiasbahia360.com.br\/wp-content\/uploads\/2025\/07\/Festa-do-Vaqueiro-de-IPUACU-Fotos-Rafael-Marques-5.jpg",640,427,false],"chromenews-medium":["https:\/\/noticiasbahia360.com.br\/wp-content\/uploads\/2025\/07\/Festa-do-Vaqueiro-de-IPUACU-Fotos-Rafael-Marques-5-590x410.jpg",590,410,true]},"author_info":{"display_name":"noticiasbahia360.com.br","author_link":"https:\/\/noticiasbahia360.com.br\/?author=1"},"category_info":"<a href=\"https:\/\/noticiasbahia360.com.br\/?cat=8\" rel=\"category\">Bahia<\/a> <a href=\"https:\/\/noticiasbahia360.com.br\/?cat=9\" rel=\"category\">Brasil<\/a> <a href=\"https:\/\/noticiasbahia360.com.br\/?cat=6\" rel=\"category\">Feira de Santana<\/a> <a href=\"https:\/\/noticiasbahia360.com.br\/?cat=57\" rel=\"category\">Mundo<\/a> <a href=\"https:\/\/noticiasbahia360.com.br\/?cat=56\" rel=\"category\">Pol\u00edcia<\/a> <a href=\"https:\/\/noticiasbahia360.com.br\/?cat=10\" rel=\"category\">Pol\u00edtica<\/a>","tag_info":"Pol\u00edtica","comment_count":"0","_links":{"self":[{"href":"https:\/\/noticiasbahia360.com.br\/index.php?rest_route=\/wp\/v2\/posts\/95239","targetHints":{"allow":["GET"]}}],"collection":[{"href":"https:\/\/noticiasbahia360.com.br\/index.php?rest_route=\/wp\/v2\/posts"}],"about":[{"href":"https:\/\/noticiasbahia360.com.br\/index.php?rest_route=\/wp\/v2\/types\/post"}],"author":[{"embeddable":true,"href":"https:\/\/noticiasbahia360.com.br\/index.php?rest_route=\/wp\/v2\/users\/1"}],"replies":[{"embeddable":true,"href":"https:\/\/noticiasbahia360.com.br\/index.php?rest_route=%2Fwp%2Fv2%2Fcomments&post=95239"}],"version-history":[{"count":0,"href":"https:\/\/noticiasbahia360.com.br\/index.php?rest_route=\/wp\/v2\/posts\/95239\/revisions"}],"wp:featuredmedia":[{"embeddable":true,"href":"https:\/\/noticiasbahia360.com.br\/index.php?rest_route=\/wp\/v2\/media\/95240"}],"wp:attachment":[{"href":"https:\/\/noticiasbahia360.com.br\/index.php?rest_route=%2Fwp%2Fv2%2Fmedia&parent=95239"}],"wp:term":[{"taxonomy":"category","embeddable":true,"href":"https:\/\/noticiasbahia360.com.br\/index.php?rest_route=%2Fwp%2Fv2%2Fcategories&post=95239"},{"taxonomy":"post_tag","embeddable":true,"href":"https:\/\/noticiasbahia360.com.br\/index.php?rest_route=%2Fwp%2Fv2%2Ftags&post=95239"}],"curies":[{"name":"wp","href":"https:\/\/api.w.org\/{rel}","templated":true}]}}