{"id":95241,"date":"2025-07-30T19:13:48","date_gmt":"2025-07-30T22:13:48","guid":{"rendered":"https:\/\/noticiasbahia360.com.br\/?p=95241"},"modified":"2025-07-30T19:13:48","modified_gmt":"2025-07-30T22:13:48","slug":"apae-inaugura-primeira-oficina-ortopedica-do-interior-da-bahia-em-feira-de-santana","status":"publish","type":"post","link":"https:\/\/noticiasbahia360.com.br\/?p=95241","title":{"rendered":"Apae inaugura primeira Oficina Ortop\u00e9dica do interior da Bahia em Feira de Santana"},"content":{"rendered":"<div>\n<div>\n<figure><img decoding=\"async\" src=\"http:\/\/noticiasbahia360.com.br\/wp-content\/uploads\/2025\/07\/oficina-ortopedica-apae-foto-ney-silva-acorda-cidade-1.jpg\" alt=\"Inaugura\u00e7\u00e3o da Oficina Ortop\u00e9dica da APAE\"><figcaption>Foto: Ney Silva\/Acorda Cidade<\/figcaption><\/figure>\n<\/div>\n<p>Foi inaugurada em Feira de Santana <strong>a primeira Oficina Ortop\u00e9dica do Interior da Bahia<\/strong>. A unidade \u00e9 uma iniciativa da Associa\u00e7\u00e3o de Pais e Amigos dos Excepcionais (Apae). O evento de inaugura\u00e7\u00e3o aconteceu nesta quarta-feira (30).<\/p>\n<p>O espa\u00e7o fica localizado na Rua da Apae, e visa prestar assist\u00eancia a pessoas com defici\u00eancia, proporcionando a produ\u00e7\u00e3o e manuten\u00e7\u00e3o de \u00f3rteses, pr\u00f3teses e meios auxiliares de locomo\u00e7\u00e3o.\u00a0<\/p>\n<figure class=\"wp-block-image size-large\"><img fetchpriority=\"high\" fetchpriority=\"high\" decoding=\"async\" width=\"1024\" height=\"768\" src=\"http:\/\/noticiasbahia360.com.br\/wp-content\/uploads\/2025\/07\/inauguracao-oficina-ortopedica-apae-foto-ney-silva-acorda-cidade-1024x768-1.jpg\" alt=\"Inaugura\u00e7\u00e3o da Oficina Ortop\u00e9dica da APAE\" class=\"wp-image-578375\" srcset=\"https:\/\/uploads.acordacidade.com.br\/2025\/07\/inauguracao-oficina-ortopedica-apae-foto-ney-silva-acorda-cidade-487x365.jpg 487w, http:\/\/noticiasbahia360.com.br\/wp-content\/uploads\/2025\/07\/inauguracao-oficina-ortopedica-apae-foto-ney-silva-acorda-cidade-1024x768-1.jpg 1024w, https:\/\/uploads.acordacidade.com.br\/2025\/07\/inauguracao-oficina-ortopedica-apae-foto-ney-silva-acorda-cidade-737x553.jpg 737w, https:\/\/uploads.acordacidade.com.br\/2025\/07\/inauguracao-oficina-ortopedica-apae-foto-ney-silva-acorda-cidade-150x113.jpg 150w, https:\/\/uploads.acordacidade.com.br\/2025\/07\/inauguracao-oficina-ortopedica-apae-foto-ney-silva-acorda-cidade.jpg 1200w\" sizes=\"(max-width: 1024px) 100vw, 1024px\"><figcaption class=\"wp-element-caption\">Foto: Ney Silva\/Acorda Cidade<\/figcaption><\/figure>\n<p>As \u00f3rteses s\u00e3o utilizadas principalmente para alinhar uma articula\u00e7\u00e3o, geralmente em casos de paralisia cerebral ou les\u00f5es neurol\u00f3gicas que podem evoluir para alguma deformidade. J\u00e1 as pr\u00f3teses s\u00e3o utilizadas para substituir um membro, em pacientes que foram amputados, por exemplo.<\/p>\n<p>Em entrevista ao Acorda Cidade, Deraldo Azevedo, coordenador de preven\u00e7\u00e3o e sa\u00fade da Apae em Feira de Santana, explicou que o principal objetivo \u00e9 reduzir o tempo de demanda para que o paciente tenha acesso ao equipamento que ele precisa de maneira mais r\u00e1pida.<\/p>\n<figure class=\"wp-block-image size-large\"><img decoding=\"async\" width=\"1024\" height=\"768\" src=\"http:\/\/noticiasbahia360.com.br\/wp-content\/uploads\/2025\/07\/deraldo-azevedo-coordenador-apae-foto-ney-silva-acorda-cidade-1024x768-1.jpg\" alt=\"Deraldo Azevedo, coordenador da Apae\" class=\"wp-image-578374\" srcset=\"https:\/\/uploads.acordacidade.com.br\/2025\/07\/deraldo-azevedo-coordenador-apae-foto-ney-silva-acorda-cidade-487x365.jpg 487w, http:\/\/noticiasbahia360.com.br\/wp-content\/uploads\/2025\/07\/deraldo-azevedo-coordenador-apae-foto-ney-silva-acorda-cidade-1024x768-1.jpg 1024w, https:\/\/uploads.acordacidade.com.br\/2025\/07\/deraldo-azevedo-coordenador-apae-foto-ney-silva-acorda-cidade-737x553.jpg 737w, https:\/\/uploads.acordacidade.com.br\/2025\/07\/deraldo-azevedo-coordenador-apae-foto-ney-silva-acorda-cidade-150x113.jpg 150w, https:\/\/uploads.acordacidade.com.br\/2025\/07\/deraldo-azevedo-coordenador-apae-foto-ney-silva-acorda-cidade.jpg 1200w\" sizes=\"(max-width: 1024px) 100vw, 1024px\"><figcaption class=\"wp-element-caption\">Deraldo Azevedo, coordenador da Apae \u2013 Foto: Ney Silva\/Acorda Cidade<\/figcaption><\/figure>\n<p>\u201cAntes n\u00f3s contratamos uma empresa que vinha de 15 em 15 dias aqui em Feira para poder fazer a medida, levar esse material, trazia com dois, tr\u00eas meses para a pessoa aprovar e tinha mais tr\u00eas meses, para poder fazer a entrega. Com essa oficina, esse tempo todo vai diminuir. A ideia \u00e9 poder fazer j\u00e1 a medida, com 15 dias a gente est\u00e1 confeccionando o equipamento e com mais 15 dias a gente est\u00e1 conseguindo fazer a entrega desse equipamento \u00e0 pessoa, fazer a prova e dando tudo ok, j\u00e1 come\u00e7ar a reabilita\u00e7\u00e3o\u201d<\/p>\n<p>O coordenador informou que a produ\u00e7\u00e3o j\u00e1 come\u00e7a a partir desta quinta-feira (31). Para a efetiva fabrica\u00e7\u00e3o das pr\u00f3teses e \u00f3rteses, algumas m\u00e1quinas vieram do Canad\u00e1 e houve treinamento para que a equipe pudesse aprender a manuse\u00e1-las.<\/p>\n<p>\u201cTem m\u00e1quinas aqui que vieram do Canad\u00e1, s\u00e3o m\u00e1quinas de \u00faltima gera\u00e7\u00e3o que no Brasil tem, mas n\u00e3o tem essa qualidade toda. Os dois ortoprotesistas que n\u00f3s contratamos, foram capacitados e habilitados para trabalhar. Al\u00e9m disso, n\u00f3s tamb\u00e9m, coordena\u00e7\u00e3o, supervis\u00e3o e os demais colaboradores tivemos que aprender como funciona\u201d<\/p>\n<figure class=\"wp-block-image size-large\"><img decoding=\"async\" width=\"1024\" height=\"768\" src=\"http:\/\/noticiasbahia360.com.br\/wp-content\/uploads\/2025\/07\/oficina-ortopedica-apae-foto-ney-silva-acorda-cidade-2-1024x768-1.jpg\" alt=\"Inaugura\u00e7\u00e3o da Oficina Ortop\u00e9dica da APAE\" class=\"wp-image-578379\" srcset=\"https:\/\/uploads.acordacidade.com.br\/2025\/07\/oficina-ortopedica-apae-foto-ney-silva-acorda-cidade-2-487x365.jpg 487w, http:\/\/noticiasbahia360.com.br\/wp-content\/uploads\/2025\/07\/oficina-ortopedica-apae-foto-ney-silva-acorda-cidade-2-1024x768-1.jpg 1024w, https:\/\/uploads.acordacidade.com.br\/2025\/07\/oficina-ortopedica-apae-foto-ney-silva-acorda-cidade-2-737x553.jpg 737w, https:\/\/uploads.acordacidade.com.br\/2025\/07\/oficina-ortopedica-apae-foto-ney-silva-acorda-cidade-2-150x113.jpg 150w, https:\/\/uploads.acordacidade.com.br\/2025\/07\/oficina-ortopedica-apae-foto-ney-silva-acorda-cidade-2.jpg 1200w\" sizes=\"(max-width: 1024px) 100vw, 1024px\"><figcaption class=\"wp-element-caption\">Foto: Ney Silva\/Acorda Cidade<\/figcaption><\/figure>\n<p>Deraldo explica que<strong> a realiza\u00e7\u00e3o da Oficina se deu pela lei de incentivo fiscal do Imposto de Renda atrav\u00e9s do Programa Nacional de Assist\u00eancia \u00e0 Sa\u00fade (Pronas) do Minist\u00e9rio da Sa\u00fade.<\/strong> Ele ressalta que um patrocinador bancou 100% do projeto nos \u00faltimos dois anos de execu\u00e7\u00e3o.<\/p>\n<p>\u201cAo inv\u00e9s dele pagar o imposto para o Governo Federal, ele repassa para a institui\u00e7\u00e3o que d\u00e1 o recibo que ele apresenta l\u00e1 no Minist\u00e9rio, e fica aqui aquele d\u00e9bito que ele teria com o Minist\u00e9rio.\u201d<\/p>\n<figure class=\"wp-block-image size-large\"><img decoding=\"async\" width=\"1024\" height=\"768\" src=\"http:\/\/noticiasbahia360.com.br\/wp-content\/uploads\/2025\/07\/oficina-ortopedica-apae-foto-ney-silva-acorda-cidade-1024x768-1.jpg\" alt=\"Inaugura\u00e7\u00e3o da Oficina Ortop\u00e9dica da APAE\" class=\"wp-image-578378\" srcset=\"https:\/\/uploads.acordacidade.com.br\/2025\/07\/oficina-ortopedica-apae-foto-ney-silva-acorda-cidade-487x365.jpg 487w, http:\/\/noticiasbahia360.com.br\/wp-content\/uploads\/2025\/07\/oficina-ortopedica-apae-foto-ney-silva-acorda-cidade-1024x768-1.jpg 1024w, https:\/\/uploads.acordacidade.com.br\/2025\/07\/oficina-ortopedica-apae-foto-ney-silva-acorda-cidade-737x553.jpg 737w, https:\/\/uploads.acordacidade.com.br\/2025\/07\/oficina-ortopedica-apae-foto-ney-silva-acorda-cidade-150x113.jpg 150w, https:\/\/uploads.acordacidade.com.br\/2025\/07\/oficina-ortopedica-apae-foto-ney-silva-acorda-cidade.jpg 1200w\" sizes=\"(max-width: 1024px) 100vw, 1024px\"><figcaption class=\"wp-element-caption\">Foto: Ney Silva\/Acorda Cidade<\/figcaption><\/figure>\n<p><strong>Segundo Cl\u00e1udio Rios, respons\u00e1vel pelo setor de capta\u00e7\u00e3o de recursos da Apae, o patroc\u00ednio principal foi fornecido <strong>atrav\u00e9s da lei de incentivos fiscais<\/strong><\/strong>,<strong> pela Nubank, empresa brasileira de tecnologia financeira. <\/strong>Outros patrocinadores, como a cooperativa financeira Sicredi, tamb\u00e9m colaboraram para a instala\u00e7\u00e3o de pisos e parte el\u00e9trica, al\u00e9m de outros custeios que n\u00e3o foram cobertos pelo Pronas.<\/p>\n<p>A princ\u00edpio esse patroc\u00ednio garantir\u00e1 manuten\u00e7\u00e3o dos servi\u00e7os por 24 meses. Ao longo desses meses a expectativa \u00e9 encontrar novos patrocinadores para conseguir manter o projeto nos pr\u00f3ximos anos.<\/p>\n<figure class=\"wp-block-image size-large\"><img loading=\"lazy\" decoding=\"async\" width=\"1023\" height=\"768\" src=\"http:\/\/noticiasbahia360.com.br\/wp-content\/uploads\/2025\/07\/claudio-rios-recursos-apae-foto-ney-silva-acorda-cidade-1023x768-1.jpg\" alt=\"Cl\u00e1udio Rios, coordenador de projetos e recursos da Apae\" class=\"wp-image-578376\" srcset=\"https:\/\/uploads.acordacidade.com.br\/2025\/07\/claudio-rios-recursos-apae-foto-ney-silva-acorda-cidade-486x365.jpg 486w, http:\/\/noticiasbahia360.com.br\/wp-content\/uploads\/2025\/07\/claudio-rios-recursos-apae-foto-ney-silva-acorda-cidade-1023x768-1.jpg 1023w, https:\/\/uploads.acordacidade.com.br\/2025\/07\/claudio-rios-recursos-apae-foto-ney-silva-acorda-cidade-737x553.jpg 737w, https:\/\/uploads.acordacidade.com.br\/2025\/07\/claudio-rios-recursos-apae-foto-ney-silva-acorda-cidade-150x113.jpg 150w, https:\/\/uploads.acordacidade.com.br\/2025\/07\/claudio-rios-recursos-apae-foto-ney-silva-acorda-cidade.jpg 1200w\" sizes=\"(max-width: 1023px) 100vw, 1023px\"><figcaption class=\"wp-element-caption\">Cl\u00e1udio Rios, coordenador de recursos da Apae \u2013 Foto: Ney Silva\/Acorda Cidade<\/figcaption><\/figure>\n<p>\u201cO recurso principal foi que permitiu estruturar, ele \u00e9 um recurso que tem um tempo determinado. O projeto tem ao todo uma dura\u00e7\u00e3o de 24 meses, ent\u00e3o a gente amplia a capacidade de atendimento e a capacidade de confec\u00e7\u00e3o desses dispositivos. Depois dos 24 meses, a gente vai ter que buscar outras formas de custeio.\u201d, pontuou.<\/p>\n<p>A fisioterapeuta Hort\u00eancia Magalh\u00e3es, ir\u00e1 coordenar a Oficina Ortop\u00e9dica. Ela esclareceu que al\u00e9m da fabrica\u00e7\u00e3o e manuten\u00e7\u00e3o dos equipamentos, o paciente tamb\u00e9m ter\u00e1 acesso a um processo de reabilita\u00e7\u00e3o para aprender a utiliz\u00e1-lo.<\/p>\n<figure class=\"wp-block-image size-large\"><img loading=\"lazy\" decoding=\"async\" width=\"1024\" height=\"768\" src=\"http:\/\/noticiasbahia360.com.br\/wp-content\/uploads\/2025\/07\/hortencia-magalhae-fisioterapeutae-coordenadora-da-oficina-ortopedica-foto-ney-silva-acorda-cidade-1024x768-1.jpg\" alt=\"Hort\u00eancia Magalh\u00e3es, fisioterapeuta e coordenadora da Oficina Ortop\u00e9dica da APAE\" class=\"wp-image-578377\" srcset=\"https:\/\/uploads.acordacidade.com.br\/2025\/07\/hortencia-magalhae-fisioterapeutae-coordenadora-da-oficina-ortopedica-foto-ney-silva-acorda-cidade-487x365.jpg 487w, http:\/\/noticiasbahia360.com.br\/wp-content\/uploads\/2025\/07\/hortencia-magalhae-fisioterapeutae-coordenadora-da-oficina-ortopedica-foto-ney-silva-acorda-cidade-1024x768-1.jpg 1024w, https:\/\/uploads.acordacidade.com.br\/2025\/07\/hortencia-magalhae-fisioterapeutae-coordenadora-da-oficina-ortopedica-foto-ney-silva-acorda-cidade-737x553.jpg 737w, https:\/\/uploads.acordacidade.com.br\/2025\/07\/hortencia-magalhae-fisioterapeutae-coordenadora-da-oficina-ortopedica-foto-ney-silva-acorda-cidade-150x113.jpg 150w, https:\/\/uploads.acordacidade.com.br\/2025\/07\/hortencia-magalhae-fisioterapeutae-coordenadora-da-oficina-ortopedica-foto-ney-silva-acorda-cidade.jpg 1200w\" sizes=\"(max-width: 1024px) 100vw, 1024px\"><figcaption class=\"wp-element-caption\">Hort\u00eancia Magalh\u00e3es, coordenadora da Oficina Ortop\u00e9dica \u2013 Foto: Ney Silva\/Acorda Cidade<\/figcaption><\/figure>\n<p>\u201cS\u00e3o fornecidos tanto a orienta\u00e7\u00e3o quanto a reabilita\u00e7\u00e3o porque o paciente precisa estar apto para usar esse dispositivo, principalmente a pr\u00f3tese. Eles precisam estar preparados para poder andar, tanto no ambiente interno quanto no ambiente externo, sem risco de queda, sabendo como manusear o objeto, como colocar, como tirar e os cuidados que ele deve ter, tanto com o membro residual, que \u00e9 o coto, quanto tamb\u00e9m com a pr\u00f3pria sa\u00fade.\u201d<\/p>\n<p>Para acesso ao servi\u00e7o, a fisioterapeuta orienta que pessoas que s\u00e3o de outros munic\u00edpios precisam ser reguladas atrav\u00e9s da Secretaria de Sa\u00fade do Estado (Sesab). Quem reside em Feira de Santana, pode entrar em contato atrav\u00e9s do WhatsApp, ou comparecer diretamente na recep\u00e7\u00e3o da Apae.\u00a0<\/p>\n<p>Hort\u00eancia esclarece tamb\u00e9m que a velocidade da fabrica\u00e7\u00e3o e das manuten\u00e7\u00f5es beneficiar\u00e1 \u00e0 todos.<\/p>\n<p>\u201cDentro dessa oficina, com o aumento da produ\u00e7\u00e3o, a gente vai conseguir atender a nossa demanda, que \u00e9 muito grande. A gente atende hoje 47 munic\u00edpios e expandir essa demanda para outros munic\u00edpios circunvizinhos aqui de Feira\u201d, concluiu a profissional.<\/p>\n<figure class=\"wp-block-image size-large\"><img loading=\"lazy\" decoding=\"async\" width=\"1162\" height=\"768\" src=\"http:\/\/noticiasbahia360.com.br\/wp-content\/uploads\/2025\/07\/inauguracao-oficina-ortopedica-apae-foto-ney-silva-acorda-cidade-1-1162x768-1.jpg\" alt=\"Inaugura\u00e7\u00e3o da Oficina Ortop\u00e9dica da APAE\" class=\"wp-image-578373\" srcset=\"https:\/\/uploads.acordacidade.com.br\/2025\/07\/inauguracao-oficina-ortopedica-apae-foto-ney-silva-acorda-cidade-1-552x365.jpg 552w, http:\/\/noticiasbahia360.com.br\/wp-content\/uploads\/2025\/07\/inauguracao-oficina-ortopedica-apae-foto-ney-silva-acorda-cidade-1-1162x768-1.jpg 1162w, https:\/\/uploads.acordacidade.com.br\/2025\/07\/inauguracao-oficina-ortopedica-apae-foto-ney-silva-acorda-cidade-1-837x553.jpg 837w, https:\/\/uploads.acordacidade.com.br\/2025\/07\/inauguracao-oficina-ortopedica-apae-foto-ney-silva-acorda-cidade-1-150x99.jpg 150w, https:\/\/uploads.acordacidade.com.br\/2025\/07\/inauguracao-oficina-ortopedica-apae-foto-ney-silva-acorda-cidade-1.jpg 1200w\" sizes=\"(max-width: 1162px) 100vw, 1162px\"><figcaption class=\"wp-element-caption\">Foto: Ney Silva\/Acorda Cidade<\/figcaption><\/figure>\n<p><em>Com informa\u00e7\u00f5es do rep\u00f3rter Ney Silva do Acorda Cidade<\/em><\/p>\n<p><em>Siga o Acorda Cidade no<\/em><a href=\"https:\/\/news.google.com\/search?q=acorda%20cidade&amp;hl=pt-BR&amp;gl=BR&amp;ceid=BR%3Apt-419\"><strong><em> Google Not\u00edcias<\/em><\/strong><\/a><em> e receba os principais destaques do dia. Participe tamb\u00e9m dos nossos canais no <\/em><a href=\"https:\/\/whatsapp.com\/channel\/0029Va6Rb4v3WHTNnsh8WI3N\"><strong><em>WhatsApp<\/em><\/strong><\/a><em> e <\/em><a href=\"https:\/\/www.youtube.com\/@acordacidadenoticias\/videos\"><strong>Youtube<\/strong><\/a><em> e grupo de <\/em><a href=\"https:\/\/t.me\/+sSz0khrgARA0ZmRh\"><strong><em>Telegram<\/em><\/strong><\/a><em>.<\/em><\/p>\n<\/div>\n","protected":false},"excerpt":{"rendered":"<div>\n<div>\n<figure><img decoding=\"async\" src=\"https:\/\/uploads.acordacidade.com.br\/2025\/07\/oficina-ortopedica-apae-foto-ney-silva-acorda-cidade-1.jpg\" alt=\"Inaugura\u00e7\u00e3o da Oficina Ortop\u00e9dica da APAE\"><figcaption>Foto: Ney Silva\/Acorda Cidade<\/figcaption><\/figure>\n<\/div>\n<p>Patroc\u00ednio para custear o projeto foi fornecido atrav\u00e9s da lei de incentivos fiscais.<\/p><\/div>\n","protected":false},"author":1,"featured_media":95242,"comment_status":"closed","ping_status":"closed","sticky":false,"template":"","format":"gallery","meta":{"footnotes":""},"categories":[8,9,6,57,56,10],"tags":[],"class_list":["post-95241","post","type-post","status-publish","format-gallery","has-post-thumbnail","hentry","category-bahia","category-brasil","category-feira-de-santana","category-mundo","category-policia","category-politica","post_format-post-format-gallery"],"featured_image_urls":{"full":["https:\/\/noticiasbahia360.com.br\/wp-content\/uploads\/2025\/07\/oficina-ortopedica-apae-foto-ney-silva-acorda-cidade-1.jpg",1200,675,false],"thumbnail":["https:\/\/noticiasbahia360.com.br\/wp-content\/uploads\/2025\/07\/oficina-ortopedica-apae-foto-ney-silva-acorda-cidade-1-150x150.jpg",150,150,true],"medium":["https:\/\/noticiasbahia360.com.br\/wp-content\/uploads\/2025\/07\/oficina-ortopedica-apae-foto-ney-silva-acorda-cidade-1-300x169.jpg",300,169,true],"medium_large":["https:\/\/noticiasbahia360.com.br\/wp-content\/uploads\/2025\/07\/oficina-ortopedica-apae-foto-ney-silva-acorda-cidade-1-768x432.jpg",640,360,true],"large":["https:\/\/noticiasbahia360.com.br\/wp-content\/uploads\/2025\/07\/oficina-ortopedica-apae-foto-ney-silva-acorda-cidade-1-1024x576.jpg",640,360,true],"1536x1536":["https:\/\/noticiasbahia360.com.br\/wp-content\/uploads\/2025\/07\/oficina-ortopedica-apae-foto-ney-silva-acorda-cidade-1.jpg",1200,675,false],"2048x2048":["https:\/\/noticiasbahia360.com.br\/wp-content\/uploads\/2025\/07\/oficina-ortopedica-apae-foto-ney-silva-acorda-cidade-1.jpg",1200,675,false],"chromenews-featured":["https:\/\/noticiasbahia360.com.br\/wp-content\/uploads\/2025\/07\/oficina-ortopedica-apae-foto-ney-silva-acorda-cidade-1-1024x576.jpg",1024,576,true],"chromenews-large":["https:\/\/noticiasbahia360.com.br\/wp-content\/uploads\/2025\/07\/oficina-ortopedica-apae-foto-ney-silva-acorda-cidade-1-825x575.jpg",825,575,true],"chromenews-medium":["https:\/\/noticiasbahia360.com.br\/wp-content\/uploads\/2025\/07\/oficina-ortopedica-apae-foto-ney-silva-acorda-cidade-1-590x410.jpg",590,410,true]},"author_info":{"display_name":"noticiasbahia360.com.br","author_link":"https:\/\/noticiasbahia360.com.br\/?author=1"},"category_info":"<a href=\"https:\/\/noticiasbahia360.com.br\/?cat=8\" rel=\"category\">Bahia<\/a> <a href=\"https:\/\/noticiasbahia360.com.br\/?cat=9\" rel=\"category\">Brasil<\/a> <a href=\"https:\/\/noticiasbahia360.com.br\/?cat=6\" rel=\"category\">Feira de Santana<\/a> <a href=\"https:\/\/noticiasbahia360.com.br\/?cat=57\" rel=\"category\">Mundo<\/a> <a href=\"https:\/\/noticiasbahia360.com.br\/?cat=56\" rel=\"category\">Pol\u00edcia<\/a> <a href=\"https:\/\/noticiasbahia360.com.br\/?cat=10\" rel=\"category\">Pol\u00edtica<\/a>","tag_info":"Pol\u00edtica","comment_count":"0","_links":{"self":[{"href":"https:\/\/noticiasbahia360.com.br\/index.php?rest_route=\/wp\/v2\/posts\/95241","targetHints":{"allow":["GET"]}}],"collection":[{"href":"https:\/\/noticiasbahia360.com.br\/index.php?rest_route=\/wp\/v2\/posts"}],"about":[{"href":"https:\/\/noticiasbahia360.com.br\/index.php?rest_route=\/wp\/v2\/types\/post"}],"author":[{"embeddable":true,"href":"https:\/\/noticiasbahia360.com.br\/index.php?rest_route=\/wp\/v2\/users\/1"}],"replies":[{"embeddable":true,"href":"https:\/\/noticiasbahia360.com.br\/index.php?rest_route=%2Fwp%2Fv2%2Fcomments&post=95241"}],"version-history":[{"count":0,"href":"https:\/\/noticiasbahia360.com.br\/index.php?rest_route=\/wp\/v2\/posts\/95241\/revisions"}],"wp:featuredmedia":[{"embeddable":true,"href":"https:\/\/noticiasbahia360.com.br\/index.php?rest_route=\/wp\/v2\/media\/95242"}],"wp:attachment":[{"href":"https:\/\/noticiasbahia360.com.br\/index.php?rest_route=%2Fwp%2Fv2%2Fmedia&parent=95241"}],"wp:term":[{"taxonomy":"category","embeddable":true,"href":"https:\/\/noticiasbahia360.com.br\/index.php?rest_route=%2Fwp%2Fv2%2Fcategories&post=95241"},{"taxonomy":"post_tag","embeddable":true,"href":"https:\/\/noticiasbahia360.com.br\/index.php?rest_route=%2Fwp%2Fv2%2Ftags&post=95241"}],"curies":[{"name":"wp","href":"https:\/\/api.w.org\/{rel}","templated":true}]}}