{"id":95250,"date":"2025-07-30T19:14:01","date_gmt":"2025-07-30T22:14:01","guid":{"rendered":"https:\/\/noticiasbahia360.com.br\/?p=95250"},"modified":"2025-07-30T19:14:01","modified_gmt":"2025-07-30T22:14:01","slug":"46a-expofeira-recadastramento-para-comercio-informal-sera-de-5-a-8-de-agosto","status":"publish","type":"post","link":"https:\/\/noticiasbahia360.com.br\/?p=95250","title":{"rendered":"46\u00aa Expofeira: recadastramento para com\u00e9rcio informal ser\u00e1 de 5 a 8 de agosto"},"content":{"rendered":"<div>\n<div>\n<figure><img decoding=\"async\" src=\"http:\/\/noticiasbahia360.com.br\/wp-content\/uploads\/2025\/07\/expofeira-.webp\" alt=\"expofeira\"><figcaption>Foto: Jorge Magalh\u00e3es<\/figcaption><\/figure>\n<\/div>\n<p>O recadastramento para o com\u00e9rcio informal, para o Parque de Exposi\u00e7\u00e3o Jo\u00e3o Martins da Silva, durante a <strong><a href=\"https:\/\/www.acordacidade.com.br\/tag\/expofeira\/\">Exposi\u00e7\u00e3o Agropecu\u00e1ria de Feira de Santana<\/a>, ser\u00e1 realizado de 5 a 8 de agosto<\/strong>, presencialmente, no Parque de Exposi\u00e7\u00e3o Jo\u00e3o Martins da Silva. Ser\u00e1 dada prioridade a quem participou das duas \u00faltimas edi\u00e7\u00f5es.<\/p>\n<p>A 46\u00aa Expofeira, uma das mais importantes mostras da agropecu\u00e1ria de todo o Nordeste, tanto pela quantidade de animais que dela participa quanto pela qualidade gen\u00e9tica dos rebanhos e tropas, vai acontecer de 7 a 14 de setembro.<\/p>\n<p>Ter\u00e3o prioridade os autorizat\u00e1rios que atendam \u00e0s seguintes condicionantes: morar em Feira de Santana, apresentar fotoc\u00f3pia do comprovante de resid\u00eancia, CPF, RG e t\u00edtulo de eleitor, e ter se cadastrado nas duas \u00faltimas edi\u00e7\u00f5es da Expofeira \u2014 ser\u00e1 considerada a ordem de participa\u00e7\u00e3o: primeiro na 44\u00aa, em 2019, depois na 45\u00aa, em 2024.<\/p>\n<p>O espa\u00e7o do Parque de Exposi\u00e7\u00e3o destinado \u00e0s atividades comerciais ser\u00e1 dividido em 145 lotes, com dimens\u00f5es que variam de 1,5 metro quadrado a 288 metros quadrados.<\/p>\n<p>O recadastramento vai obedecer aos setores de atividades e datas \u2013 sempre das 9h \u00e0s 16h.<\/p>\n<ul class=\"wp-block-list\">\n<li>Lote 1 \u2013 jogos: 05\/08<\/li>\n<li>Lote 2 \u2013 brinquedos: 05\/08<\/li>\n<li>Lote 3 \u2013 lanche: 06\/08<\/li>\n<li>Lote 4 \u2013 trailers\/food truck: 07\/08<\/li>\n<li>Lote 5 \u2013 comidas e bebidas: 07\/08<\/li>\n<li>Lote 6 \u2013 restaurante\/churrascaria: 08\/08<\/li>\n<li>Lote 7 \u2013 churrascaria (12\u00d724): 08\/08<\/li>\n<li>Lote 8 \u2013 carrinho de pipoca: 08\/08<\/li>\n<li>Lote 9 \u2013 baleiro\/doces: 08\/08<\/li>\n<li>Lote 10 \u2013 algod\u00e3o doce: 08\/08<\/li>\n<li>Lote 11 \u2013 ma\u00e7\u00e3 do amor: 08\/08<\/li>\n<li>Lote 12 \u2013 acaraj\u00e9: 08\/08<\/li>\n<\/ul>\n<p>Informa\u00e7\u00f5es sobre todo o procedimento para o recadastramento, como direitos, obriga\u00e7\u00f5es e penalidades, est\u00e3o na portaria publicada pela Secretaria de Agricultura, dispon\u00edvel na edi\u00e7\u00e3o desta quarta-feira (30) do Di\u00e1rio Oficial do Munic\u00edpio.<\/p>\n<p><em>Com informa\u00e7\u00f5es da Secretaria Municipal de Comunica\u00e7\u00e3o Social (Secom)<\/em><\/p>\n<p><em>Siga o Acorda Cidade no<\/em><a href=\"https:\/\/news.google.com\/search?q=acorda%20cidade&amp;hl=pt-BR&amp;gl=BR&amp;ceid=BR%3Apt-419\"><strong><em>\u00a0Google Not\u00edcias<\/em><\/strong><\/a><em>\u00a0e receba os principais destaques do dia. Participe tamb\u00e9m dos nossos canais no\u00a0<\/em><a href=\"https:\/\/www.whatsapp.com\/channel\/0029Va6Rb4v3WHTNnsh8WI3N\"><strong><em>WhatsApp<\/em><\/strong><\/a><em>\u00a0e\u00a0<\/em><a href=\"https:\/\/www.youtube.com\/@acordacidadenoticias\/videos\"><strong>Youtube<\/strong><\/a><em>\u00a0e grupo de\u00a0<\/em><a href=\"https:\/\/t.me\/+sSz0khrgARA0ZmRh\"><strong><em>Telegram<\/em><\/strong><\/a><em>.<\/em><\/p>\n<\/div>\n","protected":false},"excerpt":{"rendered":"<div>\n<div>\n<figure><img decoding=\"async\" src=\"https:\/\/uploads.acordacidade.com.br\/2025\/07\/expofeira-.webp\" alt=\"expofeira\"><figcaption>Foto: Jorge Magalh\u00e3es<\/figcaption><\/figure>\n<\/div>\n<p>A 46\u00aa Expofeira, uma das mais importantes mostras da agropecu\u00e1ria de todo o Nordeste,  vai acontecer de 7 a 14 de setembro.<\/p><\/div>\n","protected":false},"author":1,"featured_media":95251,"comment_status":"closed","ping_status":"closed","sticky":false,"template":"","format":"gallery","meta":{"footnotes":""},"categories":[8,9,6,57,56,10],"tags":[],"class_list":["post-95250","post","type-post","status-publish","format-gallery","has-post-thumbnail","hentry","category-bahia","category-brasil","category-feira-de-santana","category-mundo","category-policia","category-politica","post_format-post-format-gallery"],"featured_image_urls":{"full":["https:\/\/noticiasbahia360.com.br\/wp-content\/uploads\/2025\/07\/expofeira-.webp",1200,799,false],"thumbnail":["https:\/\/noticiasbahia360.com.br\/wp-content\/uploads\/2025\/07\/expofeira--150x150.webp",150,150,true],"medium":["https:\/\/noticiasbahia360.com.br\/wp-content\/uploads\/2025\/07\/expofeira--300x200.webp",300,200,true],"medium_large":["https:\/\/noticiasbahia360.com.br\/wp-content\/uploads\/2025\/07\/expofeira--768x511.webp",640,426,true],"large":["https:\/\/noticiasbahia360.com.br\/wp-content\/uploads\/2025\/07\/expofeira--1024x682.webp",640,426,true],"1536x1536":["https:\/\/noticiasbahia360.com.br\/wp-content\/uploads\/2025\/07\/expofeira-.webp",1200,799,false],"2048x2048":["https:\/\/noticiasbahia360.com.br\/wp-content\/uploads\/2025\/07\/expofeira-.webp",1200,799,false],"chromenews-featured":["https:\/\/noticiasbahia360.com.br\/wp-content\/uploads\/2025\/07\/expofeira--1024x682.webp",1024,682,true],"chromenews-large":["https:\/\/noticiasbahia360.com.br\/wp-content\/uploads\/2025\/07\/expofeira--825x575.webp",825,575,true],"chromenews-medium":["https:\/\/noticiasbahia360.com.br\/wp-content\/uploads\/2025\/07\/expofeira--590x410.webp",590,410,true]},"author_info":{"display_name":"noticiasbahia360.com.br","author_link":"https:\/\/noticiasbahia360.com.br\/?author=1"},"category_info":"<a href=\"https:\/\/noticiasbahia360.com.br\/?cat=8\" rel=\"category\">Bahia<\/a> <a href=\"https:\/\/noticiasbahia360.com.br\/?cat=9\" rel=\"category\">Brasil<\/a> <a href=\"https:\/\/noticiasbahia360.com.br\/?cat=6\" rel=\"category\">Feira de Santana<\/a> <a href=\"https:\/\/noticiasbahia360.com.br\/?cat=57\" rel=\"category\">Mundo<\/a> <a href=\"https:\/\/noticiasbahia360.com.br\/?cat=56\" rel=\"category\">Pol\u00edcia<\/a> <a href=\"https:\/\/noticiasbahia360.com.br\/?cat=10\" rel=\"category\">Pol\u00edtica<\/a>","tag_info":"Pol\u00edtica","comment_count":"0","_links":{"self":[{"href":"https:\/\/noticiasbahia360.com.br\/index.php?rest_route=\/wp\/v2\/posts\/95250","targetHints":{"allow":["GET"]}}],"collection":[{"href":"https:\/\/noticiasbahia360.com.br\/index.php?rest_route=\/wp\/v2\/posts"}],"about":[{"href":"https:\/\/noticiasbahia360.com.br\/index.php?rest_route=\/wp\/v2\/types\/post"}],"author":[{"embeddable":true,"href":"https:\/\/noticiasbahia360.com.br\/index.php?rest_route=\/wp\/v2\/users\/1"}],"replies":[{"embeddable":true,"href":"https:\/\/noticiasbahia360.com.br\/index.php?rest_route=%2Fwp%2Fv2%2Fcomments&post=95250"}],"version-history":[{"count":0,"href":"https:\/\/noticiasbahia360.com.br\/index.php?rest_route=\/wp\/v2\/posts\/95250\/revisions"}],"wp:featuredmedia":[{"embeddable":true,"href":"https:\/\/noticiasbahia360.com.br\/index.php?rest_route=\/wp\/v2\/media\/95251"}],"wp:attachment":[{"href":"https:\/\/noticiasbahia360.com.br\/index.php?rest_route=%2Fwp%2Fv2%2Fmedia&parent=95250"}],"wp:term":[{"taxonomy":"category","embeddable":true,"href":"https:\/\/noticiasbahia360.com.br\/index.php?rest_route=%2Fwp%2Fv2%2Fcategories&post=95250"},{"taxonomy":"post_tag","embeddable":true,"href":"https:\/\/noticiasbahia360.com.br\/index.php?rest_route=%2Fwp%2Fv2%2Ftags&post=95250"}],"curies":[{"name":"wp","href":"https:\/\/api.w.org\/{rel}","templated":true}]}}