{"id":95254,"date":"2025-07-30T19:58:12","date_gmt":"2025-07-30T22:58:12","guid":{"rendered":"https:\/\/noticiasbahia360.com.br\/?p=95254"},"modified":"2025-07-30T19:58:12","modified_gmt":"2025-07-30T22:58:12","slug":"complexo-policial-de-feira-de-santana-passa-a-contar-com-atendimento-humanizado-do-programa-aqui-tem-sac-veja-como-funciona","status":"publish","type":"post","link":"https:\/\/noticiasbahia360.com.br\/?p=95254","title":{"rendered":"Complexo Policial de Feira de Santana passa a contar com atendimento humanizado do programa \u201cAqui Tem SAC\u201d; veja como funciona"},"content":{"rendered":"<div>\n<div>\n<figure><img decoding=\"async\" src=\"http:\/\/noticiasbahia360.com.br\/wp-content\/uploads\/2025\/07\/Policia-Civil-PC-foto-Ascom-PCBA.jpg\" alt=\"Pol\u00edcia Civil da Bahia\"><figcaption>Foto:  Ascom\/PCBA<\/figcaption><\/figure>\n<\/div>\n<p>O Complexo de Delegacias de Feira de Santana, localizado no bairro Sobradinho, passou a contar com uma unidade do programa Aqui Tem SAC, inaugurada na manh\u00e3 desta quarta-feira (30). A iniciativa \u00e9 resultado da parceria entre as Secretarias da Seguran\u00e7a P\u00fablica (SSP) e da Administra\u00e7\u00e3o do Estado (Saeb), com o objetivo de oferecer ao cidad\u00e3o um atendimento mais humanizado, moderno e eficiente nas unidades da Pol\u00edcia Civil.<\/p>\n<p><strong>Seis colaboradores do Servi\u00e7o de Atendimento ao Cidad\u00e3o (SAC) foram integrados \u00e0 equipe e est\u00e3o aptos a atuar no registro de ocorr\u00eancias, agendamento de atendimentos, presta\u00e7\u00e3o de informa\u00e7\u00f5es, controle de fluxo e emiss\u00e3o de senhas.<\/strong><\/p>\n<p>A implanta\u00e7\u00e3o do programa Aqui Tem SAC contempla os servi\u00e7os prestados no complexo, que re\u00fane a 1\u00aa Coordenadoria Regional de Pol\u00edcia do Interior (Coorpin), a 2\u00aa Delegacia Territorial do munic\u00edpio, a Delegacia de Repress\u00e3o a Furtos e Roubos (DRFR), a Central de Flagrantes, a Delegacia de Repress\u00e3o a Furtos e Roubos de Cargas em Rodovias (Decarga) e a Delegacia para o Adolescente Infrator (DAI).<\/p>\n<p>Com mais essa unidade, o programa amplia a rede j\u00e1 iniciada na Delegacia para o Adolescente Infrator (DAI), na Delegacia Especializada de Repress\u00e3o a Crimes Contra a Crian\u00e7a e o Adolescente (Dercca) e no Centro Policial de Cidadania e Diversidade (CPCD), localizado no Engenho Velho de Brotas, em Salvador.<\/p>\n<p><em>Siga o Acorda Cidade no<\/em><a href=\"https:\/\/news.google.com\/search?q=acorda%20cidade&amp;hl=pt-BR&amp;gl=BR&amp;ceid=BR%3Apt-419\"><strong><em> Google Not\u00edcias<\/em><\/strong><\/a><em> e receba os principais destaques do dia. Participe tamb\u00e9m dos nossos canais no <\/em><a href=\"https:\/\/www.whatsapp.com\/channel\/0029Va6Rb4v3WHTNnsh8WI3N\"><strong><em>WhatsApp<\/em><\/strong><\/a><em> e <\/em><a href=\"https:\/\/www.youtube.com\/@acordacidadenoticias\/videos\"><strong>YouTube<\/strong><\/a><em> e grupo de <\/em><a href=\"https:\/\/t.me\/+sSz0khrgARA0ZmRh\"><strong><em>Telegram<\/em><\/strong><\/a><em>.<\/em><\/p>\n<\/div>\n","protected":false},"excerpt":{"rendered":"<div>\n<div>\n<figure><img decoding=\"async\" src=\"https:\/\/uploads.acordacidade.com.br\/2025\/07\/Policia-Civil-PC-foto-Ascom-PCBA.jpg\" alt=\"Pol\u00edcia Civil da Bahia\"><figcaption>Foto:  Ascom\/PCBA<\/figcaption><\/figure>\n<\/div>\n<p>A implanta\u00e7\u00e3o do programa Aqui Tem SAC contempla os servi\u00e7os prestados no complexo de Delegacias de Feira de Santana.<\/p><\/div>\n","protected":false},"author":1,"featured_media":95255,"comment_status":"closed","ping_status":"closed","sticky":false,"template":"","format":"gallery","meta":{"footnotes":""},"categories":[8,9,6,57,56,10],"tags":[],"class_list":["post-95254","post","type-post","status-publish","format-gallery","has-post-thumbnail","hentry","category-bahia","category-brasil","category-feira-de-santana","category-mundo","category-policia","category-politica","post_format-post-format-gallery"],"featured_image_urls":{"full":["https:\/\/noticiasbahia360.com.br\/wp-content\/uploads\/2025\/07\/Policia-Civil-PC-foto-Ascom-PCBA.jpg",1200,800,false],"thumbnail":["https:\/\/noticiasbahia360.com.br\/wp-content\/uploads\/2025\/07\/Policia-Civil-PC-foto-Ascom-PCBA-150x150.jpg",150,150,true],"medium":["https:\/\/noticiasbahia360.com.br\/wp-content\/uploads\/2025\/07\/Policia-Civil-PC-foto-Ascom-PCBA-300x200.jpg",300,200,true],"medium_large":["https:\/\/noticiasbahia360.com.br\/wp-content\/uploads\/2025\/07\/Policia-Civil-PC-foto-Ascom-PCBA-768x512.jpg",640,427,true],"large":["https:\/\/noticiasbahia360.com.br\/wp-content\/uploads\/2025\/07\/Policia-Civil-PC-foto-Ascom-PCBA-1024x683.jpg",640,427,true],"1536x1536":["https:\/\/noticiasbahia360.com.br\/wp-content\/uploads\/2025\/07\/Policia-Civil-PC-foto-Ascom-PCBA.jpg",1200,800,false],"2048x2048":["https:\/\/noticiasbahia360.com.br\/wp-content\/uploads\/2025\/07\/Policia-Civil-PC-foto-Ascom-PCBA.jpg",1200,800,false],"chromenews-featured":["https:\/\/noticiasbahia360.com.br\/wp-content\/uploads\/2025\/07\/Policia-Civil-PC-foto-Ascom-PCBA-1024x683.jpg",1024,683,true],"chromenews-large":["https:\/\/noticiasbahia360.com.br\/wp-content\/uploads\/2025\/07\/Policia-Civil-PC-foto-Ascom-PCBA-825x575.jpg",825,575,true],"chromenews-medium":["https:\/\/noticiasbahia360.com.br\/wp-content\/uploads\/2025\/07\/Policia-Civil-PC-foto-Ascom-PCBA-590x410.jpg",590,410,true]},"author_info":{"display_name":"noticiasbahia360.com.br","author_link":"https:\/\/noticiasbahia360.com.br\/?author=1"},"category_info":"<a href=\"https:\/\/noticiasbahia360.com.br\/?cat=8\" rel=\"category\">Bahia<\/a> <a href=\"https:\/\/noticiasbahia360.com.br\/?cat=9\" rel=\"category\">Brasil<\/a> <a href=\"https:\/\/noticiasbahia360.com.br\/?cat=6\" rel=\"category\">Feira de Santana<\/a> <a href=\"https:\/\/noticiasbahia360.com.br\/?cat=57\" rel=\"category\">Mundo<\/a> <a href=\"https:\/\/noticiasbahia360.com.br\/?cat=56\" rel=\"category\">Pol\u00edcia<\/a> <a href=\"https:\/\/noticiasbahia360.com.br\/?cat=10\" rel=\"category\">Pol\u00edtica<\/a>","tag_info":"Pol\u00edtica","comment_count":"0","_links":{"self":[{"href":"https:\/\/noticiasbahia360.com.br\/index.php?rest_route=\/wp\/v2\/posts\/95254","targetHints":{"allow":["GET"]}}],"collection":[{"href":"https:\/\/noticiasbahia360.com.br\/index.php?rest_route=\/wp\/v2\/posts"}],"about":[{"href":"https:\/\/noticiasbahia360.com.br\/index.php?rest_route=\/wp\/v2\/types\/post"}],"author":[{"embeddable":true,"href":"https:\/\/noticiasbahia360.com.br\/index.php?rest_route=\/wp\/v2\/users\/1"}],"replies":[{"embeddable":true,"href":"https:\/\/noticiasbahia360.com.br\/index.php?rest_route=%2Fwp%2Fv2%2Fcomments&post=95254"}],"version-history":[{"count":0,"href":"https:\/\/noticiasbahia360.com.br\/index.php?rest_route=\/wp\/v2\/posts\/95254\/revisions"}],"wp:featuredmedia":[{"embeddable":true,"href":"https:\/\/noticiasbahia360.com.br\/index.php?rest_route=\/wp\/v2\/media\/95255"}],"wp:attachment":[{"href":"https:\/\/noticiasbahia360.com.br\/index.php?rest_route=%2Fwp%2Fv2%2Fmedia&parent=95254"}],"wp:term":[{"taxonomy":"category","embeddable":true,"href":"https:\/\/noticiasbahia360.com.br\/index.php?rest_route=%2Fwp%2Fv2%2Fcategories&post=95254"},{"taxonomy":"post_tag","embeddable":true,"href":"https:\/\/noticiasbahia360.com.br\/index.php?rest_route=%2Fwp%2Fv2%2Ftags&post=95254"}],"curies":[{"name":"wp","href":"https:\/\/api.w.org\/{rel}","templated":true}]}}