{"id":95256,"date":"2025-07-30T21:22:08","date_gmt":"2025-07-31T00:22:08","guid":{"rendered":"https:\/\/noticiasbahia360.com.br\/?p=95256"},"modified":"2025-07-30T21:22:08","modified_gmt":"2025-07-31T00:22:08","slug":"criacao-de-games-black-xp-bootcamp-abre-inscricoes-em-feira-de-santana-para-capacitacao-gratuita-de-jovens-negros-e-indigenas","status":"publish","type":"post","link":"https:\/\/noticiasbahia360.com.br\/?p=95256","title":{"rendered":"Cria\u00e7\u00e3o de games: Black XP BootCamp abre inscri\u00e7\u00f5es em Feira de Santana para capacita\u00e7\u00e3o gratuita de jovens negros e ind\u00edgenas"},"content":{"rendered":"<div>\n<div>\n<figure><img decoding=\"async\" src=\"http:\/\/noticiasbahia360.com.br\/wp-content\/uploads\/2025\/07\/Black-XP-BootCamp-Feira-de-Santana-capacita-jovens-negros-e-indigenas-a-criarem-games.jpg\" alt=\"Black XP BootCamp Feira de Santana capacita jovens negros e ind\u00edgenas a criarem games\"><figcaption>Foto: Divulga\u00e7\u00e3o<\/figcaption><\/figure>\n<\/div>\n<p>Est\u00e3o abertas, at\u00e9 o dia 28 de agosto, as inscri\u00e7\u00f5es para o Black XP BootCamp em Feira de Santana. <strong>O programa de desenvolvimento de games tem como objetivo capacitar jovens de 17 a 25 anos, estudantes de cursos t\u00e9cnicos e universit\u00e1rios das \u00e1reas de tecnologia, design e afins, que se identifiquem como negros ou ind\u00edgenas, cis ou trans, e residam no munic\u00edpio baiano<em><a href=\"https:\/\/docs.google.com\/forms\/d\/e\/1FAIpQLSdJ8Ggbmy1EOYayPEv2F1JkENM23nwdun6FpFAXrQhY1lIlOw\/viewform\" target=\"_blank\" rel=\"noreferrer noopener\"> (Inscri\u00e7\u00f5es aqui).<\/a><\/em><\/strong><\/p>\n<p>O curso \u00e9 gratuito para 30 bolsistas selecionados, e tamb\u00e9m oferece vagas com bolsas parciais de 50% e 70%, al\u00e9m de bolsas integrais. A divulga\u00e7\u00e3o dos resultados para os selecionados ser\u00e1 feita em 30 de agosto. As aulas come\u00e7am no dia 2 de setembro e seguem por 12 semanas,  sendo 11 semanas online e uma semana final imersiva, presencial em Feira de Santana.<\/p>\n<p>Com carga hor\u00e1ria de 240 horas, o BootCamp ser\u00e1 realizado em uma plataforma digital e contar\u00e1 com videoaulas, encontros ao vivo e uma etapa presencial na qual os participantes desenvolver\u00e3o e apresentar\u00e3o prot\u00f3tipos de jogos jog\u00e1veis. A entrega final inclui a apresenta\u00e7\u00e3o de pitch para uma banca avaliadora e certifica\u00e7\u00e3o via NFT, v\u00e1lida para compor o portf\u00f3lio profissional dos participantes.<\/p>\n<p>Durante a jornada, os estudantes poder\u00e3o receber premia\u00e7\u00f5es, como gift cards para plataformas de games, assinaturas de softwares e streaming, al\u00e9m de kits de premia\u00e7\u00e3o destinados aos tr\u00eas melhores projetos desenvolvidos ao final do curso.<\/p>\n<p>Conforme destaca a assessoria de comunica\u00e7\u00e3o, sob o conceito criativo \u201cFeira \u00e9 C\u00f3digo\u201d, a campanha posiciona Feira de Santana n\u00e3o apenas como passagem, mas como ponto de partida para protagonismo tech negro. Inspirada na imagem da \u201cPrincesa do Sert\u00e3o\u201d que antes era figura passiva, agora \u00e9 realeza do c\u00f3digo. O projeto prop\u00f5e uma releitura potente: \u201cEla aprendeu a hackear o sistema, \u00e9 l\u00edder de squad e mentora, reprograma narrativas coloniais com autonomia e vis\u00e3o de futuro.\u201d Visualmente, a Princesa do Sert\u00e3o remete ao afrofuturismo sertanejo, combinando turbante como headset, adere\u00e7os tecnol\u00f3gicos e linguagem est\u00e9tica h\u00edbrida.<\/p>\n<p>O projeto de desenvolvimento de games foi contemplado nos Editais da Pol\u00edtica Nacional Aldir Blanc Bahia e tem apoio financeiro do Governo do Estado da Bahia, por meio da Secretaria de Cultura do Estado via PNAB, direcionada pelo Minist\u00e9rio da Cultura \u2013 Governo Federal. <\/p>\n<p>O Black XP BootCamp foi selecionado entre 12 projetos audiovisuais voltados \u00e0 forma\u00e7\u00e3o cultural, valorizando iniciativas protagonizadas por pessoas negras e conta com apoio institucional da Alura e Fiap.<\/p>\n<p>\u201cComo desenvolvedora de software, acredito no poder da tecnologia como ferramenta de transforma\u00e7\u00e3o, mas, acima de tudo, acredito no poder da coletividade. Para al\u00e9m de estarmos criando jogos, estamos hackeando o sistema com vis\u00e3o de futuro. Isso \u00e9 a Black\u202fXP\u201d, declara Andressa Borges, desenvolvedora de software s\u00eanior, mulher negra perif\u00e9rica e l\u00edder t\u00e9cnica no time do Black XP Game Jam, que une c\u00f3digo, ancestralidade e impacto social.<\/p>\n<p><em>Siga o Acorda Cidade no<\/em><a href=\"https:\/\/news.google.com\/search?q=acorda%20cidade&amp;hl=pt-BR&amp;gl=BR&amp;ceid=BR%3Apt-419\"><strong><em>\u00a0Google Not\u00edcias<\/em><\/strong><\/a><em>\u00a0e receba os principais destaques do dia. Participe tamb\u00e9m dos nossos canais no\u00a0<\/em><a href=\"https:\/\/www.whatsapp.com\/channel\/0029Va6Rb4v3WHTNnsh8WI3N\"><strong><em>WhatsApp<\/em><\/strong><\/a><em>\u00a0e\u00a0<\/em><a href=\"https:\/\/www.youtube.com\/@acordacidadenoticias\/videos\"><strong>YouTube<\/strong><\/a><em>\u00a0e grupo de\u00a0<\/em><a href=\"https:\/\/t.me\/+sSz0khrgARA0ZmRh\"><strong><em>Telegram<\/em><\/strong><\/a><em>.<\/em><\/p>\n<\/div>\n","protected":false},"excerpt":{"rendered":"<div>\n<div>\n<figure><img decoding=\"async\" src=\"https:\/\/uploads.acordacidade.com.br\/2025\/07\/Black-XP-BootCamp-Feira-de-Santana-capacita-jovens-negros-e-indigenas-a-criarem-games.jpg\" alt=\"Black XP BootCamp Feira de Santana capacita jovens negros e ind\u00edgenas a criarem games\"><figcaption>Foto: Divulga\u00e7\u00e3o<\/figcaption><\/figure>\n<\/div>\n<p>Com carga hor\u00e1ria de 240 horas, o BootCamp ser\u00e1 realizado em uma plataforma digital e contar\u00e1 com videoaulas, encontros ao vivo e presencial.<\/p><\/div>\n","protected":false},"author":1,"featured_media":95257,"comment_status":"closed","ping_status":"closed","sticky":false,"template":"","format":"gallery","meta":{"footnotes":""},"categories":[8,9,6,57,56,10],"tags":[],"class_list":["post-95256","post","type-post","status-publish","format-gallery","has-post-thumbnail","hentry","category-bahia","category-brasil","category-feira-de-santana","category-mundo","category-policia","category-politica","post_format-post-format-gallery"],"featured_image_urls":{"full":["https:\/\/noticiasbahia360.com.br\/wp-content\/uploads\/2025\/07\/Black-XP-BootCamp-Feira-de-Santana-capacita-jovens-negros-e-indigenas-a-criarem-games.jpg",1200,801,false],"thumbnail":["https:\/\/noticiasbahia360.com.br\/wp-content\/uploads\/2025\/07\/Black-XP-BootCamp-Feira-de-Santana-capacita-jovens-negros-e-indigenas-a-criarem-games-150x150.jpg",150,150,true],"medium":["https:\/\/noticiasbahia360.com.br\/wp-content\/uploads\/2025\/07\/Black-XP-BootCamp-Feira-de-Santana-capacita-jovens-negros-e-indigenas-a-criarem-games-300x200.jpg",300,200,true],"medium_large":["https:\/\/noticiasbahia360.com.br\/wp-content\/uploads\/2025\/07\/Black-XP-BootCamp-Feira-de-Santana-capacita-jovens-negros-e-indigenas-a-criarem-games-768x513.jpg",640,428,true],"large":["https:\/\/noticiasbahia360.com.br\/wp-content\/uploads\/2025\/07\/Black-XP-BootCamp-Feira-de-Santana-capacita-jovens-negros-e-indigenas-a-criarem-games-1024x684.jpg",640,428,true],"1536x1536":["https:\/\/noticiasbahia360.com.br\/wp-content\/uploads\/2025\/07\/Black-XP-BootCamp-Feira-de-Santana-capacita-jovens-negros-e-indigenas-a-criarem-games.jpg",1200,801,false],"2048x2048":["https:\/\/noticiasbahia360.com.br\/wp-content\/uploads\/2025\/07\/Black-XP-BootCamp-Feira-de-Santana-capacita-jovens-negros-e-indigenas-a-criarem-games.jpg",1200,801,false],"chromenews-featured":["https:\/\/noticiasbahia360.com.br\/wp-content\/uploads\/2025\/07\/Black-XP-BootCamp-Feira-de-Santana-capacita-jovens-negros-e-indigenas-a-criarem-games-1024x684.jpg",1024,684,true],"chromenews-large":["https:\/\/noticiasbahia360.com.br\/wp-content\/uploads\/2025\/07\/Black-XP-BootCamp-Feira-de-Santana-capacita-jovens-negros-e-indigenas-a-criarem-games-825x575.jpg",825,575,true],"chromenews-medium":["https:\/\/noticiasbahia360.com.br\/wp-content\/uploads\/2025\/07\/Black-XP-BootCamp-Feira-de-Santana-capacita-jovens-negros-e-indigenas-a-criarem-games-590x410.jpg",590,410,true]},"author_info":{"display_name":"noticiasbahia360.com.br","author_link":"https:\/\/noticiasbahia360.com.br\/?author=1"},"category_info":"<a href=\"https:\/\/noticiasbahia360.com.br\/?cat=8\" rel=\"category\">Bahia<\/a> <a href=\"https:\/\/noticiasbahia360.com.br\/?cat=9\" rel=\"category\">Brasil<\/a> <a href=\"https:\/\/noticiasbahia360.com.br\/?cat=6\" rel=\"category\">Feira de Santana<\/a> <a href=\"https:\/\/noticiasbahia360.com.br\/?cat=57\" rel=\"category\">Mundo<\/a> <a href=\"https:\/\/noticiasbahia360.com.br\/?cat=56\" rel=\"category\">Pol\u00edcia<\/a> <a href=\"https:\/\/noticiasbahia360.com.br\/?cat=10\" rel=\"category\">Pol\u00edtica<\/a>","tag_info":"Pol\u00edtica","comment_count":"0","_links":{"self":[{"href":"https:\/\/noticiasbahia360.com.br\/index.php?rest_route=\/wp\/v2\/posts\/95256","targetHints":{"allow":["GET"]}}],"collection":[{"href":"https:\/\/noticiasbahia360.com.br\/index.php?rest_route=\/wp\/v2\/posts"}],"about":[{"href":"https:\/\/noticiasbahia360.com.br\/index.php?rest_route=\/wp\/v2\/types\/post"}],"author":[{"embeddable":true,"href":"https:\/\/noticiasbahia360.com.br\/index.php?rest_route=\/wp\/v2\/users\/1"}],"replies":[{"embeddable":true,"href":"https:\/\/noticiasbahia360.com.br\/index.php?rest_route=%2Fwp%2Fv2%2Fcomments&post=95256"}],"version-history":[{"count":0,"href":"https:\/\/noticiasbahia360.com.br\/index.php?rest_route=\/wp\/v2\/posts\/95256\/revisions"}],"wp:featuredmedia":[{"embeddable":true,"href":"https:\/\/noticiasbahia360.com.br\/index.php?rest_route=\/wp\/v2\/media\/95257"}],"wp:attachment":[{"href":"https:\/\/noticiasbahia360.com.br\/index.php?rest_route=%2Fwp%2Fv2%2Fmedia&parent=95256"}],"wp:term":[{"taxonomy":"category","embeddable":true,"href":"https:\/\/noticiasbahia360.com.br\/index.php?rest_route=%2Fwp%2Fv2%2Fcategories&post=95256"},{"taxonomy":"post_tag","embeddable":true,"href":"https:\/\/noticiasbahia360.com.br\/index.php?rest_route=%2Fwp%2Fv2%2Ftags&post=95256"}],"curies":[{"name":"wp","href":"https:\/\/api.w.org\/{rel}","templated":true}]}}