{"id":95258,"date":"2025-07-30T21:46:05","date_gmt":"2025-07-31T00:46:05","guid":{"rendered":"https:\/\/noticiasbahia360.com.br\/?p=95258"},"modified":"2025-07-30T21:46:05","modified_gmt":"2025-07-31T00:46:05","slug":"apos-mochila-prender-em-roda-tres-criancas-caem-de-moto-em-riachao-do-jacuipe","status":"publish","type":"post","link":"https:\/\/noticiasbahia360.com.br\/?p=95258","title":{"rendered":"Ap\u00f3s mochila prender em roda, tr\u00eas crian\u00e7as caem de moto em Riach\u00e3o do Jacu\u00edpe"},"content":{"rendered":"<div>\n<div>\n<figure><img decoding=\"async\" src=\"http:\/\/noticiasbahia360.com.br\/wp-content\/uploads\/2025\/07\/Tres-criancas-ficaram-feridas-apos-acidente-com-motocicleta-em-Riachao-do-Jacuipe.jpg\" alt=\"Tr\u00eas crian\u00e7as ficaram feridas ap\u00f3s acidente com motocicleta em Riach\u00e3o do Jacu\u00edpe\"><figcaption> Foto: Brigada Anjos Jacuipenses<\/figcaption><\/figure>\n<\/div>\n<p>Tr\u00eas crian\u00e7as ca\u00edram de uma motocicleta por volta das 17h30 da \u00faltima ter\u00e7a-feira (29), no povoado Beira Rio, zona rural de Riach\u00e3o do Jacu\u00edpe. O acidente ocorreu ap\u00f3s a mochila de uma das crian\u00e7as prender na roda do ve\u00edculo.<\/p>\n<p>A moto era conduzida pelo pai delas. De acordo com a Brigada Anjos Jacuipenses, que prestou socorro no local, uma das crian\u00e7as sofreu ferimentos na cabe\u00e7a. O condutor apresentava suspeita de fraturas e as outras duas <a href=\"https:\/\/www.acordacidade.com.br\/tag\/criancas\/\">crian\u00e7as <\/a>tiveram ferimentos leves.<\/p>\n<p>As v\u00edtimas foram levadas ao Hospital Municipal de Riach\u00e3o do Jacu\u00edpe. Ao Acorda Cidade, a brigada informou que duas crian\u00e7as tiveram alto no mesmo dia, enquanto o pai foi pra regula\u00e7\u00e3o e uma das crian\u00e7as ficou em observa\u00e7\u00e3o.<\/p>\n<p><em>Siga o Acorda Cidade no<\/em><a href=\"https:\/\/news.google.com\/search?q=acorda%20cidade&amp;hl=pt-BR&amp;gl=BR&amp;ceid=BR%3Apt-419\"><strong><em> Google Not\u00edcias<\/em><\/strong><\/a><em> e receba os principais destaques do dia. Participe tamb\u00e9m dos nossos canais no <\/em><a href=\"https:\/\/www.whatsapp.com\/channel\/0029Va6Rb4v3WHTNnsh8WI3N\"><strong><em>WhatsApp<\/em><\/strong><\/a><em> e <\/em><a href=\"https:\/\/www.youtube.com\/@acordacidadenoticias\/videos\"><strong>YouTube<\/strong><\/a><em> e grupo de <\/em><a href=\"https:\/\/t.me\/+sSz0khrgARA0ZmRh\"><strong><em>Telegram<\/em><\/strong><\/a><em>.<\/em><\/p>\n<\/div>\n","protected":false},"excerpt":{"rendered":"<div>\n<div>\n<figure><img decoding=\"async\" src=\"https:\/\/uploads.acordacidade.com.br\/2025\/07\/Tres-criancas-ficaram-feridas-apos-acidente-com-motocicleta-em-Riachao-do-Jacuipe.jpg\" alt=\"Tr\u00eas crian\u00e7as ficaram feridas ap\u00f3s acidente com motocicleta em Riach\u00e3o do Jacu\u00edpe\"><figcaption> Foto: Brigada Anjos Jacuipenses<\/figcaption><\/figure>\n<\/div>\n<p>A moto era conduzida pelo pai delas. As v\u00edtimas foram levadas ao Hospital Municipal de Riach\u00e3o do Jacu\u00edpe.<\/p><\/div>\n","protected":false},"author":1,"featured_media":95259,"comment_status":"closed","ping_status":"closed","sticky":false,"template":"","format":"gallery","meta":{"footnotes":""},"categories":[8,9,6,57,56,10],"tags":[],"class_list":["post-95258","post","type-post","status-publish","format-gallery","has-post-thumbnail","hentry","category-bahia","category-brasil","category-feira-de-santana","category-mundo","category-policia","category-politica","post_format-post-format-gallery"],"featured_image_urls":{"full":["https:\/\/noticiasbahia360.com.br\/wp-content\/uploads\/2025\/07\/Tres-criancas-ficaram-feridas-apos-acidente-com-motocicleta-em-Riachao-do-Jacuipe.jpg",1200,751,false],"thumbnail":["https:\/\/noticiasbahia360.com.br\/wp-content\/uploads\/2025\/07\/Tres-criancas-ficaram-feridas-apos-acidente-com-motocicleta-em-Riachao-do-Jacuipe-150x150.jpg",150,150,true],"medium":["https:\/\/noticiasbahia360.com.br\/wp-content\/uploads\/2025\/07\/Tres-criancas-ficaram-feridas-apos-acidente-com-motocicleta-em-Riachao-do-Jacuipe-300x188.jpg",300,188,true],"medium_large":["https:\/\/noticiasbahia360.com.br\/wp-content\/uploads\/2025\/07\/Tres-criancas-ficaram-feridas-apos-acidente-com-motocicleta-em-Riachao-do-Jacuipe-768x481.jpg",640,401,true],"large":["https:\/\/noticiasbahia360.com.br\/wp-content\/uploads\/2025\/07\/Tres-criancas-ficaram-feridas-apos-acidente-com-motocicleta-em-Riachao-do-Jacuipe-1024x641.jpg",640,401,true],"1536x1536":["https:\/\/noticiasbahia360.com.br\/wp-content\/uploads\/2025\/07\/Tres-criancas-ficaram-feridas-apos-acidente-com-motocicleta-em-Riachao-do-Jacuipe.jpg",1200,751,false],"2048x2048":["https:\/\/noticiasbahia360.com.br\/wp-content\/uploads\/2025\/07\/Tres-criancas-ficaram-feridas-apos-acidente-com-motocicleta-em-Riachao-do-Jacuipe.jpg",1200,751,false],"chromenews-featured":["https:\/\/noticiasbahia360.com.br\/wp-content\/uploads\/2025\/07\/Tres-criancas-ficaram-feridas-apos-acidente-com-motocicleta-em-Riachao-do-Jacuipe-1024x641.jpg",1024,641,true],"chromenews-large":["https:\/\/noticiasbahia360.com.br\/wp-content\/uploads\/2025\/07\/Tres-criancas-ficaram-feridas-apos-acidente-com-motocicleta-em-Riachao-do-Jacuipe-825x575.jpg",825,575,true],"chromenews-medium":["https:\/\/noticiasbahia360.com.br\/wp-content\/uploads\/2025\/07\/Tres-criancas-ficaram-feridas-apos-acidente-com-motocicleta-em-Riachao-do-Jacuipe-590x410.jpg",590,410,true]},"author_info":{"display_name":"noticiasbahia360.com.br","author_link":"https:\/\/noticiasbahia360.com.br\/?author=1"},"category_info":"<a href=\"https:\/\/noticiasbahia360.com.br\/?cat=8\" rel=\"category\">Bahia<\/a> <a href=\"https:\/\/noticiasbahia360.com.br\/?cat=9\" rel=\"category\">Brasil<\/a> <a href=\"https:\/\/noticiasbahia360.com.br\/?cat=6\" rel=\"category\">Feira de Santana<\/a> <a href=\"https:\/\/noticiasbahia360.com.br\/?cat=57\" rel=\"category\">Mundo<\/a> <a href=\"https:\/\/noticiasbahia360.com.br\/?cat=56\" rel=\"category\">Pol\u00edcia<\/a> <a href=\"https:\/\/noticiasbahia360.com.br\/?cat=10\" rel=\"category\">Pol\u00edtica<\/a>","tag_info":"Pol\u00edtica","comment_count":"0","_links":{"self":[{"href":"https:\/\/noticiasbahia360.com.br\/index.php?rest_route=\/wp\/v2\/posts\/95258","targetHints":{"allow":["GET"]}}],"collection":[{"href":"https:\/\/noticiasbahia360.com.br\/index.php?rest_route=\/wp\/v2\/posts"}],"about":[{"href":"https:\/\/noticiasbahia360.com.br\/index.php?rest_route=\/wp\/v2\/types\/post"}],"author":[{"embeddable":true,"href":"https:\/\/noticiasbahia360.com.br\/index.php?rest_route=\/wp\/v2\/users\/1"}],"replies":[{"embeddable":true,"href":"https:\/\/noticiasbahia360.com.br\/index.php?rest_route=%2Fwp%2Fv2%2Fcomments&post=95258"}],"version-history":[{"count":0,"href":"https:\/\/noticiasbahia360.com.br\/index.php?rest_route=\/wp\/v2\/posts\/95258\/revisions"}],"wp:featuredmedia":[{"embeddable":true,"href":"https:\/\/noticiasbahia360.com.br\/index.php?rest_route=\/wp\/v2\/media\/95259"}],"wp:attachment":[{"href":"https:\/\/noticiasbahia360.com.br\/index.php?rest_route=%2Fwp%2Fv2%2Fmedia&parent=95258"}],"wp:term":[{"taxonomy":"category","embeddable":true,"href":"https:\/\/noticiasbahia360.com.br\/index.php?rest_route=%2Fwp%2Fv2%2Fcategories&post=95258"},{"taxonomy":"post_tag","embeddable":true,"href":"https:\/\/noticiasbahia360.com.br\/index.php?rest_route=%2Fwp%2Fv2%2Ftags&post=95258"}],"curies":[{"name":"wp","href":"https:\/\/api.w.org\/{rel}","templated":true}]}}