{"id":95260,"date":"2025-07-30T22:37:39","date_gmt":"2025-07-31T01:37:39","guid":{"rendered":"https:\/\/noticiasbahia360.com.br\/?p=95260"},"modified":"2025-07-30T22:37:39","modified_gmt":"2025-07-31T01:37:39","slug":"reda-funceb-abre-50-vagas-administrativas-e-artisticas-de-niveis-tecnico-medio-e-superior","status":"publish","type":"post","link":"https:\/\/noticiasbahia360.com.br\/?p=95260","title":{"rendered":"Reda: Funceb abre 50 vagas administrativas e art\u00edsticas de n\u00edveis t\u00e9cnico, m\u00e9dio e superior"},"content":{"rendered":"<div>\n<div>\n<figure><img decoding=\"async\" src=\"http:\/\/noticiasbahia360.com.br\/wp-content\/uploads\/2025\/07\/Solar-das-Rosas-Sede-da-Funceb-Foto-Lucas-Malkut-Ascom-Funceb.jpg\" alt=\"Solar das Rodas Sede da Funceb Foto Lucas Malkut Ascom Funceb\"><figcaption>Foto Lucas Malkut Ascom Funceb<\/figcaption><\/figure>\n<\/div>\n<p>A Funda\u00e7\u00e3o Cultural do Estado da Bahia, unidade vinculada \u00e0 Secretaria de Cultura do Estado (SecultBA), lan\u00e7ou nesta quarta-feira (30), <a href=\"https:\/\/www.ba.gov.br\/fundacaocultural\/edital-de-abertura-de-inscricoes-no-012025-reda-0\" target=\"_blank\" rel=\"noreferrer noopener\">edital do Processo Seletivo Simplificado para contrata\u00e7\u00e3o de pessoal, por tempo determinado, em Regime Especial de Direito Administrativo (Reda), ao atendimento de necessidade de servi\u00e7o tempor\u00e1rio e excepcional. <\/a><\/p>\n<p><strong>S\u00e3o 50 vagas para T\u00e9cnico de N\u00edvel M\u00e9dio e Superior em \u00e1reas administrativas e art\u00edsticas. As inscri\u00e7\u00f5es seguem de 6 a 12 de agosto de 2025, por meio do site <a href=\"http:\/\/www.selecao.ba.gov.br\/\" target=\"_blank\" rel=\"noreferrer noopener\">www.selecao.ba.gov.br<\/a><\/strong> \/ (<a href=\"https:\/\/www.ba.gov.br\/fundacaocultural\/edital-de-abertura-de-inscricoes-no-012025-reda-0\" target=\"_blank\" rel=\"noreferrer noopener\">Leia o edital aqui<\/a>).<\/p>\n<p>O Processo Seletivo Simplificado ser\u00e1 realizado em duas etapas: Avalia\u00e7\u00e3o Curricular, de car\u00e1ter eliminat\u00f3rio e classificat\u00f3rio, atrav\u00e9s das informa\u00e7\u00f5es prestadas por meio do Formul\u00e1rio de Inscri\u00e7\u00e3o obrigat\u00f3rio e dos documentos apresentados; Audi\u00e7\u00e3o P\u00fablica, que avaliar\u00e1 habilidades e perfil profissional dos candidatos.<\/p>\n<p>A contrata\u00e7\u00e3o ser\u00e1 feita para Salvador\/BA, com atua\u00e7\u00e3o na sede da Funceb, no Teatro Castro Alves (BTCA\/Centro T\u00e9cnico) e no Centro de Forma\u00e7\u00e3o em Artes (CFA). Ter\u00e1 validade de um ano a contar da data da publica\u00e7\u00e3o da sua homologa\u00e7\u00e3o, podendo ser prorrogado uma vez, por igual per\u00edodo, a crit\u00e9rio da institui\u00e7\u00e3o. As remunera\u00e7\u00f5es v\u00e3o de R$ 2.161,87 a R$ 3.373,21.<\/p>\n<h2 class=\"wp-block-heading\" id=\"h-candidatos-as-amp-vagas\">Candidatos\/as &amp; Vagas<\/h2>\n<p>N\u00e3o poder\u00e3o ser contratados candidatos que j\u00e1 tiveram 72 meses de contrato em<a href=\"https:\/\/www.acordacidade.com.br\/tag\/reda\/\"> Reda<\/a> com o Estado. Ser\u00e1 reservado percentual de 5% das vagas para candidatos com defici\u00eancia, como previsto na Lei estadual n\u00ba 6.677, e 30% aos candidatos autodeclarados negros (preto\/pardo), conforme disposto na Lei estadual n\u00ba 13.182.<\/p>\n<ul class=\"wp-block-list\">\n<li>Apoio Administrativo N\u00edvel Superior (7 vagas)<\/li>\n<li>Apoio Contabilidade (3)<\/li>\n<li>Comunica\u00e7\u00e3o Social (2)<\/li>\n<li>Bailarino (a) (8)<\/li>\n<li>Cenografia (1)<\/li>\n<li>Professor(a) de Ballet Cl\u00e1ssico (1)<\/li>\n<li>Professor\/a de Teatro (1)<\/li>\n<li>Professor(a) de Dan\u00e7a Afrobrasileira (1)<\/li>\n<li>Professor(a) de Dan\u00e7a Contempor\u00e2nea (1)<\/li>\n<li>Professor(a) de Dan\u00e7a Moderna (1)<\/li>\n<li>Professor(a) de Dan\u00e7as Populares e Brincantes (1)<\/li>\n<li>Professor\/a de M\u00fasica (1)<\/li>\n<li>Apoio Administrativo N\u00edvel M\u00e9dio (12), Assistente de Arquivo (1)<\/li>\n<li>Camareira (1)<\/li>\n<li>Costureiro (1)<\/li>\n<li>Maquinista de Espet\u00e1culo (2)<\/li>\n<li>T\u00e9cnico de Som (1)<\/li>\n<li>Eletricista de Espet\u00e1culo (4).<\/li>\n<\/ul>\n<p><strong>Para as vagas art\u00edsticas \u2013 Bailarino (a), Professor (a) de Ballet Cl\u00e1ssico \/ Dan\u00e7a Afrobrasileira \/ Dan\u00e7a Moderna \u2013 Contempor\u00e2nea \/ Dan\u00e7a Moderna \/ Dan\u00e7as Populares Brincantes\/ Teatro \/ M\u00fasica \u2013 haver\u00e1 avalia\u00e7\u00f5es pr\u00e1ticas\/audi\u00e7\u00f5es p\u00fablicas na Escola de Dan\u00e7a da Funceb (Pelourinho), onde ser\u00e3o avaliadas as habilidades t\u00e9cnicas, criativas e pedag\u00f3gicas das pessoas candidatas.<\/strong><\/p>\n<p>As vagas destinadas \u00e0s \u00e1reas art\u00edsticas, como Bailarinos (as), atendem \u00e0 necessidade de ampliar as a\u00e7\u00f5es do Bal\u00e9 do Teatro Castro Alves (BTCA), bem como fortalecer o processo criativo da Companhia, ecoando na extens\u00e3o de suas apresenta\u00e7\u00f5es pela capital e interior. Fundado em abril de 1981, o BTCA foi a primeira companhia p\u00fablica de dan\u00e7a das regi\u00f5es Norte e Nordeste e \u00e9 a quinta companhia de dan\u00e7a do Brasil, uma refer\u00eancia na dan\u00e7a moderna e contempor\u00e2nea com mais de 100 montagens em seu repert\u00f3rio.<\/p>\n<p>J\u00e1 no Centro de Forma\u00e7\u00e3o em Artes (CFA), unidade que abriga a Escola de Dan\u00e7a da Funceb, as vagas docentes em Dan\u00e7a ser\u00e3o destinadas aos Cursos Preparat\u00f3rio e de Educa\u00e7\u00e3o Profissional T\u00e9cnico de N\u00edvel M\u00e9dio, que juntos re\u00fanem mais de 250 estudantes ao longo do ano. Tamb\u00e9m ser\u00e3o destinadas vagas de doc\u00eancia em Teatro (Curso de Inicia\u00e7\u00e3o Teatral) e M\u00fasica (Curso de Qualifica\u00e7\u00e3o em M\u00fasica), retomando forma\u00e7\u00f5es tradicionais do CFA.<\/p>\n<p><strong>As inscri\u00e7\u00f5es para o processo seletivo ficar\u00e3o abertas, exclusivamente via Internet no site selecao.ba.gov.br, no per\u00edodo das 8h do dia 6 de agosto \u00e0s 23:59 do dia 12 de agosto de 2025 \u2013 hor\u00e1rio de Bras\u00edlia\/DF.<\/strong><\/p>\n<p><strong>Edital: <\/strong>https:\/\/www.ba.gov.br\/fundacaocultural\/edital-de-abertura-de-inscricoes-no-012025-reda-0<\/p>\n<p><em>Siga o Acorda Cidade no<\/em><a href=\"https:\/\/news.google.com\/search?q=acorda%20cidade&amp;hl=pt-BR&amp;gl=BR&amp;ceid=BR%3Apt-419\"><strong><em>\u00a0Google Not\u00edcias<\/em><\/strong><\/a><em>\u00a0e receba os principais destaques do dia. Participe tamb\u00e9m dos nossos canais no\u00a0<\/em><a href=\"https:\/\/www.whatsapp.com\/channel\/0029Va6Rb4v3WHTNnsh8WI3N\"><strong><em>WhatsApp<\/em><\/strong><\/a><em>\u00a0e\u00a0<\/em><a href=\"https:\/\/www.youtube.com\/@acordacidadenoticias\/videos\"><strong>YouTube<\/strong><\/a><em>\u00a0e grupo de\u00a0<\/em><a href=\"https:\/\/t.me\/+sSz0khrgARA0ZmRh\"><strong><em>Telegram<\/em><\/strong><\/a><em>.<\/em><\/p>\n<\/div>\n","protected":false},"excerpt":{"rendered":"<div>\n<div>\n<figure><img decoding=\"async\" src=\"https:\/\/uploads.acordacidade.com.br\/2025\/07\/Solar-das-Rosas-Sede-da-Funceb-Foto-Lucas-Malkut-Ascom-Funceb.jpg\" alt=\"Solar das Rodas Sede da Funceb Foto Lucas Malkut Ascom Funceb\"><figcaption>Foto Lucas Malkut Ascom Funceb<\/figcaption><\/figure>\n<\/div>\n<p>As vagas s\u00e3o para Salvador, com atua\u00e7\u00e3o na sede da Funceb, no Teatro Castro Alves (BTCA\/Centro T\u00e9cnico) e no Centro de Forma\u00e7\u00e3o em Artes.<\/p><\/div>\n","protected":false},"author":1,"featured_media":95261,"comment_status":"closed","ping_status":"closed","sticky":false,"template":"","format":"gallery","meta":{"footnotes":""},"categories":[8,9,6,57,56,10],"tags":[],"class_list":["post-95260","post","type-post","status-publish","format-gallery","has-post-thumbnail","hentry","category-bahia","category-brasil","category-feira-de-santana","category-mundo","category-policia","category-politica","post_format-post-format-gallery"],"featured_image_urls":{"full":["https:\/\/noticiasbahia360.com.br\/wp-content\/uploads\/2025\/07\/Solar-das-Rosas-Sede-da-Funceb-Foto-Lucas-Malkut-Ascom-Funceb.jpg",1300,867,false],"thumbnail":["https:\/\/noticiasbahia360.com.br\/wp-content\/uploads\/2025\/07\/Solar-das-Rosas-Sede-da-Funceb-Foto-Lucas-Malkut-Ascom-Funceb-150x150.jpg",150,150,true],"medium":["https:\/\/noticiasbahia360.com.br\/wp-content\/uploads\/2025\/07\/Solar-das-Rosas-Sede-da-Funceb-Foto-Lucas-Malkut-Ascom-Funceb-300x200.jpg",300,200,true],"medium_large":["https:\/\/noticiasbahia360.com.br\/wp-content\/uploads\/2025\/07\/Solar-das-Rosas-Sede-da-Funceb-Foto-Lucas-Malkut-Ascom-Funceb-768x512.jpg",640,427,true],"large":["https:\/\/noticiasbahia360.com.br\/wp-content\/uploads\/2025\/07\/Solar-das-Rosas-Sede-da-Funceb-Foto-Lucas-Malkut-Ascom-Funceb-1024x683.jpg",640,427,true],"1536x1536":["https:\/\/noticiasbahia360.com.br\/wp-content\/uploads\/2025\/07\/Solar-das-Rosas-Sede-da-Funceb-Foto-Lucas-Malkut-Ascom-Funceb.jpg",1300,867,false],"2048x2048":["https:\/\/noticiasbahia360.com.br\/wp-content\/uploads\/2025\/07\/Solar-das-Rosas-Sede-da-Funceb-Foto-Lucas-Malkut-Ascom-Funceb.jpg",1300,867,false],"chromenews-featured":["https:\/\/noticiasbahia360.com.br\/wp-content\/uploads\/2025\/07\/Solar-das-Rosas-Sede-da-Funceb-Foto-Lucas-Malkut-Ascom-Funceb-1024x683.jpg",1024,683,true],"chromenews-large":["https:\/\/noticiasbahia360.com.br\/wp-content\/uploads\/2025\/07\/Solar-das-Rosas-Sede-da-Funceb-Foto-Lucas-Malkut-Ascom-Funceb-825x575.jpg",825,575,true],"chromenews-medium":["https:\/\/noticiasbahia360.com.br\/wp-content\/uploads\/2025\/07\/Solar-das-Rosas-Sede-da-Funceb-Foto-Lucas-Malkut-Ascom-Funceb-590x410.jpg",590,410,true]},"author_info":{"display_name":"noticiasbahia360.com.br","author_link":"https:\/\/noticiasbahia360.com.br\/?author=1"},"category_info":"<a href=\"https:\/\/noticiasbahia360.com.br\/?cat=8\" rel=\"category\">Bahia<\/a> <a href=\"https:\/\/noticiasbahia360.com.br\/?cat=9\" rel=\"category\">Brasil<\/a> <a href=\"https:\/\/noticiasbahia360.com.br\/?cat=6\" rel=\"category\">Feira de Santana<\/a> <a href=\"https:\/\/noticiasbahia360.com.br\/?cat=57\" rel=\"category\">Mundo<\/a> <a href=\"https:\/\/noticiasbahia360.com.br\/?cat=56\" rel=\"category\">Pol\u00edcia<\/a> <a href=\"https:\/\/noticiasbahia360.com.br\/?cat=10\" rel=\"category\">Pol\u00edtica<\/a>","tag_info":"Pol\u00edtica","comment_count":"0","_links":{"self":[{"href":"https:\/\/noticiasbahia360.com.br\/index.php?rest_route=\/wp\/v2\/posts\/95260","targetHints":{"allow":["GET"]}}],"collection":[{"href":"https:\/\/noticiasbahia360.com.br\/index.php?rest_route=\/wp\/v2\/posts"}],"about":[{"href":"https:\/\/noticiasbahia360.com.br\/index.php?rest_route=\/wp\/v2\/types\/post"}],"author":[{"embeddable":true,"href":"https:\/\/noticiasbahia360.com.br\/index.php?rest_route=\/wp\/v2\/users\/1"}],"replies":[{"embeddable":true,"href":"https:\/\/noticiasbahia360.com.br\/index.php?rest_route=%2Fwp%2Fv2%2Fcomments&post=95260"}],"version-history":[{"count":0,"href":"https:\/\/noticiasbahia360.com.br\/index.php?rest_route=\/wp\/v2\/posts\/95260\/revisions"}],"wp:featuredmedia":[{"embeddable":true,"href":"https:\/\/noticiasbahia360.com.br\/index.php?rest_route=\/wp\/v2\/media\/95261"}],"wp:attachment":[{"href":"https:\/\/noticiasbahia360.com.br\/index.php?rest_route=%2Fwp%2Fv2%2Fmedia&parent=95260"}],"wp:term":[{"taxonomy":"category","embeddable":true,"href":"https:\/\/noticiasbahia360.com.br\/index.php?rest_route=%2Fwp%2Fv2%2Fcategories&post=95260"},{"taxonomy":"post_tag","embeddable":true,"href":"https:\/\/noticiasbahia360.com.br\/index.php?rest_route=%2Fwp%2Fv2%2Ftags&post=95260"}],"curies":[{"name":"wp","href":"https:\/\/api.w.org\/{rel}","templated":true}]}} 