{"id":95262,"date":"2025-07-31T06:45:13","date_gmt":"2025-07-31T09:45:13","guid":{"rendered":"https:\/\/noticiasbahia360.com.br\/?p=95262"},"modified":"2025-07-31T06:45:13","modified_gmt":"2025-07-31T09:45:13","slug":"tarifaco-veja-a-lista-de-quase-700-produtos-que-nao-serao-taxados-pelos-eua","status":"publish","type":"post","link":"https:\/\/noticiasbahia360.com.br\/?p=95262","title":{"rendered":"Tarifa\u00e7o: veja a lista de quase 700 produtos que n\u00e3o ser\u00e3o taxados pelos EUA"},"content":{"rendered":"<div>\n<div>\n<figure><img decoding=\"async\" src=\"http:\/\/noticiasbahia360.com.br\/wp-content\/uploads\/2025\/07\/aviao-da-embraer-e175-Foto-Ricardo-Beccari-Embraer.jpg\" alt=\"Avi\u00e3o da Embraer\"><figcaption>Foto: Ricardo Biccari<\/figcaption><\/figure>\n<\/div>\n<p>Um total de 694 produtos ficaram de fora da Ordem Executiva assinada na quarta-feira (30) pelo presidente dos Estados Unidos, <a href=\"https:\/\/www.acordacidade.com.br\/tag\/trump\/\">Donald Trump<\/a>, elevando o valor da tarifa de importa\u00e7\u00e3o de produtos brasileiros para 50%.<strong><em><a href=\"https:\/\/www.whitehouse.gov\/presidential-actions\/2025\/07\/addressing-threats-to-the-us\/\" target=\"_blank\" rel=\"noreferrer noopener\"> Confira aqui a lista.<\/a><\/em><\/strong><\/p>\n<p>Entre as exce\u00e7\u00f5es est\u00e3o produtos como suco e polpa de laranja, combust\u00edveis, min\u00e9rios, fertilizantes e aeronaves civis, incluindo seus motores, pe\u00e7as e componentes. Tamb\u00e9m ficaram de fora do tarifa\u00e7o produtos como polpa de madeira, celulose, metais preciosos, energia e produtos energ\u00e9ticos e fertilizantes.<\/p>\n<p>No entanto, caf\u00e9, frutas e carnes n\u00e3o est\u00e3o entre as exce\u00e7\u00f5es aplicadas pelos Estados Unidos, e ser\u00e3o taxados em 50%.<\/p>\n<p>A lista completa com os produtos que n\u00e3o ser\u00e3o taxados est\u00e1 no Anexo I da Ordem Executiva assinada pelo presidente Trump, publicada no site da Casa Branca. As taxas entram em vigor no dia 6 de agosto.<\/p>\n<h2 class=\"wp-block-heading\" id=\"h-embraer-esta-livre-de-taxacao\">Embraer est\u00e1 livre de taxa\u00e7\u00e3o<\/h2>\n<p>A Embraer ficou livre da taxa\u00e7\u00e3o. Aeronaves, motores, pe\u00e7as e componentes de avia\u00e7\u00e3o aparecem na lista de cerca de 700 produtos considerados exce\u00e7\u00f5es.<\/p>\n<p>Para a empresa, terceira maior fabricante de aeronaves do mundo, a libera\u00e7\u00e3o \u00e9 o reconhecimento da import\u00e2ncia estrat\u00e9gica das atividades da empresa para Brasil e Estados Unidos.<\/p>\n<p>\u201cContinuamos acreditando e defendendo firmemente o retorno \u00e0 regra de tarifa zero para a ind\u00fastria aeroespacial global\u201d, afirma a nota da Embraer.<\/p>\n<p>\u201cMais importante ainda, apoiamos o di\u00e1logo cont\u00ednuo entre os governos brasileiro e norte-americano e permanecemos confiantes em um resultado positivo para os dois pa\u00edses\u201d, complementa.<\/p>\n<p>Na semana passada, a empresa informou que o tarifa\u00e7o de 50% elevaria o pre\u00e7o de cada avi\u00e3o vendido aos EUA em cerca de R$ 50 milh\u00f5es, o que acabaria por inviabilizar a venda. Considerando o per\u00edodo at\u00e9 2030, o impacto poderia chegar a R$ 20 bilh\u00f5es em tarifas.<\/p>\n<p>Em nota publicada, no in\u00edcio da noite, a C\u00e2mara Americana de Com\u00e9rcio para o Brasil \u2013 Amcham Brasil calcula que os 694 produtos exclu\u00eddos da Ordem Executiva representam US$ 18,4 bilh\u00f5es em exporta\u00e7\u00f5es brasileiras no \u00faltimo per\u00edodo apurado (2024).<\/p>\n<p>O valor corresponde a 43,4% do total de US$ 42,3 bilh\u00f5es exportados pelo Brasil para os EUA, de acordo com a an\u00e1lise da entidade.<\/p>\n<p>Somente o setor de aeronaves vendeu US$ 2 bilh\u00f5es no ano passado, sendo metade somente em aeronaves leves, principal produto da Embraer. Apenas o setor de combust\u00edveis exporta mais, com US$ 18,4 bilh\u00f5es em vendas em 2024.<\/p>\n<p>Desde o dia 2 de abril, os produtos da Embraer est\u00e3o taxados em 10%, o que permanecer\u00e1 em agosto.<\/p>\n<h2 class=\"wp-block-heading\" id=\"h-acoes\">A\u00e7\u00f5es<\/h2>\n<p>Com a inclus\u00e3o de aeronaves na lista de exce\u00e7\u00f5es, as a\u00e7\u00f5es da Embraer valorizaram 10,93% nesta quarta-feira (30).<\/p>\n<h2 class=\"wp-block-heading\" id=\"h-entenda-o-tarifaco\">Entenda o tarifa\u00e7o<\/h2>\n<p>Na Ordem Executiva, que elevou a tarifa para os produtos brasileiros em 50%, Trump argumenta que o Brasil \u00e9 uma amea\u00e7a incomum e extraordin\u00e1ria \u00e0 seguran\u00e7a nacional dos EUA, classifica\u00e7\u00e3o semelhante \u00e0 adotada contra pa\u00edses considerados hostis a Washington, como Cuba, Venezuela e Ir\u00e3.<\/p>\n<p>O documento afirma que o Brasil estaria perseguindo, intimidando e censurando \u201co ex-presidente brasileiro Jair Bolsonaro e milhares de seus apoiadores que s\u00e3o graves viola\u00e7\u00f5es dos direitos humanos que minaram o Estado de Direito no Brasil\u201d.<\/p>\n<p>Al\u00e9m do julgamento do ex-presidente Jair Bolsonaro, medidas do governo brasileiro em rela\u00e7\u00e3o a plataformas digitais e decis\u00f5es do ministro do Supremo Tribunal Federal (STF) Alexandre de Moraes foram citadas como justificativas para as tarifas aplicadas pelos Estados Unidos ao Brasil.<\/p>\n<p>\u201cA persegui\u00e7\u00e3o pol\u00edtica, por meio de processos forjados, amea\u00e7a o desenvolvimento ordenado das institui\u00e7\u00f5es pol\u00edticas, administrativas e econ\u00f4micas do Brasil, inclusive minando a capacidade do Brasil de realizar uma elei\u00e7\u00e3o presidencial livre e justa em 2026. O tratamento dado pelo governo do Brasil ao ex-presidente Bolsonaro tamb\u00e9m contribui para o colapso deliberado do Estado de Direito no Brasil, para a intimida\u00e7\u00e3o politicamente motivada naquele pa\u00eds e para abusos de direitos humanos\u201d, diz o texto.<\/p>\n<p>No documento do governo norte-americano, o ministro Alexandre de Moraes \u00e9 acusado de abusar de sua autoridade judicial \u201cpara atingir oponentes pol\u00edticos, proteger aliados corruptos e suprimir dissid\u00eancias, muitas vezes em coordena\u00e7\u00e3o com outras autoridades brasileiras\u201d. Trump acusa o ministro de confiscar passaportes, prender pessoas sem julgamento e impor multas a empresas que n\u00e3o cumpriram \u201csuas exig\u00eancias ilegais de censura\u201d.<\/p>\n<p><em>Informa\u00e7\u00f5es da Ag\u00eancia Brasil <\/em><\/p>\n<p><em>Siga o Acorda Cidade no<\/em><a href=\"https:\/\/news.google.com\/search?q=acorda%20cidade&amp;hl=pt-BR&amp;gl=BR&amp;ceid=BR%3Apt-419\"><strong><em>\u00a0Google Not\u00edcias<\/em><\/strong><\/a><em>\u00a0e receba os principais destaques do dia. Participe tamb\u00e9m dos nossos canais no\u00a0<\/em><a href=\"https:\/\/www.whatsapp.com\/channel\/0029Va6Rb4v3WHTNnsh8WI3N\"><strong><em>WhatsApp<\/em><\/strong><\/a><em>\u00a0e\u00a0<\/em><a href=\"https:\/\/www.youtube.com\/@acordacidadenoticias\/videos\"><strong>Youtube<\/strong><\/a><em>\u00a0e grupo de\u00a0<\/em><a href=\"https:\/\/t.me\/+sSz0khrgARA0ZmRh\"><strong><em>Telegram<\/em><\/strong><\/a><em>.<\/em><\/p>\n<\/div>\n","protected":false},"excerpt":{"rendered":"<div>\n<div>\n<figure><img decoding=\"async\" src=\"https:\/\/uploads.acordacidade.com.br\/2025\/07\/aviao-da-embraer-e175-Foto-Ricardo-Beccari-Embraer.jpg\" alt=\"Avi\u00e3o da Embraer\"><figcaption>Foto: Ricardo Biccari<\/figcaption><\/figure>\n<\/div>\n<p>Entre as exce\u00e7\u00f5es do tarifa\u00e7o est\u00e3o produtos como suco e polpa de laranja, combust\u00edveis, min\u00e9rios, fertilizantes e aeronaves civis.<\/p><\/div>\n","protected":false},"author":1,"featured_media":95263,"comment_status":"closed","ping_status":"closed","sticky":false,"template":"","format":"gallery","meta":{"footnotes":""},"categories":[8,9,6,57,56,10],"tags":[],"class_list":["post-95262","post","type-post","status-publish","format-gallery","has-post-thumbnail","hentry","category-bahia","category-brasil","category-feira-de-santana","category-mundo","category-policia","category-politica","post_format-post-format-gallery"],"featured_image_urls":{"full":["https:\/\/noticiasbahia360.com.br\/wp-content\/uploads\/2025\/07\/aviao-da-embraer-e175-Foto-Ricardo-Beccari-Embraer.jpg",1300,778,false],"thumbnail":["https:\/\/noticiasbahia360.com.br\/wp-content\/uploads\/2025\/07\/aviao-da-embraer-e175-Foto-Ricardo-Beccari-Embraer-150x150.jpg",150,150,true],"medium":["https:\/\/noticiasbahia360.com.br\/wp-content\/uploads\/2025\/07\/aviao-da-embraer-e175-Foto-Ricardo-Beccari-Embraer-300x180.jpg",300,180,true],"medium_large":["https:\/\/noticiasbahia360.com.br\/wp-content\/uploads\/2025\/07\/aviao-da-embraer-e175-Foto-Ricardo-Beccari-Embraer-768x460.jpg",640,383,true],"large":["https:\/\/noticiasbahia360.com.br\/wp-content\/uploads\/2025\/07\/aviao-da-embraer-e175-Foto-Ricardo-Beccari-Embraer-1024x613.jpg",640,383,true],"1536x1536":["https:\/\/noticiasbahia360.com.br\/wp-content\/uploads\/2025\/07\/aviao-da-embraer-e175-Foto-Ricardo-Beccari-Embraer.jpg",1300,778,false],"2048x2048":["https:\/\/noticiasbahia360.com.br\/wp-content\/uploads\/2025\/07\/aviao-da-embraer-e175-Foto-Ricardo-Beccari-Embraer.jpg",1300,778,false],"chromenews-featured":["https:\/\/noticiasbahia360.com.br\/wp-content\/uploads\/2025\/07\/aviao-da-embraer-e175-Foto-Ricardo-Beccari-Embraer-1024x613.jpg",1024,613,true],"chromenews-large":["https:\/\/noticiasbahia360.com.br\/wp-content\/uploads\/2025\/07\/aviao-da-embraer-e175-Foto-Ricardo-Beccari-Embraer-825x575.jpg",825,575,true],"chromenews-medium":["https:\/\/noticiasbahia360.com.br\/wp-content\/uploads\/2025\/07\/aviao-da-embraer-e175-Foto-Ricardo-Beccari-Embraer-590x410.jpg",590,410,true]},"author_info":{"display_name":"noticiasbahia360.com.br","author_link":"https:\/\/noticiasbahia360.com.br\/?author=1"},"category_info":"<a href=\"https:\/\/noticiasbahia360.com.br\/?cat=8\" rel=\"category\">Bahia<\/a> <a href=\"https:\/\/noticiasbahia360.com.br\/?cat=9\" rel=\"category\">Brasil<\/a> <a href=\"https:\/\/noticiasbahia360.com.br\/?cat=6\" rel=\"category\">Feira de Santana<\/a> <a href=\"https:\/\/noticiasbahia360.com.br\/?cat=57\" rel=\"category\">Mundo<\/a> <a href=\"https:\/\/noticiasbahia360.com.br\/?cat=56\" rel=\"category\">Pol\u00edcia<\/a> <a href=\"https:\/\/noticiasbahia360.com.br\/?cat=10\" rel=\"category\">Pol\u00edtica<\/a>","tag_info":"Pol\u00edtica","comment_count":"0","_links":{"self":[{"href":"https:\/\/noticiasbahia360.com.br\/index.php?rest_route=\/wp\/v2\/posts\/95262","targetHints":{"allow":["GET"]}}],"collection":[{"href":"https:\/\/noticiasbahia360.com.br\/index.php?rest_route=\/wp\/v2\/posts"}],"about":[{"href":"https:\/\/noticiasbahia360.com.br\/index.php?rest_route=\/wp\/v2\/types\/post"}],"author":[{"embeddable":true,"href":"https:\/\/noticiasbahia360.com.br\/index.php?rest_route=\/wp\/v2\/users\/1"}],"replies":[{"embeddable":true,"href":"https:\/\/noticiasbahia360.com.br\/index.php?rest_route=%2Fwp%2Fv2%2Fcomments&post=95262"}],"version-history":[{"count":0,"href":"https:\/\/noticiasbahia360.com.br\/index.php?rest_route=\/wp\/v2\/posts\/95262\/revisions"}],"wp:featuredmedia":[{"embeddable":true,"href":"https:\/\/noticiasbahia360.com.br\/index.php?rest_route=\/wp\/v2\/media\/95263"}],"wp:attachment":[{"href":"https:\/\/noticiasbahia360.com.br\/index.php?rest_route=%2Fwp%2Fv2%2Fmedia&parent=95262"}],"wp:term":[{"taxonomy":"category","embeddable":true,"href":"https:\/\/noticiasbahia360.com.br\/index.php?rest_route=%2Fwp%2Fv2%2Fcategories&post=95262"},{"taxonomy":"post_tag","embeddable":true,"href":"https:\/\/noticiasbahia360.com.br\/index.php?rest_route=%2Fwp%2Fv2%2Ftags&post=95262"}],"curies":[{"name":"wp","href":"https:\/\/api.w.org\/{rel}","templated":true}]}}