{"id":95264,"date":"2025-07-31T07:07:57","date_gmt":"2025-07-31T10:07:57","guid":{"rendered":"https:\/\/noticiasbahia360.com.br\/?p=95264"},"modified":"2025-07-31T07:07:57","modified_gmt":"2025-07-31T10:07:57","slug":"fuzil-pistola-municoes-e-drogas-sao-apreendidos-em-ilheus","status":"publish","type":"post","link":"https:\/\/noticiasbahia360.com.br\/?p=95264","title":{"rendered":"Fuzil, pistola, muni\u00e7\u00f5es e drogas s\u00e3o apreendidos em Ilh\u00e9us"},"content":{"rendered":"<div>\n<div>\n<figure><img decoding=\"async\" src=\"http:\/\/noticiasbahia360.com.br\/wp-content\/uploads\/2025\/07\/fuzil-apreendido-foto-ssp-01.jpg\" alt=\"Fuzil\"><figcaption>Foto:  Ascom\/SSP-BA<\/figcaption><\/figure>\n<\/div>\n<p>Em mais uma a\u00e7\u00e3o de combate \u00e0s fac\u00e7\u00f5es, equipes da For\u00e7a Integrada de Combate ao Crime Organizado (Ficco) Bahia e Ilh\u00e9us, al\u00e9m da Pol\u00edcia Militar (CPR-Sul, Rondesp Sul, CIPRv\/Itabuna, 62\u00aa CIPM, 68\u00aa CIPM e 69\u00aa CIPM) apreenderam fuzil, pistola, muni\u00e7\u00f5es e drogas em Ilh\u00e9us. O flagrante aconteceu na noite de quarta-feira (30).<\/p>\n<p>As incurs\u00f5es foram iniciadas no bairro de Ilh\u00e9us II, ap\u00f3s den\u00fancia an\u00f4nima de homens armados comercializado drogas e amea\u00e7ando moradores.<\/p>\n<figure class=\"wp-block-image size-full\"><img fetchpriority=\"high\" fetchpriority=\"high\" decoding=\"async\" width=\"1220\" height=\"686\" src=\"http:\/\/noticiasbahia360.com.br\/wp-content\/uploads\/2025\/07\/fuzil-apreendido-foto-ssp.jpg\" alt=\"Fuzil\" class=\"wp-image-578463\" srcset=\"https:\/\/uploads.acordacidade.com.br\/2025\/07\/fuzil-apreendido-foto-ssp-648x365.jpg 648w, https:\/\/uploads.acordacidade.com.br\/2025\/07\/fuzil-apreendido-foto-ssp-150x84.jpg 150w, http:\/\/noticiasbahia360.com.br\/wp-content\/uploads\/2025\/07\/fuzil-apreendido-foto-ssp.jpg 1220w\" sizes=\"(max-width: 1220px) 100vw, 1220px\"><figcaption class=\"wp-element-caption\">Foto:  Ascom\/SSP-BA<\/figcaption><\/figure>\n<p>Durante o cerco houve confronto e um dos integrantes de uma fac\u00e7\u00e3o acabou ferido. Ele chegou a ser socorrido, mas n\u00e3o resistiu. O restante do bando conseguiu escapar.<\/p>\n<p>No local os policiais apreenderam um fuzil calibre 5,56, muni\u00e7\u00f5es, uma pistola calibre 40 com kit rajada pertencente \u00e0 PM de S\u00e3o Paulo, carregadores, colete bal\u00edstico, dinheiro em esp\u00e9cie e por\u00e7\u00f5es de maconha, coca\u00edna e crack.<\/p>\n<p>Todo o material foi apresentado na Delegacia Territorial de Ilh\u00e9us<\/p>\n<\/div>\n","protected":false},"excerpt":{"rendered":"<div>\n<div>\n<figure><img decoding=\"async\" src=\"https:\/\/uploads.acordacidade.com.br\/2025\/07\/fuzil-apreendido-foto-ssp-01.jpg\" alt=\"Fuzil\"><figcaption>Foto:  Ascom\/SSP-BA<\/figcaption><\/figure>\n<\/div>\n<p>Em mais uma a\u00e7\u00e3o de combate \u00e0s fac\u00e7\u00f5es, equipes da For\u00e7a Integrada de Combate ao Crime Organizado (Ficco) Bahia e Ilh\u00e9us, al\u00e9m da Pol\u00edcia Militar (CPR-Sul, Rondesp Sul, CIPRv\/Itabuna, 62\u00aa CIPM, 68\u00aa CIPM e 69\u00aa CIPM) apreenderam fuzil, pistola, muni\u00e7\u00f5es e drogas em Ilh\u00e9us. O flagrante aconteceu na noite de quarta-feira (30). As incurs\u00f5es foram [\u2026]<\/p><\/div>\n","protected":false},"author":1,"featured_media":95265,"comment_status":"closed","ping_status":"closed","sticky":false,"template":"","format":"gallery","meta":{"footnotes":""},"categories":[8,9,6,57,56,10],"tags":[],"class_list":["post-95264","post","type-post","status-publish","format-gallery","has-post-thumbnail","hentry","category-bahia","category-brasil","category-feira-de-santana","category-mundo","category-policia","category-politica","post_format-post-format-gallery"],"featured_image_urls":{"full":["https:\/\/noticiasbahia360.com.br\/wp-content\/uploads\/2025\/07\/fuzil-apreendido-foto-ssp-01.jpg",1200,675,false],"thumbnail":["https:\/\/noticiasbahia360.com.br\/wp-content\/uploads\/2025\/07\/fuzil-apreendido-foto-ssp-01-150x150.jpg",150,150,true],"medium":["https:\/\/noticiasbahia360.com.br\/wp-content\/uploads\/2025\/07\/fuzil-apreendido-foto-ssp-01-300x169.jpg",300,169,true],"medium_large":["https:\/\/noticiasbahia360.com.br\/wp-content\/uploads\/2025\/07\/fuzil-apreendido-foto-ssp-01-768x432.jpg",640,360,true],"large":["https:\/\/noticiasbahia360.com.br\/wp-content\/uploads\/2025\/07\/fuzil-apreendido-foto-ssp-01-1024x576.jpg",640,360,true],"1536x1536":["https:\/\/noticiasbahia360.com.br\/wp-content\/uploads\/2025\/07\/fuzil-apreendido-foto-ssp-01.jpg",1200,675,false],"2048x2048":["https:\/\/noticiasbahia360.com.br\/wp-content\/uploads\/2025\/07\/fuzil-apreendido-foto-ssp-01.jpg",1200,675,false],"chromenews-featured":["https:\/\/noticiasbahia360.com.br\/wp-content\/uploads\/2025\/07\/fuzil-apreendido-foto-ssp-01-1024x576.jpg",1024,576,true],"chromenews-large":["https:\/\/noticiasbahia360.com.br\/wp-content\/uploads\/2025\/07\/fuzil-apreendido-foto-ssp-01-825x575.jpg",825,575,true],"chromenews-medium":["https:\/\/noticiasbahia360.com.br\/wp-content\/uploads\/2025\/07\/fuzil-apreendido-foto-ssp-01-590x410.jpg",590,410,true]},"author_info":{"display_name":"noticiasbahia360.com.br","author_link":"https:\/\/noticiasbahia360.com.br\/?author=1"},"category_info":"<a href=\"https:\/\/noticiasbahia360.com.br\/?cat=8\" rel=\"category\">Bahia<\/a> <a href=\"https:\/\/noticiasbahia360.com.br\/?cat=9\" rel=\"category\">Brasil<\/a> <a href=\"https:\/\/noticiasbahia360.com.br\/?cat=6\" rel=\"category\">Feira de Santana<\/a> <a href=\"https:\/\/noticiasbahia360.com.br\/?cat=57\" rel=\"category\">Mundo<\/a> <a href=\"https:\/\/noticiasbahia360.com.br\/?cat=56\" rel=\"category\">Pol\u00edcia<\/a> <a href=\"https:\/\/noticiasbahia360.com.br\/?cat=10\" rel=\"category\">Pol\u00edtica<\/a>","tag_info":"Pol\u00edtica","comment_count":"0","_links":{"self":[{"href":"https:\/\/noticiasbahia360.com.br\/index.php?rest_route=\/wp\/v2\/posts\/95264","targetHints":{"allow":["GET"]}}],"collection":[{"href":"https:\/\/noticiasbahia360.com.br\/index.php?rest_route=\/wp\/v2\/posts"}],"about":[{"href":"https:\/\/noticiasbahia360.com.br\/index.php?rest_route=\/wp\/v2\/types\/post"}],"author":[{"embeddable":true,"href":"https:\/\/noticiasbahia360.com.br\/index.php?rest_route=\/wp\/v2\/users\/1"}],"replies":[{"embeddable":true,"href":"https:\/\/noticiasbahia360.com.br\/index.php?rest_route=%2Fwp%2Fv2%2Fcomments&post=95264"}],"version-history":[{"count":0,"href":"https:\/\/noticiasbahia360.com.br\/index.php?rest_route=\/wp\/v2\/posts\/95264\/revisions"}],"wp:featuredmedia":[{"embeddable":true,"href":"https:\/\/noticiasbahia360.com.br\/index.php?rest_route=\/wp\/v2\/media\/95265"}],"wp:attachment":[{"href":"https:\/\/noticiasbahia360.com.br\/index.php?rest_route=%2Fwp%2Fv2%2Fmedia&parent=95264"}],"wp:term":[{"taxonomy":"category","embeddable":true,"href":"https:\/\/noticiasbahia360.com.br\/index.php?rest_route=%2Fwp%2Fv2%2Fcategories&post=95264"},{"taxonomy":"post_tag","embeddable":true,"href":"https:\/\/noticiasbahia360.com.br\/index.php?rest_route=%2Fwp%2Fv2%2Ftags&post=95264"}],"curies":[{"name":"wp","href":"https:\/\/api.w.org\/{rel}","templated":true}]}}