{"id":95267,"date":"2025-07-31T07:52:33","date_gmt":"2025-07-31T10:52:33","guid":{"rendered":"https:\/\/noticiasbahia360.com.br\/?p=95267"},"modified":"2025-07-31T07:52:33","modified_gmt":"2025-07-31T10:52:33","slug":"lula-sanciona-lei-que-veta-uso-de-animais-em-testes-da-industria-cosmetica","status":"publish","type":"post","link":"https:\/\/noticiasbahia360.com.br\/?p=95267","title":{"rendered":"Lula sanciona lei que veta uso de animais em testes da ind\u00fastria cosm\u00e9tica"},"content":{"rendered":"<div>\n<div>\n<figure><img decoding=\"async\" src=\"http:\/\/noticiasbahia360.com.br\/wp-content\/uploads\/2025\/07\/lula_pronunciamento_-_divulgacao_palacio_do_planalto-1.jpg\" alt=\"Lula faz pronunciamento na TV\"><figcaption>Foto: Divulga\u00e7\u00e3o\/PR<\/figcaption><\/figure>\n<\/div>\n<p>Ag\u00eancia Brasil \u2013 <strong>O presidente Luiz In\u00e1cio Lula da Silva sancionou nesta quarta-feira (30) a lei que pro\u00edbe o uso de animais vivos em testes laboratoriais para o desenvolvimento de produtos de higiene pessoal, cosm\u00e9ticos e perfumes.\u00a0<\/strong>A aprova\u00e7\u00e3o da norma ocorreu em cerim\u00f4nia no Pal\u00e1cio do Planalto com a presen\u00e7a da ministra do Meio Ambiente e Mudan\u00e7a do Clima, Marina Silva.<img decoding=\"async\" src=\"https:\/\/agenciabrasil.ebc.com.br\/ebc.png?id=1652626&amp;o=node\"><img decoding=\"async\" src=\"https:\/\/agenciabrasil.ebc.com.br\/ebc.gif?id=1652626&amp;o=node\"><\/p>\n<p><strong>Lula classificou a iniciativa como uma lei que \u201cdefende a soberania animal\u201d.<\/strong><\/p>\n<blockquote class=\"wp-block-quote is-layout-flow wp-block-quote-is-layout-flow\">\n<p>\u201cAs criaturas que t\u00eam como habitat natural o planeta Terra n\u00e3o v\u00e3o ser mais cobaias de experi\u00eancias nesse pa\u00eds\u201d, afirmou.<\/p>\n<\/blockquote>\n<p>O texto sancionado\u00a0havia sido aprovado pelo Congresso Nacional\u00a0no in\u00edcio de julho.<\/p>\n<p>De acordo com o governo federal,\u00a0<strong>a partir da publica\u00e7\u00e3o da lei, as autoridades sanit\u00e1rias ter\u00e3o um prazo de dois anos para implementar medidas\u00a0<\/strong>que, entre outros pontos, assegurem o reconhecimento dos m\u00e9todos alternativos e adotem um plano estrat\u00e9gico para garantir a dissemina\u00e7\u00e3o desses m\u00e9todos no territ\u00f3rio nacional, al\u00e9m de estabelecerem medidas de fiscaliza\u00e7\u00e3o do uso de informa\u00e7\u00f5es oriundas de testes.<\/p>\n<p>A norma estabelece tamb\u00e9m que os produtos e ingredientes que tenham sido fabricados antes da vig\u00eancia da lei poder\u00e3o ser comercializados. Novos produtos obrigatoriamente n\u00e3o poder\u00e3o mais testar em animais.<\/p>\n<p>A institui\u00e7\u00e3o da norma, segundo a ministra Marina Silva, representa um marco para o pa\u00eds, que avan\u00e7a no fortalecimento de uma conviv\u00eancia mais justa e equilibrada entre humanos, animais e meio ambiente, a exemplo do que j\u00e1 \u00e9 realidade em outros pa\u00edses.<\/p>\n<p>\u201cQuando n\u00f3s aprendemos a proteger outras formas de vida e outras formas de exist\u00eancia, estamos demonstrando uma eleva\u00e7\u00e3o em termos de humanidade\u201d, enfatizou a ministra.<\/p>\n<p><em>Siga o Acorda Cidade no<\/em><a href=\"https:\/\/news.google.com\/search?q=acorda%20cidade&amp;hl=pt-BR&amp;gl=BR&amp;ceid=BR%3Apt-419\"><strong><em> Google Not\u00edcias<\/em><\/strong><\/a><em> e receba os principais destaques do dia. Participe tamb\u00e9m dos nossos canais no <\/em><a href=\"https:\/\/whatsapp.com\/channel\/0029Va6Rb4v3WHTNnsh8WI3N\"><strong><em>WhatsApp<\/em><\/strong><\/a><em> e <\/em><a href=\"https:\/\/www.youtube.com\/@acordacidadenoticias\/videos\"><strong>Youtube<\/strong><\/a><em> e grupo de <\/em><a href=\"https:\/\/t.me\/+sSz0khrgARA0ZmRh\"><strong><em>Telegram<\/em><\/strong><\/a><em>.<\/em><\/p>\n<\/div>\n","protected":false},"excerpt":{"rendered":"<div>\n<div>\n<figure><img decoding=\"async\" src=\"https:\/\/uploads.acordacidade.com.br\/2025\/07\/lula_pronunciamento_-_divulgacao_palacio_do_planalto.jpg\" alt=\"Lula faz pronunciamento na TV\"><figcaption>Foto: Divulga\u00e7\u00e3o\/PR<\/figcaption><\/figure>\n<\/div>\n<p>Lula classificou a iniciativa como uma lei que &#8220;defende a soberania animal&#8221;. O texto sancionado\u00a0havia sido aprovado pelo Congresso Nacional.<\/p><\/div>\n","protected":false},"author":1,"featured_media":95268,"comment_status":"closed","ping_status":"closed","sticky":false,"template":"","format":"gallery","meta":{"footnotes":""},"categories":[8,9,6,57,56,10],"tags":[],"class_list":["post-95267","post","type-post","status-publish","format-gallery","has-post-thumbnail","hentry","category-bahia","category-brasil","category-feira-de-santana","category-mundo","category-policia","category-politica","post_format-post-format-gallery"],"featured_image_urls":{"full":["https:\/\/noticiasbahia360.com.br\/wp-content\/uploads\/2025\/07\/lula_pronunciamento_-_divulgacao_palacio_do_planalto-1.jpg",1200,718,false],"thumbnail":["https:\/\/noticiasbahia360.com.br\/wp-content\/uploads\/2025\/07\/lula_pronunciamento_-_divulgacao_palacio_do_planalto-1-150x150.jpg",150,150,true],"medium":["https:\/\/noticiasbahia360.com.br\/wp-content\/uploads\/2025\/07\/lula_pronunciamento_-_divulgacao_palacio_do_planalto-1-300x180.jpg",300,180,true],"medium_large":["https:\/\/noticiasbahia360.com.br\/wp-content\/uploads\/2025\/07\/lula_pronunciamento_-_divulgacao_palacio_do_planalto-1-768x460.jpg",640,383,true],"large":["https:\/\/noticiasbahia360.com.br\/wp-content\/uploads\/2025\/07\/lula_pronunciamento_-_divulgacao_palacio_do_planalto-1-1024x613.jpg",640,383,true],"1536x1536":["https:\/\/noticiasbahia360.com.br\/wp-content\/uploads\/2025\/07\/lula_pronunciamento_-_divulgacao_palacio_do_planalto-1.jpg",1200,718,false],"2048x2048":["https:\/\/noticiasbahia360.com.br\/wp-content\/uploads\/2025\/07\/lula_pronunciamento_-_divulgacao_palacio_do_planalto-1.jpg",1200,718,false],"chromenews-featured":["https:\/\/noticiasbahia360.com.br\/wp-content\/uploads\/2025\/07\/lula_pronunciamento_-_divulgacao_palacio_do_planalto-1-1024x613.jpg",1024,613,true],"chromenews-large":["https:\/\/noticiasbahia360.com.br\/wp-content\/uploads\/2025\/07\/lula_pronunciamento_-_divulgacao_palacio_do_planalto-1-825x575.jpg",825,575,true],"chromenews-medium":["https:\/\/noticiasbahia360.com.br\/wp-content\/uploads\/2025\/07\/lula_pronunciamento_-_divulgacao_palacio_do_planalto-1-590x410.jpg",590,410,true]},"author_info":{"display_name":"noticiasbahia360.com.br","author_link":"https:\/\/noticiasbahia360.com.br\/?author=1"},"category_info":"<a href=\"https:\/\/noticiasbahia360.com.br\/?cat=8\" rel=\"category\">Bahia<\/a> <a href=\"https:\/\/noticiasbahia360.com.br\/?cat=9\" rel=\"category\">Brasil<\/a> <a href=\"https:\/\/noticiasbahia360.com.br\/?cat=6\" rel=\"category\">Feira de Santana<\/a> <a href=\"https:\/\/noticiasbahia360.com.br\/?cat=57\" rel=\"category\">Mundo<\/a> <a href=\"https:\/\/noticiasbahia360.com.br\/?cat=56\" rel=\"category\">Pol\u00edcia<\/a> <a href=\"https:\/\/noticiasbahia360.com.br\/?cat=10\" rel=\"category\">Pol\u00edtica<\/a>","tag_info":"Pol\u00edtica","comment_count":"0","_links":{"self":[{"href":"https:\/\/noticiasbahia360.com.br\/index.php?rest_route=\/wp\/v2\/posts\/95267","targetHints":{"allow":["GET"]}}],"collection":[{"href":"https:\/\/noticiasbahia360.com.br\/index.php?rest_route=\/wp\/v2\/posts"}],"about":[{"href":"https:\/\/noticiasbahia360.com.br\/index.php?rest_route=\/wp\/v2\/types\/post"}],"author":[{"embeddable":true,"href":"https:\/\/noticiasbahia360.com.br\/index.php?rest_route=\/wp\/v2\/users\/1"}],"replies":[{"embeddable":true,"href":"https:\/\/noticiasbahia360.com.br\/index.php?rest_route=%2Fwp%2Fv2%2Fcomments&post=95267"}],"version-history":[{"count":0,"href":"https:\/\/noticiasbahia360.com.br\/index.php?rest_route=\/wp\/v2\/posts\/95267\/revisions"}],"wp:featuredmedia":[{"embeddable":true,"href":"https:\/\/noticiasbahia360.com.br\/index.php?rest_route=\/wp\/v2\/media\/95268"}],"wp:attachment":[{"href":"https:\/\/noticiasbahia360.com.br\/index.php?rest_route=%2Fwp%2Fv2%2Fmedia&parent=95267"}],"wp:term":[{"taxonomy":"category","embeddable":true,"href":"https:\/\/noticiasbahia360.com.br\/index.php?rest_route=%2Fwp%2Fv2%2Fcategories&post=95267"},{"taxonomy":"post_tag","embeddable":true,"href":"https:\/\/noticiasbahia360.com.br\/index.php?rest_route=%2Fwp%2Fv2%2Ftags&post=95267"}],"curies":[{"name":"wp","href":"https:\/\/api.w.org\/{rel}","templated":true}]}}