{"id":95269,"date":"2025-07-31T08:07:26","date_gmt":"2025-07-31T11:07:26","guid":{"rendered":"https:\/\/noticiasbahia360.com.br\/?p=95269"},"modified":"2025-07-31T08:07:26","modified_gmt":"2025-07-31T11:07:26","slug":"pf-mp-ba-e-pmba-fazem-operacao-contra-trafico-armas-e-lavagem-de-dinheiro-em-feira-de-santana","status":"publish","type":"post","link":"https:\/\/noticiasbahia360.com.br\/?p=95269","title":{"rendered":"PF, MP-BA e PMBA fazem opera\u00e7\u00e3o contra tr\u00e1fico, armas e lavagem de dinheiro em Feira de Santana"},"content":{"rendered":"<div>\n<div>\n<figure><img decoding=\"async\" src=\"http:\/\/noticiasbahia360.com.br\/wp-content\/uploads\/2025\/07\/policia-federal-foto-ed-santos-acorda-cidade-1.jpeg\" alt=\"Opera\u00e7\u00e3o em Feira de Santana\"><figcaption>Foto: Ed Santos\/Acorda Cidade<\/figcaption><\/figure>\n<\/div>\n<p>A Pol\u00edcia Federal deflagrou, em conjunto com o Gaeco do Minist\u00e9rio P\u00fablico da Bahia e apoio da Pol\u00edcia Militar da Bahia, na manh\u00e3 desta quinta-feira (31), a 2\u00aa fase da opera\u00e7\u00e3o Convictus, com o objetivo de desarticular uma organiza\u00e7\u00e3o criminosa envolvida com o tr\u00e1fico interestadual de drogas e armas, al\u00e9m da pr\u00e1tica de lavagem de dinheiro. <\/p>\n<p>A a\u00e7\u00e3o \u00e9 fruto de uma investiga\u00e7\u00e3o iniciada a partir da atua\u00e7\u00e3o de um narcotraficante que, inicialmente vinculado a uma fac\u00e7\u00e3o criminosa, passou a atuar de forma independente, negociando e revendendo tamb\u00e9m para outras fac\u00e7\u00f5es.<\/p>\n<figure class=\"wp-block-image size-large\"><img fetchpriority=\"high\" fetchpriority=\"high\" decoding=\"async\" width=\"1366\" height=\"768\" src=\"http:\/\/noticiasbahia360.com.br\/wp-content\/uploads\/2025\/07\/policia-federal-foto-ed-santos-acorda-cidade-2-1366x768-1.jpeg\" alt=\"Opera\u00e7\u00e3o em Feira de Santana\" class=\"wp-image-578480\" srcset=\"https:\/\/uploads.acordacidade.com.br\/2025\/07\/policia-federal-foto-ed-santos-acorda-cidade-2-648x365.jpeg 648w, https:\/\/uploads.acordacidade.com.br\/2025\/07\/policia-federal-foto-ed-santos-acorda-cidade-2-1536x864.jpeg 1536w, https:\/\/uploads.acordacidade.com.br\/2025\/07\/policia-federal-foto-ed-santos-acorda-cidade-2-150x84.jpeg 150w, https:\/\/uploads.acordacidade.com.br\/2025\/07\/policia-federal-foto-ed-santos-acorda-cidade-2.jpeg 1600w\" sizes=\"(max-width: 1366px) 100vw, 1366px\"><figcaption class=\"wp-element-caption\">Foto: Ed Santos\/Acorda Cidade<\/figcaption><\/figure>\n<p>As investiga\u00e7\u00f5es revelaram que a organiza\u00e7\u00e3o adquiria grandes quantidades de entorpecentes \u2014 como maconha tipo skunk, coca\u00edna, crack, ecstasy, lan\u00e7a-perfume, tetraca\u00edna e cafe\u00edna \u2014 e os distribu\u00eda principalmente em Salvador e Regi\u00e3o Metropolitana. Tamb\u00e9m foram identificadas tratativas para aquisi\u00e7\u00e3o de armas de fogo de grosso calibre, incluindo pistolas, fuzis e at\u00e9 metralhadora com muni\u00e7\u00e3o antia\u00e9rea, destinadas a disputas entre fac\u00e7\u00f5es rivais.<\/p>\n<p>Al\u00e9m do tr\u00e1fico de drogas e armamentos, foi desvendado um sofisticado esquema de lavagem de dinheiro, envolvendo empresas de fachada, contas banc\u00e1rias de terceiros, ve\u00edculos de luxo e o uso de lojas de autom\u00f3veis para dissimular os lucros obtidos com a atividade criminosa. As movimenta\u00e7\u00f5es financeiras identificadas ultrapassam R$ 5 milh\u00f5es.<\/p>\n<p><strong>Nesta fase da opera\u00e7\u00e3o, foram cumpridas as seguintes medidas judiciais:<\/strong><\/p>\n<ul class=\"wp-block-list\">\n<li>8 mandados de pris\u00e3o preventiva;<\/li>\n<li>11 mandados de busca e apreens\u00e3o;<\/li>\n<li>Sequestro de bens e bloqueio judicial de contas banc\u00e1rias, envolvendo 69 CPF\u2019s e CNPJ\u2019s;<\/li>\n<li>Bloqueio RENAJUD de ve\u00edculos registrados em nome dos investigados.<\/li>\n<\/ul>\n<p>Durante as dilig\u00eancias, foram apreendidos dispositivos eletr\u00f4nicos, valores em esp\u00e9cie superiores a R$ 5 mil, documentos comprobat\u00f3rios de bens e ve\u00edculos relacionados \u00e0 organiza\u00e7\u00e3o criminosa.<\/p>\n<p>A opera\u00e7\u00e3o Convictus reafirma o compromisso da Pol\u00edcia Federal com o combate ao tr\u00e1fico de drogas, ao crime organizado e \u00e0 lavagem de capitais, por meio da atua\u00e7\u00e3o integrada com institui\u00e7\u00f5es parceiras e do uso intensivo da intelig\u00eancia policial.<\/p>\n<p><em>Siga o Acorda Cidade no<\/em><a href=\"https:\/\/news.google.com\/search?q=acorda%20cidade&amp;hl=pt-BR&amp;gl=BR&amp;ceid=BR%3Apt-419\"><strong><em> Google Not\u00edcias<\/em><\/strong><\/a><em> e receba os principais destaques do dia. Participe tamb\u00e9m dos nossos canais no <\/em><a href=\"https:\/\/whatsapp.com\/channel\/0029Va6Rb4v3WHTNnsh8WI3N\"><strong><em>WhatsApp<\/em><\/strong><\/a><em> e <\/em><a href=\"https:\/\/www.youtube.com\/@acordacidadenoticias\/videos\"><strong>Youtube<\/strong><\/a><em> e grupo de <\/em><a href=\"https:\/\/t.me\/+sSz0khrgARA0ZmRh\"><strong><em>Telegram<\/em><\/strong><\/a><em>.<\/em><\/p>\n<\/div>\n","protected":false},"excerpt":{"rendered":"<div>\n<div>\n<figure><img decoding=\"async\" src=\"https:\/\/uploads.acordacidade.com.br\/2025\/07\/policia-federal-foto-ed-santos-acorda-cidade-1.jpeg\" alt=\"Opera\u00e7\u00e3o em Feira de Santana\"><figcaption>Foto: Ed Santos\/Acorda Cidade<\/figcaption><\/figure>\n<\/div>\n<p>A opera\u00e7\u00e3o Convictus reafirma o compromisso da PF com o combate ao tr\u00e1fico de drogas, ao crime organizado e \u00e0 lavagem de capitais.<\/p><\/div>\n","protected":false},"author":1,"featured_media":95270,"comment_status":"closed","ping_status":"closed","sticky":false,"template":"","format":"gallery","meta":{"footnotes":""},"categories":[8,9,6,57,56,10],"tags":[],"class_list":["post-95269","post","type-post","status-publish","format-gallery","has-post-thumbnail","hentry","category-bahia","category-brasil","category-feira-de-santana","category-mundo","category-policia","category-politica","post_format-post-format-gallery"],"featured_image_urls":{"full":["https:\/\/noticiasbahia360.com.br\/wp-content\/uploads\/2025\/07\/policia-federal-foto-ed-santos-acorda-cidade-1.jpeg",1600,900,false],"thumbnail":["https:\/\/noticiasbahia360.com.br\/wp-content\/uploads\/2025\/07\/policia-federal-foto-ed-santos-acorda-cidade-1-150x150.jpeg",150,150,true],"medium":["https:\/\/noticiasbahia360.com.br\/wp-content\/uploads\/2025\/07\/policia-federal-foto-ed-santos-acorda-cidade-1-300x169.jpeg",300,169,true],"medium_large":["https:\/\/noticiasbahia360.com.br\/wp-content\/uploads\/2025\/07\/policia-federal-foto-ed-santos-acorda-cidade-1-768x432.jpeg",640,360,true],"large":["https:\/\/noticiasbahia360.com.br\/wp-content\/uploads\/2025\/07\/policia-federal-foto-ed-santos-acorda-cidade-1-1024x576.jpeg",640,360,true],"1536x1536":["https:\/\/noticiasbahia360.com.br\/wp-content\/uploads\/2025\/07\/policia-federal-foto-ed-santos-acorda-cidade-1-1536x864.jpeg",1536,864,true],"2048x2048":["https:\/\/noticiasbahia360.com.br\/wp-content\/uploads\/2025\/07\/policia-federal-foto-ed-santos-acorda-cidade-1.jpeg",1600,900,false],"chromenews-featured":["https:\/\/noticiasbahia360.com.br\/wp-content\/uploads\/2025\/07\/policia-federal-foto-ed-santos-acorda-cidade-1-1024x576.jpeg",1024,576,true],"chromenews-large":["https:\/\/noticiasbahia360.com.br\/wp-content\/uploads\/2025\/07\/policia-federal-foto-ed-santos-acorda-cidade-1-825x575.jpeg",825,575,true],"chromenews-medium":["https:\/\/noticiasbahia360.com.br\/wp-content\/uploads\/2025\/07\/policia-federal-foto-ed-santos-acorda-cidade-1-590x410.jpeg",590,410,true]},"author_info":{"display_name":"noticiasbahia360.com.br","author_link":"https:\/\/noticiasbahia360.com.br\/?author=1"},"category_info":"<a href=\"https:\/\/noticiasbahia360.com.br\/?cat=8\" rel=\"category\">Bahia<\/a> <a href=\"https:\/\/noticiasbahia360.com.br\/?cat=9\" rel=\"category\">Brasil<\/a> <a href=\"https:\/\/noticiasbahia360.com.br\/?cat=6\" rel=\"category\">Feira de Santana<\/a> <a href=\"https:\/\/noticiasbahia360.com.br\/?cat=57\" rel=\"category\">Mundo<\/a> <a href=\"https:\/\/noticiasbahia360.com.br\/?cat=56\" rel=\"category\">Pol\u00edcia<\/a> <a href=\"https:\/\/noticiasbahia360.com.br\/?cat=10\" rel=\"category\">Pol\u00edtica<\/a>","tag_info":"Pol\u00edtica","comment_count":"0","_links":{"self":[{"href":"https:\/\/noticiasbahia360.com.br\/index.php?rest_route=\/wp\/v2\/posts\/95269","targetHints":{"allow":["GET"]}}],"collection":[{"href":"https:\/\/noticiasbahia360.com.br\/index.php?rest_route=\/wp\/v2\/posts"}],"about":[{"href":"https:\/\/noticiasbahia360.com.br\/index.php?rest_route=\/wp\/v2\/types\/post"}],"author":[{"embeddable":true,"href":"https:\/\/noticiasbahia360.com.br\/index.php?rest_route=\/wp\/v2\/users\/1"}],"replies":[{"embeddable":true,"href":"https:\/\/noticiasbahia360.com.br\/index.php?rest_route=%2Fwp%2Fv2%2Fcomments&post=95269"}],"version-history":[{"count":0,"href":"https:\/\/noticiasbahia360.com.br\/index.php?rest_route=\/wp\/v2\/posts\/95269\/revisions"}],"wp:featuredmedia":[{"embeddable":true,"href":"https:\/\/noticiasbahia360.com.br\/index.php?rest_route=\/wp\/v2\/media\/95270"}],"wp:attachment":[{"href":"https:\/\/noticiasbahia360.com.br\/index.php?rest_route=%2Fwp%2Fv2%2Fmedia&parent=95269"}],"wp:term":[{"taxonomy":"category","embeddable":true,"href":"https:\/\/noticiasbahia360.com.br\/index.php?rest_route=%2Fwp%2Fv2%2Fcategories&post=95269"},{"taxonomy":"post_tag","embeddable":true,"href":"https:\/\/noticiasbahia360.com.br\/index.php?rest_route=%2Fwp%2Fv2%2Ftags&post=95269"}],"curies":[{"name":"wp","href":"https:\/\/api.w.org\/{rel}","templated":true}]}}