{"id":95272,"date":"2025-07-31T08:17:58","date_gmt":"2025-07-31T11:17:58","guid":{"rendered":"https:\/\/noticiasbahia360.com.br\/?p=95272"},"modified":"2025-07-31T08:17:58","modified_gmt":"2025-07-31T11:17:58","slug":"bn-parana-pesquisas-rui-costa-e-jaques-wagner-lideram-disputa-ao-senado-na-bahia-em-2026","status":"publish","type":"post","link":"https:\/\/noticiasbahia360.com.br\/?p=95272","title":{"rendered":"BN\/Paran\u00e1 Pesquisas: Rui Costa e Jaques Wagner lideram disputa ao Senado na Bahia em 2026"},"content":{"rendered":"<div>\n<div>\n<figure><img decoding=\"async\" src=\"http:\/\/noticiasbahia360.com.br\/wp-content\/uploads\/2025\/07\/gKz2ngFr-Rui-Costa-e-Jaques-Wagner.webp\" alt=\"Pesquisa Paran\u00e1 -\"><figcaption>Foto: Reprodu\u00e7\u00e3o \/ Redes Sociais<\/figcaption><\/figure>\n<\/div>\n<p>Uma nova pesquisa realizada pelo Instituto Paran\u00e1 Pesquisas, em parceria com o Bahia Not\u00edcias, traz os contornos da disputa pelo Legislativo Federal em 2026 na Bahia. Os levantamentos para o Senado indicam a lideran\u00e7a dos ex-governadores Rui Costa (PT) e Jaques Wagner (PT) nos cen\u00e1rios estimulados.<\/p>\n<p>No cen\u00e1rio espont\u00e2neo, quando o nome dos candidatos n\u00e3o \u00e9 apresentado, a maioria dos eleitores baianos ainda demonstra indecis\u00e3o. O percentual de \u201cN\u00e3o sabe\/n\u00e3o opinou\u201d atinge 87,3%. Entre os nomes citados, Jaques Wagner (1,8%) e Rui Costa (1,4%) aparecem com as maiores men\u00e7\u00f5es, seguidos por Otto Alencar (PSD) (1,1%) e ACM Neto (Uni\u00e3o) (0,9%).<\/p>\n<p>J\u00e1 no primeiro cen\u00e1rio estimulado, onde os eleitores podiam citar at\u00e9 dois candidatos para Senador, os resultados s\u00e3o os seguintes:<\/p>\n<p>Rui Costa soma 44,5% e \u00e9 seguido por Jaques Wagner (34,4%) e pelo ex-ministro da Cidadania Jo\u00e3o Roma (PL), com 23,8%. Na sequ\u00eancia aparecem o senador Angelo Coronel (PSD), com 13,4%; M\u00e1rcio Marinho (Republicanos), com 7,0%; Adolfo Viana (PSDB) 6%; Marcelo Nilo (Republicanos) 4,8% e Z\u00e9 Coc\u00e1 (PP) 4,6%. Entre os que n\u00e3o sabe ou n\u00e3o opinaram a porcentagem soma 6,6. Nenhum\/Branco\/Nulo: 14,9%.<\/p>\n<p>Com a aus\u00eancia de Angelo Coronel no segundo cen\u00e1rio estimulado, a distribui\u00e7\u00e3o dos votos pulveriza, mas a lideran\u00e7a de Rui Costa e Jaques Wagner permanece:<\/p>\n<p>Rui Costa: 45,7%<br \/>Jaques Wagner: 35,7%<br \/>Jo\u00e3o Roma: 24,6%<br \/>M\u00e1rcio Marinho: 8,9%<br \/>Adolfo Viana: 7,3%<br \/>Marcelo Nilo: 6,4%<br \/>Z\u00e9 Coc\u00e1: 4,8%<br \/>N\u00e3o sabe\/N\u00e3o opinou: 7,0%<br \/>Nenhum\/Branco\/Nulo: 15,3%<\/p>\n<p>O levantamento ouviu 1620 eleitores, em 66 munic\u00edpios, entre os dias 25 e 29 de julho de 2025 e possui intervalo de confian\u00e7a de 95%, com margem de erro de 2,5%.<\/p>\n<p><em>Fonte: <a href=\"https:\/\/www.bahianoticias.com.br\/noticia\/307009-bn-parana-pesquisas-com-duas-vagas-em-disputa-para-o-senado-rui-costa-e-jaques-wagner-lideram-corrida-para-2026-na-bahia\" target=\"_blank\" rel=\"noreferrer noopener\">Bahia Not\u00edcias<\/a>, parceiro do Acorda Cidade<\/em><\/p>\n<p><em>Siga o Acorda Cidade no<\/em><a href=\"https:\/\/news.google.com\/search?q=acorda%20cidade&amp;hl=pt-BR&amp;gl=BR&amp;ceid=BR%3Apt-419\"><strong><em> Google Not\u00edcias<\/em><\/strong><\/a><em> e receba os principais destaques do dia. Participe tamb\u00e9m dos nossos canais no <\/em><a href=\"https:\/\/whatsapp.com\/channel\/0029Va6Rb4v3WHTNnsh8WI3N\"><strong><em>WhatsApp<\/em><\/strong><\/a><em> e <\/em><a href=\"https:\/\/www.youtube.com\/@acordacidadenoticias\/videos\"><strong>Youtube<\/strong><\/a><em> e grupo de <\/em><a href=\"https:\/\/t.me\/+sSz0khrgARA0ZmRh\"><strong><em>Telegram<\/em><\/strong><\/a><em>.<\/em><\/p>\n<\/div>\n","protected":false},"excerpt":{"rendered":"<div>\n<div>\n<figure><img decoding=\"async\" src=\"https:\/\/uploads.acordacidade.com.br\/2025\/03\/gKz2ngFr-Rui-Costa-e-Jaques-Wagner.webp\" alt=\"Pesquisa Paran\u00e1 -\"><figcaption>Foto: Reprodu\u00e7\u00e3o \/ Redes Sociais<\/figcaption><\/figure>\n<\/div>\n<p>Com a aus\u00eancia de Angelo Coronel, a distribui\u00e7\u00e3o dos votos pulveriza, mas a lideran\u00e7a de Rui Costa e Jaques Wagner permanece.<\/p><\/div>\n","protected":false},"author":1,"featured_media":95273,"comment_status":"closed","ping_status":"closed","sticky":false,"template":"","format":"gallery","meta":{"footnotes":""},"categories":[8,9,6,57,56,10],"tags":[],"class_list":["post-95272","post","type-post","status-publish","format-gallery","has-post-thumbnail","hentry","category-bahia","category-brasil","category-feira-de-santana","category-mundo","category-policia","category-politica","post_format-post-format-gallery"],"featured_image_urls":{"full":["https:\/\/noticiasbahia360.com.br\/wp-content\/uploads\/2025\/07\/gKz2ngFr-Rui-Costa-e-Jaques-Wagner.webp",1200,726,false],"thumbnail":["https:\/\/noticiasbahia360.com.br\/wp-content\/uploads\/2025\/07\/gKz2ngFr-Rui-Costa-e-Jaques-Wagner-150x150.webp",150,150,true],"medium":["https:\/\/noticiasbahia360.com.br\/wp-content\/uploads\/2025\/07\/gKz2ngFr-Rui-Costa-e-Jaques-Wagner-300x182.webp",300,182,true],"medium_large":["https:\/\/noticiasbahia360.com.br\/wp-content\/uploads\/2025\/07\/gKz2ngFr-Rui-Costa-e-Jaques-Wagner-768x465.webp",640,388,true],"large":["https:\/\/noticiasbahia360.com.br\/wp-content\/uploads\/2025\/07\/gKz2ngFr-Rui-Costa-e-Jaques-Wagner-1024x620.webp",640,388,true],"1536x1536":["https:\/\/noticiasbahia360.com.br\/wp-content\/uploads\/2025\/07\/gKz2ngFr-Rui-Costa-e-Jaques-Wagner.webp",1200,726,false],"2048x2048":["https:\/\/noticiasbahia360.com.br\/wp-content\/uploads\/2025\/07\/gKz2ngFr-Rui-Costa-e-Jaques-Wagner.webp",1200,726,false],"chromenews-featured":["https:\/\/noticiasbahia360.com.br\/wp-content\/uploads\/2025\/07\/gKz2ngFr-Rui-Costa-e-Jaques-Wagner-1024x620.webp",1024,620,true],"chromenews-large":["https:\/\/noticiasbahia360.com.br\/wp-content\/uploads\/2025\/07\/gKz2ngFr-Rui-Costa-e-Jaques-Wagner-825x575.webp",825,575,true],"chromenews-medium":["https:\/\/noticiasbahia360.com.br\/wp-content\/uploads\/2025\/07\/gKz2ngFr-Rui-Costa-e-Jaques-Wagner-590x410.webp",590,410,true]},"author_info":{"display_name":"noticiasbahia360.com.br","author_link":"https:\/\/noticiasbahia360.com.br\/?author=1"},"category_info":"<a href=\"https:\/\/noticiasbahia360.com.br\/?cat=8\" rel=\"category\">Bahia<\/a> <a href=\"https:\/\/noticiasbahia360.com.br\/?cat=9\" rel=\"category\">Brasil<\/a> <a href=\"https:\/\/noticiasbahia360.com.br\/?cat=6\" rel=\"category\">Feira de Santana<\/a> <a href=\"https:\/\/noticiasbahia360.com.br\/?cat=57\" rel=\"category\">Mundo<\/a> <a href=\"https:\/\/noticiasbahia360.com.br\/?cat=56\" rel=\"category\">Pol\u00edcia<\/a> <a href=\"https:\/\/noticiasbahia360.com.br\/?cat=10\" rel=\"category\">Pol\u00edtica<\/a>","tag_info":"Pol\u00edtica","comment_count":"0","_links":{"self":[{"href":"https:\/\/noticiasbahia360.com.br\/index.php?rest_route=\/wp\/v2\/posts\/95272","targetHints":{"allow":["GET"]}}],"collection":[{"href":"https:\/\/noticiasbahia360.com.br\/index.php?rest_route=\/wp\/v2\/posts"}],"about":[{"href":"https:\/\/noticiasbahia360.com.br\/index.php?rest_route=\/wp\/v2\/types\/post"}],"author":[{"embeddable":true,"href":"https:\/\/noticiasbahia360.com.br\/index.php?rest_route=\/wp\/v2\/users\/1"}],"replies":[{"embeddable":true,"href":"https:\/\/noticiasbahia360.com.br\/index.php?rest_route=%2Fwp%2Fv2%2Fcomments&post=95272"}],"version-history":[{"count":0,"href":"https:\/\/noticiasbahia360.com.br\/index.php?rest_route=\/wp\/v2\/posts\/95272\/revisions"}],"wp:featuredmedia":[{"embeddable":true,"href":"https:\/\/noticiasbahia360.com.br\/index.php?rest_route=\/wp\/v2\/media\/95273"}],"wp:attachment":[{"href":"https:\/\/noticiasbahia360.com.br\/index.php?rest_route=%2Fwp%2Fv2%2Fmedia&parent=95272"}],"wp:term":[{"taxonomy":"category","embeddable":true,"href":"https:\/\/noticiasbahia360.com.br\/index.php?rest_route=%2Fwp%2Fv2%2Fcategories&post=95272"},{"taxonomy":"post_tag","embeddable":true,"href":"https:\/\/noticiasbahia360.com.br\/index.php?rest_route=%2Fwp%2Fv2%2Ftags&post=95272"}],"curies":[{"name":"wp","href":"https:\/\/api.w.org\/{rel}","templated":true}]}}