{"id":95274,"date":"2025-07-31T08:30:28","date_gmt":"2025-07-31T11:30:28","guid":{"rendered":"https:\/\/noticiasbahia360.com.br\/?p=95274"},"modified":"2025-07-31T08:30:28","modified_gmt":"2025-07-31T11:30:28","slug":"bn-parana-pesquisas-acm-neto-lidera-disputa-pelo-governo-da-bahia-com-535","status":"publish","type":"post","link":"https:\/\/noticiasbahia360.com.br\/?p=95274","title":{"rendered":"BN\/Paran\u00e1 Pesquisas: ACM Neto lidera disputa pelo governo da Bahia com 53,5%"},"content":{"rendered":"<div>\n<div>\n<figure><img decoding=\"async\" src=\"http:\/\/noticiasbahia360.com.br\/wp-content\/uploads\/2025\/07\/acm-neto-foto-jefferson-araujo-acorda-cidade-2025.jpg\" alt=\"ACM Neto\"><figcaption>ACM Neto | Foto: Jefferson Ara\u00fajo\/Acorda Cidade<\/figcaption><\/figure>\n<\/div>\n<p>O ex-prefeito de Salvador e vice-presidente nacional do Uni\u00e3o Brasil, ACM Neto, tem 21,4% das inten\u00e7\u00f5es de voto para governador da Bahia. \u00c9 o que afirma a pesquisa feita pelo Instituto Paran\u00e1 Pesquisas em parceria com o Bahia Not\u00edcias e divulgada nesta quinta-feira (31).<\/p>\n<p>No cen\u00e1rio espont\u00e2neo, quando o nome dos candidatos n\u00e3o \u00e9 apresentado aos eleitores, Neto lidera a pesquisa e \u00e9 seguido pelo governador Jer\u00f4nimo Rodrigues (PT), que acumulou 11,4%. Tamb\u00e9m figuram na lista o ex-governador Rui Costa (PT), com 1,8%; o prefeito de Salvador, Bruno Reis, com 0,6%, Jaques Wagner (PT), com 0,2% e Jo\u00e3o Roma (PL), com 0,1%. 58,1% n\u00e3o sabe ou decidiu n\u00e3o opinar.<\/p>\n<p>J\u00e1 na primeira situa\u00e7\u00e3o estimulada, quando os nomes dos candidatos foram apresentados para os eleitores baianos, ACM Neto chega a 53,5% das inten\u00e7\u00f5es de voto. Em segundo lugar figura Jer\u00f4nimo Rodrigues com 28,1%, seguido por Jo\u00e3o Roma com 6,1% e Kl\u00e9ber Rosa com 1,3%. 4,6% n\u00e3o sabe ou decidiu n\u00e3o opinar.<\/p>\n<p>O levantamento tamb\u00e9m testou um outro cen\u00e1rio estimulado, sem a presen\u00e7a de Jer\u00f4nimo Rodrigues. Nesse caso, ACM Neto soma 53,3% das inten\u00e7\u00f5es de voto e \u00e9 seguido por Rui Costa, com 28%. Na terceira posi\u00e7\u00e3o aparece Jo\u00e3o Roma (6,2%) e em \u00faltimo lugar Kl\u00e9ber Rosa (1,4%). N\u00e3o sabe ou n\u00e3o opinou representa 4,3% deste recorte.<\/p>\n<p><strong>SEGUNDO TURNO<\/strong><\/p>\n<p>Um cen\u00e1rio de segundo turno foi levantado pela Paran\u00e1 Pesquisas colocando ACM Neto e Jer\u00f4nimo frente a frente. O ex-prefeito de Salvador leva vantagem: lidera com 59,4%, contra 30,8% do atual governador da Bahia. Brancos, nulos e nenhum somam 5,9% e n\u00e3o sabe ou n\u00e3o opinou chegou a 4%.<\/p>\n<p>O levantamento ouviu 1620 eleitores, em 66 munic\u00edpios, entre os dias 25 e 29 de julho de 2025 e possui intervalo de confian\u00e7a de 95%, com margem de erro de 2,5%.<\/p>\n<p><em>Fonte: <a href=\"https:\/\/www.bahianoticias.com.br\/noticia\/307008-bn-parana-pesquisas-acm-neto-lidera-corrida-pelo-governo-da-bahia-com-535?googlenews=false\" target=\"_blank\" rel=\"noreferrer noopener\">Bahia Not\u00edcias<\/a>, parceiro do Acorda Cidade<\/em><\/p>\n<p><em>Siga o Acorda Cidade no<\/em><a href=\"https:\/\/news.google.com\/search?q=acorda%20cidade&amp;hl=pt-BR&amp;gl=BR&amp;ceid=BR%3Apt-419\"><strong><em> Google Not\u00edcias<\/em><\/strong><\/a><em> e receba os principais destaques do dia. Participe tamb\u00e9m dos nossos canais no <\/em><a href=\"https:\/\/whatsapp.com\/channel\/0029Va6Rb4v3WHTNnsh8WI3N\"><strong><em>WhatsApp<\/em><\/strong><\/a><em> e <\/em><a href=\"https:\/\/www.youtube.com\/@acordacidadenoticias\/videos\"><strong>Youtube<\/strong><\/a><em> e grupo de <\/em><a href=\"https:\/\/t.me\/+sSz0khrgARA0ZmRh\"><strong><em>Telegram<\/em><\/strong><\/a><em>.<\/em><\/p>\n<\/div>\n","protected":false},"excerpt":{"rendered":"<div>\n<div>\n<figure><img decoding=\"async\" src=\"https:\/\/uploads.acordacidade.com.br\/2025\/05\/acm-neto-foto-jefferson-araujo-acorda-cidade-2025.jpg\" alt=\"ACM Neto\"><figcaption>ACM Neto | Foto: Jefferson Ara\u00fajo\/Acorda Cidade<\/figcaption><\/figure>\n<\/div>\n<p>Um cen\u00e1rio de segundo turno foi levantado pela Paran\u00e1 Pesquisas colocando ACM Neto e Jer\u00f4nimo frente a frente.<\/p><\/div>\n","protected":false},"author":1,"featured_media":95275,"comment_status":"closed","ping_status":"closed","sticky":false,"template":"","format":"gallery","meta":{"footnotes":""},"categories":[8,9,6,57,56,10],"tags":[],"class_list":["post-95274","post","type-post","status-publish","format-gallery","has-post-thumbnail","hentry","category-bahia","category-brasil","category-feira-de-santana","category-mundo","category-policia","category-politica","post_format-post-format-gallery"],"featured_image_urls":{"full":["https:\/\/noticiasbahia360.com.br\/wp-content\/uploads\/2025\/07\/acm-neto-foto-jefferson-araujo-acorda-cidade-2025.jpg",1200,850,false],"thumbnail":["https:\/\/noticiasbahia360.com.br\/wp-content\/uploads\/2025\/07\/acm-neto-foto-jefferson-araujo-acorda-cidade-2025-150x150.jpg",150,150,true],"medium":["https:\/\/noticiasbahia360.com.br\/wp-content\/uploads\/2025\/07\/acm-neto-foto-jefferson-araujo-acorda-cidade-2025-300x213.jpg",300,213,true],"medium_large":["https:\/\/noticiasbahia360.com.br\/wp-content\/uploads\/2025\/07\/acm-neto-foto-jefferson-araujo-acorda-cidade-2025-768x544.jpg",640,453,true],"large":["https:\/\/noticiasbahia360.com.br\/wp-content\/uploads\/2025\/07\/acm-neto-foto-jefferson-araujo-acorda-cidade-2025-1024x725.jpg",640,453,true],"1536x1536":["https:\/\/noticiasbahia360.com.br\/wp-content\/uploads\/2025\/07\/acm-neto-foto-jefferson-araujo-acorda-cidade-2025.jpg",1200,850,false],"2048x2048":["https:\/\/noticiasbahia360.com.br\/wp-content\/uploads\/2025\/07\/acm-neto-foto-jefferson-araujo-acorda-cidade-2025.jpg",1200,850,false],"chromenews-featured":["https:\/\/noticiasbahia360.com.br\/wp-content\/uploads\/2025\/07\/acm-neto-foto-jefferson-araujo-acorda-cidade-2025-1024x725.jpg",1024,725,true],"chromenews-large":["https:\/\/noticiasbahia360.com.br\/wp-content\/uploads\/2025\/07\/acm-neto-foto-jefferson-araujo-acorda-cidade-2025-825x575.jpg",825,575,true],"chromenews-medium":["https:\/\/noticiasbahia360.com.br\/wp-content\/uploads\/2025\/07\/acm-neto-foto-jefferson-araujo-acorda-cidade-2025-590x410.jpg",590,410,true]},"author_info":{"display_name":"noticiasbahia360.com.br","author_link":"https:\/\/noticiasbahia360.com.br\/?author=1"},"category_info":"<a href=\"https:\/\/noticiasbahia360.com.br\/?cat=8\" rel=\"category\">Bahia<\/a> <a href=\"https:\/\/noticiasbahia360.com.br\/?cat=9\" rel=\"category\">Brasil<\/a> <a href=\"https:\/\/noticiasbahia360.com.br\/?cat=6\" rel=\"category\">Feira de Santana<\/a> <a href=\"https:\/\/noticiasbahia360.com.br\/?cat=57\" rel=\"category\">Mundo<\/a> <a href=\"https:\/\/noticiasbahia360.com.br\/?cat=56\" rel=\"category\">Pol\u00edcia<\/a> <a href=\"https:\/\/noticiasbahia360.com.br\/?cat=10\" rel=\"category\">Pol\u00edtica<\/a>","tag_info":"Pol\u00edtica","comment_count":"0","_links":{"self":[{"href":"https:\/\/noticiasbahia360.com.br\/index.php?rest_route=\/wp\/v2\/posts\/95274","targetHints":{"allow":["GET"]}}],"collection":[{"href":"https:\/\/noticiasbahia360.com.br\/index.php?rest_route=\/wp\/v2\/posts"}],"about":[{"href":"https:\/\/noticiasbahia360.com.br\/index.php?rest_route=\/wp\/v2\/types\/post"}],"author":[{"embeddable":true,"href":"https:\/\/noticiasbahia360.com.br\/index.php?rest_route=\/wp\/v2\/users\/1"}],"replies":[{"embeddable":true,"href":"https:\/\/noticiasbahia360.com.br\/index.php?rest_route=%2Fwp%2Fv2%2Fcomments&post=95274"}],"version-history":[{"count":0,"href":"https:\/\/noticiasbahia360.com.br\/index.php?rest_route=\/wp\/v2\/posts\/95274\/revisions"}],"wp:featuredmedia":[{"embeddable":true,"href":"https:\/\/noticiasbahia360.com.br\/index.php?rest_route=\/wp\/v2\/media\/95275"}],"wp:attachment":[{"href":"https:\/\/noticiasbahia360.com.br\/index.php?rest_route=%2Fwp%2Fv2%2Fmedia&parent=95274"}],"wp:term":[{"taxonomy":"category","embeddable":true,"href":"https:\/\/noticiasbahia360.com.br\/index.php?rest_route=%2Fwp%2Fv2%2Fcategories&post=95274"},{"taxonomy":"post_tag","embeddable":true,"href":"https:\/\/noticiasbahia360.com.br\/index.php?rest_route=%2Fwp%2Fv2%2Ftags&post=95274"}],"curies":[{"name":"wp","href":"https:\/\/api.w.org\/{rel}","templated":true}]}} 