{"id":95276,"date":"2025-07-31T08:46:52","date_gmt":"2025-07-31T11:46:52","guid":{"rendered":"https:\/\/noticiasbahia360.com.br\/?p=95276"},"modified":"2025-07-31T08:46:52","modified_gmt":"2025-07-31T11:46:52","slug":"mae-agride-filho-autista-em-escola-e-perde-temporariamente-a-guarda-da-crianca-em-brumado","status":"publish","type":"post","link":"https:\/\/noticiasbahia360.com.br\/?p=95276","title":{"rendered":"M\u00e3e agride filho autista em escola e perde temporariamente a guarda da crian\u00e7a em Brumado"},"content":{"rendered":"<div>\n<div>\n<figure><img decoding=\"async\" src=\"http:\/\/noticiasbahia360.com.br\/wp-content\/uploads\/2025\/07\/delegacia-de-brumado-foto-achei-sudoeste.jpg\" alt=\"Delegacia de Brumado\"><figcaption>Foto: Lay Amorim\/Achei Sudoeste<\/figcaption><\/figure>\n<\/div>\n<p>Um caso de viol\u00eancia envolvendo uma crian\u00e7a autista de 6 anos foi registrado no final da manh\u00e3 da \u00faltima ter\u00e7a-feira (29), na Escola Municipal Airton Viana, localizada no bairro Bara\u00fanas, em Brumado, no sudoeste baiano. Segundo informa\u00e7\u00f5es do Site Achei Sudoeste, parceiro do Acorda Cidade, a crian\u00e7a sofreu agress\u00f5es da pr\u00f3pria m\u00e3e dentro do ambiente escolar.<\/p>\n<p>De acordo com Ana L\u00facia Gama, coordenadora do Ensino Fundamental II, o menino apresentou um epis\u00f3dio de desregula\u00e7\u00e3o emocional por estar frequentando a escola pela primeira vez. A equipe acionou a m\u00e3e para prestar apoio, mas, ao chegar ao local, ela teria agredido fisicamente o filho.<\/p>\n<p>\u201cA inten\u00e7\u00e3o era acalm\u00e1-lo, mas, infelizmente, a m\u00e3e o agrediu e causou ferimentos\u201d, relatou a coordenadora.<\/p>\n<p>Diante da gravidade da situa\u00e7\u00e3o, uma rede de prote\u00e7\u00e3o foi imediatamente acionada, envolvendo o Conselho Tutelar, psic\u00f3logos e o Centro de Refer\u00eancia Especializado de Assist\u00eancia Social (Creas). A Promotora de Justi\u00e7a Daniela Almeida determinou a retirada provis\u00f3ria da guarda da crian\u00e7a, que passou a ser acolhida pela av\u00f3 materna.<\/p>\n<p>\u201cA medida visa garantir a integridade f\u00edsica e emocional do menino, j\u00e1 que h\u00e1 ind\u00edcios de que ele vinha sofrendo espancamentos anteriormente. A m\u00e3e n\u00e3o apresentava condi\u00e7\u00f5es psicol\u00f3gicas para cuidar da crian\u00e7a\u201d, afirmou a coordenadora.<\/p>\n<p>A crian\u00e7a foi submetida a exame de corpo de delito e o caso segue sob investiga\u00e7\u00e3o pelas autoridades competentes.<\/p>\n<p><em>Siga o Acorda Cidade no<\/em><a href=\"https:\/\/news.google.com\/search?q=acorda%20cidade&amp;hl=pt-BR&amp;gl=BR&amp;ceid=BR%3Apt-419\"><strong><em> Google Not\u00edcias<\/em><\/strong><\/a><em> e receba os principais destaques do dia. Participe tamb\u00e9m dos nossos canais no <\/em><a href=\"https:\/\/whatsapp.com\/channel\/0029Va6Rb4v3WHTNnsh8WI3N\"><strong><em>WhatsApp<\/em><\/strong><\/a><em> e <\/em><a href=\"https:\/\/www.youtube.com\/@acordacidadenoticias\/videos\"><strong>Youtube<\/strong><\/a><em> e grupo de <\/em><a href=\"https:\/\/t.me\/+sSz0khrgARA0ZmRh\"><strong><em>Telegram<\/em><\/strong><\/a><em>.<\/em><\/p>\n<\/div>\n","protected":false},"excerpt":{"rendered":"<div>\n<div>\n<figure><img decoding=\"async\" src=\"https:\/\/uploads.acordacidade.com.br\/2025\/07\/delegacia-de-brumado-foto-achei-sudoeste.jpg\" alt=\"Delegacia de Brumado\"><figcaption>Foto: Lay Amorim\/Achei Sudoeste<\/figcaption><\/figure>\n<\/div>\n<p>A crian\u00e7a foi submetida a exame de corpo de delito e o caso segue sob investiga\u00e7\u00e3o pelas autoridades competentes.<\/p><\/div>\n","protected":false},"author":1,"featured_media":95277,"comment_status":"closed","ping_status":"closed","sticky":false,"template":"","format":"gallery","meta":{"footnotes":""},"categories":[8,9,6,57,56,10],"tags":[],"class_list":["post-95276","post","type-post","status-publish","format-gallery","has-post-thumbnail","hentry","category-bahia","category-brasil","category-feira-de-santana","category-mundo","category-policia","category-politica","post_format-post-format-gallery"],"featured_image_urls":{"full":["https:\/\/noticiasbahia360.com.br\/wp-content\/uploads\/2025\/07\/delegacia-de-brumado-foto-achei-sudoeste.jpg",1200,800,false],"thumbnail":["https:\/\/noticiasbahia360.com.br\/wp-content\/uploads\/2025\/07\/delegacia-de-brumado-foto-achei-sudoeste-150x150.jpg",150,150,true],"medium":["https:\/\/noticiasbahia360.com.br\/wp-content\/uploads\/2025\/07\/delegacia-de-brumado-foto-achei-sudoeste-300x200.jpg",300,200,true],"medium_large":["https:\/\/noticiasbahia360.com.br\/wp-content\/uploads\/2025\/07\/delegacia-de-brumado-foto-achei-sudoeste-768x512.jpg",640,427,true],"large":["https:\/\/noticiasbahia360.com.br\/wp-content\/uploads\/2025\/07\/delegacia-de-brumado-foto-achei-sudoeste-1024x683.jpg",640,427,true],"1536x1536":["https:\/\/noticiasbahia360.com.br\/wp-content\/uploads\/2025\/07\/delegacia-de-brumado-foto-achei-sudoeste.jpg",1200,800,false],"2048x2048":["https:\/\/noticiasbahia360.com.br\/wp-content\/uploads\/2025\/07\/delegacia-de-brumado-foto-achei-sudoeste.jpg",1200,800,false],"chromenews-featured":["https:\/\/noticiasbahia360.com.br\/wp-content\/uploads\/2025\/07\/delegacia-de-brumado-foto-achei-sudoeste-1024x683.jpg",1024,683,true],"chromenews-large":["https:\/\/noticiasbahia360.com.br\/wp-content\/uploads\/2025\/07\/delegacia-de-brumado-foto-achei-sudoeste-825x575.jpg",825,575,true],"chromenews-medium":["https:\/\/noticiasbahia360.com.br\/wp-content\/uploads\/2025\/07\/delegacia-de-brumado-foto-achei-sudoeste-590x410.jpg",590,410,true]},"author_info":{"display_name":"noticiasbahia360.com.br","author_link":"https:\/\/noticiasbahia360.com.br\/?author=1"},"category_info":"<a href=\"https:\/\/noticiasbahia360.com.br\/?cat=8\" rel=\"category\">Bahia<\/a> <a href=\"https:\/\/noticiasbahia360.com.br\/?cat=9\" rel=\"category\">Brasil<\/a> <a href=\"https:\/\/noticiasbahia360.com.br\/?cat=6\" rel=\"category\">Feira de Santana<\/a> <a href=\"https:\/\/noticiasbahia360.com.br\/?cat=57\" rel=\"category\">Mundo<\/a> <a href=\"https:\/\/noticiasbahia360.com.br\/?cat=56\" rel=\"category\">Pol\u00edcia<\/a> <a href=\"https:\/\/noticiasbahia360.com.br\/?cat=10\" rel=\"category\">Pol\u00edtica<\/a>","tag_info":"Pol\u00edtica","comment_count":"0","_links":{"self":[{"href":"https:\/\/noticiasbahia360.com.br\/index.php?rest_route=\/wp\/v2\/posts\/95276","targetHints":{"allow":["GET"]}}],"collection":[{"href":"https:\/\/noticiasbahia360.com.br\/index.php?rest_route=\/wp\/v2\/posts"}],"about":[{"href":"https:\/\/noticiasbahia360.com.br\/index.php?rest_route=\/wp\/v2\/types\/post"}],"author":[{"embeddable":true,"href":"https:\/\/noticiasbahia360.com.br\/index.php?rest_route=\/wp\/v2\/users\/1"}],"replies":[{"embeddable":true,"href":"https:\/\/noticiasbahia360.com.br\/index.php?rest_route=%2Fwp%2Fv2%2Fcomments&post=95276"}],"version-history":[{"count":0,"href":"https:\/\/noticiasbahia360.com.br\/index.php?rest_route=\/wp\/v2\/posts\/95276\/revisions"}],"wp:featuredmedia":[{"embeddable":true,"href":"https:\/\/noticiasbahia360.com.br\/index.php?rest_route=\/wp\/v2\/media\/95277"}],"wp:attachment":[{"href":"https:\/\/noticiasbahia360.com.br\/index.php?rest_route=%2Fwp%2Fv2%2Fmedia&parent=95276"}],"wp:term":[{"taxonomy":"category","embeddable":true,"href":"https:\/\/noticiasbahia360.com.br\/index.php?rest_route=%2Fwp%2Fv2%2Fcategories&post=95276"},{"taxonomy":"post_tag","embeddable":true,"href":"https:\/\/noticiasbahia360.com.br\/index.php?rest_route=%2Fwp%2Fv2%2Ftags&post=95276"}],"curies":[{"name":"wp","href":"https:\/\/api.w.org\/{rel}","templated":true}]}}