{"id":95278,"date":"2025-07-31T09:11:14","date_gmt":"2025-07-31T12:11:14","guid":{"rendered":"https:\/\/noticiasbahia360.com.br\/?p=95278"},"modified":"2025-07-31T09:11:14","modified_gmt":"2025-07-31T12:11:14","slug":"adolescentes-sao-apreendidos-com-arma-e-moto-roubada-no-bairro-tomba-em-feira-de-santana","status":"publish","type":"post","link":"https:\/\/noticiasbahia360.com.br\/?p=95278","title":{"rendered":"Adolescentes s\u00e3o apreendidos com arma e moto roubada no bairro Tomba, em Feira de Santana"},"content":{"rendered":"<div>\n<div>\n<figure><img decoding=\"async\" src=\"http:\/\/noticiasbahia360.com.br\/wp-content\/uploads\/2025\/07\/material-apreendido-policia-militar-1.jpg\" alt=\"Material Apreendido\"><figcaption>Foto: Pol\u00edcia Militar<\/figcaption><\/figure>\n<\/div>\n<p>Dois adolescentes foram apreendidos na noite desta quarta-feira (30) ap\u00f3s serem flagrados com uma arma de fogo e uma motocicleta com restri\u00e7\u00e3o de roubo no bairro Tomba, em Feira de Santana.<\/p>\n<p>De acordo com a Pol\u00edcia Militar, o alerta foi emitido pelo Centro Integrado de Comunica\u00e7\u00f5es (Cicom) ap\u00f3s o sistema de videomonitoramento da Secretaria de Seguran\u00e7a P\u00fablica identificar o ve\u00edculo circulando pelo conjunto Feira VII. A guarni\u00e7\u00e3o do PETO Duas Rodas da 65\u00aa Companhia Independente de Pol\u00edcia Militar (CIPM) iniciou buscas e localizou os suspeitos na rua do Tel\u00e9grafo.<\/p>\n<figure class=\"wp-block-image size-large is-resized\"><img fetchpriority=\"high\" fetchpriority=\"high\" decoding=\"async\" width=\"576\" height=\"768\" src=\"http:\/\/noticiasbahia360.com.br\/wp-content\/uploads\/2025\/07\/material-apreendido-policia-militar-2-576x768-1.jpg\" alt=\"Material Apreendido\" class=\"wp-image-578502\" style=\"width:840px;height:auto\" srcset=\"https:\/\/uploads.acordacidade.com.br\/2025\/07\/material-apreendido-policia-militar-2-274x365.jpg 274w, http:\/\/noticiasbahia360.com.br\/wp-content\/uploads\/2025\/07\/material-apreendido-policia-militar-2-576x768-1.jpg 576w, https:\/\/uploads.acordacidade.com.br\/2025\/07\/material-apreendido-policia-militar-2-415x553.jpg 415w, https:\/\/uploads.acordacidade.com.br\/2025\/07\/material-apreendido-policia-militar-2-640x853.jpg 640w, https:\/\/uploads.acordacidade.com.br\/2025\/07\/material-apreendido-policia-militar-2-150x200.jpg 150w, https:\/\/uploads.acordacidade.com.br\/2025\/07\/material-apreendido-policia-militar-2.jpg 900w\" sizes=\"(max-width: 576px) 100vw, 576px\"><figcaption class=\"wp-element-caption\">Foto: Pol\u00edcia Militar<\/figcaption><\/figure>\n<p>Ao perceberem a aproxima\u00e7\u00e3o dos policiais, os adolescentes tentaram fugir, mas foram alcan\u00e7ados e abordados. Durante a revista, os agentes encontraram um rev\u00f3lver calibre 32 na cintura do carona. A motocicleta foi confirmada como produto de roubo.<\/p>\n<p>O ve\u00edculo recuperado foi levado para a Delegacia de Repress\u00e3o a Furtos e Roubos, localizada no Jomafa. J\u00e1 os adolescentes, juntamente com a arma apreendida, foram encaminhados para a Central de Flagrantes da Pol\u00edcia Civil, no bairro Sobradinho, onde foram adotadas as medidas cab\u00edveis.<\/p>\n<p><em>Com informa\u00e7\u00f5es do rep\u00f3rter Ed Santos do Acorda Cidade<\/em><\/p>\n<p><em>Siga o Acorda Cidade no<\/em><a href=\"https:\/\/news.google.com\/search?q=acorda%20cidade&amp;hl=pt-BR&amp;gl=BR&amp;ceid=BR%3Apt-419\"><strong><em> Google Not\u00edcias<\/em><\/strong><\/a><em> e receba os principais destaques do dia. Participe tamb\u00e9m dos nossos canais no <\/em><a href=\"https:\/\/whatsapp.com\/channel\/0029Va6Rb4v3WHTNnsh8WI3N\"><strong><em>WhatsApp<\/em><\/strong><\/a><em> e <\/em><a href=\"https:\/\/www.youtube.com\/@acordacidadenoticias\/videos\"><strong>Youtube<\/strong><\/a><em> e grupo de <\/em><a href=\"https:\/\/t.me\/+sSz0khrgARA0ZmRh\"><strong><em>Telegram<\/em><\/strong><\/a><em>.<\/em><\/p>\n<\/div>\n","protected":false},"excerpt":{"rendered":"<div>\n<div>\n<figure><img decoding=\"async\" src=\"https:\/\/uploads.acordacidade.com.br\/2025\/07\/material-apreendido-policia-militar-1.jpg\" alt=\"Material Apreendido\"><figcaption>Foto: Pol\u00edcia Militar<\/figcaption><\/figure>\n<\/div>\n<p>Ao perceberem a aproxima\u00e7\u00e3o dos policiais, os adolescentes tentaram fugir, mas foram alcan\u00e7ados e abordados.<\/p><\/div>\n","protected":false},"author":1,"featured_media":95279,"comment_status":"closed","ping_status":"closed","sticky":false,"template":"","format":"gallery","meta":{"footnotes":""},"categories":[8,9,6,57,56,10],"tags":[],"class_list":["post-95278","post","type-post","status-publish","format-gallery","has-post-thumbnail","hentry","category-bahia","category-brasil","category-feira-de-santana","category-mundo","category-policia","category-politica","post_format-post-format-gallery"],"featured_image_urls":{"full":["https:\/\/noticiasbahia360.com.br\/wp-content\/uploads\/2025\/07\/material-apreendido-policia-militar-1.jpg",1200,675,false],"thumbnail":["https:\/\/noticiasbahia360.com.br\/wp-content\/uploads\/2025\/07\/material-apreendido-policia-militar-1-150x150.jpg",150,150,true],"medium":["https:\/\/noticiasbahia360.com.br\/wp-content\/uploads\/2025\/07\/material-apreendido-policia-militar-1-300x169.jpg",300,169,true],"medium_large":["https:\/\/noticiasbahia360.com.br\/wp-content\/uploads\/2025\/07\/material-apreendido-policia-militar-1-768x432.jpg",640,360,true],"large":["https:\/\/noticiasbahia360.com.br\/wp-content\/uploads\/2025\/07\/material-apreendido-policia-militar-1-1024x576.jpg",640,360,true],"1536x1536":["https:\/\/noticiasbahia360.com.br\/wp-content\/uploads\/2025\/07\/material-apreendido-policia-militar-1.jpg",1200,675,false],"2048x2048":["https:\/\/noticiasbahia360.com.br\/wp-content\/uploads\/2025\/07\/material-apreendido-policia-militar-1.jpg",1200,675,false],"chromenews-featured":["https:\/\/noticiasbahia360.com.br\/wp-content\/uploads\/2025\/07\/material-apreendido-policia-militar-1-1024x576.jpg",1024,576,true],"chromenews-large":["https:\/\/noticiasbahia360.com.br\/wp-content\/uploads\/2025\/07\/material-apreendido-policia-militar-1-825x575.jpg",825,575,true],"chromenews-medium":["https:\/\/noticiasbahia360.com.br\/wp-content\/uploads\/2025\/07\/material-apreendido-policia-militar-1-590x410.jpg",590,410,true]},"author_info":{"display_name":"noticiasbahia360.com.br","author_link":"https:\/\/noticiasbahia360.com.br\/?author=1"},"category_info":"<a href=\"https:\/\/noticiasbahia360.com.br\/?cat=8\" rel=\"category\">Bahia<\/a> <a href=\"https:\/\/noticiasbahia360.com.br\/?cat=9\" rel=\"category\">Brasil<\/a> <a href=\"https:\/\/noticiasbahia360.com.br\/?cat=6\" rel=\"category\">Feira de Santana<\/a> <a href=\"https:\/\/noticiasbahia360.com.br\/?cat=57\" rel=\"category\">Mundo<\/a> <a href=\"https:\/\/noticiasbahia360.com.br\/?cat=56\" rel=\"category\">Pol\u00edcia<\/a> <a href=\"https:\/\/noticiasbahia360.com.br\/?cat=10\" rel=\"category\">Pol\u00edtica<\/a>","tag_info":"Pol\u00edtica","comment_count":"0","_links":{"self":[{"href":"https:\/\/noticiasbahia360.com.br\/index.php?rest_route=\/wp\/v2\/posts\/95278","targetHints":{"allow":["GET"]}}],"collection":[{"href":"https:\/\/noticiasbahia360.com.br\/index.php?rest_route=\/wp\/v2\/posts"}],"about":[{"href":"https:\/\/noticiasbahia360.com.br\/index.php?rest_route=\/wp\/v2\/types\/post"}],"author":[{"embeddable":true,"href":"https:\/\/noticiasbahia360.com.br\/index.php?rest_route=\/wp\/v2\/users\/1"}],"replies":[{"embeddable":true,"href":"https:\/\/noticiasbahia360.com.br\/index.php?rest_route=%2Fwp%2Fv2%2Fcomments&post=95278"}],"version-history":[{"count":0,"href":"https:\/\/noticiasbahia360.com.br\/index.php?rest_route=\/wp\/v2\/posts\/95278\/revisions"}],"wp:featuredmedia":[{"embeddable":true,"href":"https:\/\/noticiasbahia360.com.br\/index.php?rest_route=\/wp\/v2\/media\/95279"}],"wp:attachment":[{"href":"https:\/\/noticiasbahia360.com.br\/index.php?rest_route=%2Fwp%2Fv2%2Fmedia&parent=95278"}],"wp:term":[{"taxonomy":"category","embeddable":true,"href":"https:\/\/noticiasbahia360.com.br\/index.php?rest_route=%2Fwp%2Fv2%2Fcategories&post=95278"},{"taxonomy":"post_tag","embeddable":true,"href":"https:\/\/noticiasbahia360.com.br\/index.php?rest_route=%2Fwp%2Fv2%2Ftags&post=95278"}],"curies":[{"name":"wp","href":"https:\/\/api.w.org\/{rel}","templated":true}]}} 