{"id":95283,"date":"2025-07-31T10:06:21","date_gmt":"2025-07-31T13:06:21","guid":{"rendered":"https:\/\/noticiasbahia360.com.br\/?p=95283"},"modified":"2025-07-31T10:06:21","modified_gmt":"2025-07-31T13:06:21","slug":"pais-denunciam-falta-de-aulas-e-materiais-em-escola-no-bairro-limoeiro","status":"publish","type":"post","link":"https:\/\/noticiasbahia360.com.br\/?p=95283","title":{"rendered":"Pais denunciam falta de aulas e materiais em escola no bairro Limoeiro"},"content":{"rendered":"<div>\n<div>\n<figure><img decoding=\"async\" src=\"http:\/\/noticiasbahia360.com.br\/wp-content\/uploads\/2025\/07\/escola-doutor-joao-duarte-guimaraes-limoeiro-foto-paulo-jose-acorda-cidade-3.jpg\" alt=\"Escola Municipal Doutor Jo\u00e3o Duarte Guimar\u00e3es, bairro Limoeiro em Feira de Santana\"><figcaption>Foto: Paulo Jos\u00e9\/Acorda Cidade<\/figcaption><\/figure>\n<\/div>\n<p>Pais dos alunos matriculados na Escola Municipal Doutor Jo\u00e3o Duarte Guimar\u00e3es, bairro Limoeiro em <a href=\"https:\/\/www.acordacidade.com.br\/tag\/feira-de-santana\/\">Feira de Santana<\/a> reclamam da falta de aulas para algumas turmas. Na manh\u00e3 desta quinta-feira (31), a reportagem do Acorda Cidade esteve no local onde conversou com as pessoas sobre as principais queixas.<\/p>\n<p>Renivaldo tem uma filha de 5 anos, ele explicou que a dire\u00e7\u00e3o da escola n\u00e3o fornece informa\u00e7\u00f5es, nem previs\u00e3o para o retorno das aulas.\u00a0<\/p>\n<p>\u201cA minha filhinha de 5 anos, ela j\u00e1 tem duas semanas que t\u00e1 sem aula. E a\u00ed a gente procurou a dire\u00e7\u00e3o, a dire\u00e7\u00e3o mandou a gente procurar a Seduc, e a\u00ed eles n\u00e3o d\u00e3o posi\u00e7\u00e3o nenhuma, e a\u00ed a gente fica \u2018a ver navios\u2019\u201d<\/p>\n<figure class=\"wp-block-image size-full\"><img fetchpriority=\"high\" fetchpriority=\"high\" decoding=\"async\" width=\"1200\" height=\"554\" src=\"http:\/\/noticiasbahia360.com.br\/wp-content\/uploads\/2025\/07\/escola-doutor-joao-duarte-guimaraes-limoeiro-foto-paulo-jose-acorda-cidade.jpg\" alt=\"Escola Municipal Doutor Jo\u00e3o Duarte Guimar\u00e3es, bairro Limoeiro em Feira de Santana\" class=\"wp-image-578521\" srcset=\"https:\/\/uploads.acordacidade.com.br\/2025\/07\/escola-doutor-joao-duarte-guimaraes-limoeiro-foto-paulo-jose-acorda-cidade-648x299.jpg 648w, https:\/\/uploads.acordacidade.com.br\/2025\/07\/escola-doutor-joao-duarte-guimaraes-limoeiro-foto-paulo-jose-acorda-cidade-984x454.jpg 984w, https:\/\/uploads.acordacidade.com.br\/2025\/07\/escola-doutor-joao-duarte-guimaraes-limoeiro-foto-paulo-jose-acorda-cidade-150x69.jpg 150w, http:\/\/noticiasbahia360.com.br\/wp-content\/uploads\/2025\/07\/escola-doutor-joao-duarte-guimaraes-limoeiro-foto-paulo-jose-acorda-cidade.jpg 1200w\" sizes=\"(max-width: 1200px) 100vw, 1200px\"><figcaption class=\"wp-element-caption\">Foto: Paulo Jos\u00e9\/Acorda Cidade<\/figcaption><\/figure>\n<p>Para Renivaldo a situa\u00e7\u00e3o \u00e9 complicada pois ele n\u00e3o tem outra alternativa a n\u00e3o ser contar com o ensino p\u00fablico, mas a pequena estudante na fase de alfabetiza\u00e7\u00e3o, est\u00e1 tendo preju\u00edzos com essa falta de aulas.<\/p>\n<p>\u201cMinha filhinha com 5 anos, em casa, triste, querendo estudar. Eu n\u00e3o tenho condi\u00e7\u00f5es de colocar minha filha no col\u00e9gio particular. E a\u00ed a gente est\u00e1 passando por essa dificuldade a\u00ed.\u201d<\/p>\n<p>Segundo Renivaldo, em outra turma que est\u00e1 havendo aula, a frequ\u00eancia de dias foi reduzida. \u201cTem outro grupo tamb\u00e9m que s\u00f3 est\u00e1 tendo aula tr\u00eas dias na semana, quando tem aula. S\u00e3o v\u00e1rias quest\u00f5es, material escolar, o kit escolar. A quest\u00e3o tamb\u00e9m da reforma da escola. Fio el\u00e9trico exposto, as cadeiras faltando, \u00e9 um descaso total.\u201d<\/p>\n<p>No momento, a falta de aulas \u00e9 a reclama\u00e7\u00e3o mais urgente para os pais, mas eles alertam tamb\u00e9m que outros problemas como falta de material e equipamentos quebrados s\u00e3o uma realidade no local.<\/p>\n<p>\u201cAlguns pais vem para consertar uma cadeira, para dar ajuda. Tem sala mesmo, que a parte el\u00e9trica est\u00e1 pela miseric\u00f3rdia. E tem v\u00e1rias quest\u00f5es que se eu for colocar aqui vai passar o dia e n\u00e3o vai dar para contar sobre a situa\u00e7\u00e3o\u201d, pontuou Renivaldo.<\/p>\n<p>O estudante da escola, Isl\u00e3 Silva, est\u00e1 matriculado na unidade h\u00e1 um ano. Mas neste ano ele sentiu o impacto negativo da falta dos materiais.<\/p>\n<p>\u201cEst\u00e1 mais ou menos mais ou menos, n\u00e9?! Falta material e farda, cadeira e muitas outras coisas. O fardamento desse ano ainda n\u00e3o chegou, tem tamb\u00e9m o material escolar, que vem um kit\u201d, lamentou.<\/p>\n<figure class=\"wp-block-image size-full\"><img decoding=\"async\" width=\"1200\" height=\"554\" src=\"http:\/\/noticiasbahia360.com.br\/wp-content\/uploads\/2025\/07\/escola-doutor-joao-duarte-guimaraes-limoeiro-foto-paulo-jose-acorda-cidade-2.jpg\" alt=\"Escola Municipal Doutor Jo\u00e3o Duarte Guimar\u00e3es, bairro Limoeiro em Feira de Santana\" class=\"wp-image-578519\" srcset=\"https:\/\/uploads.acordacidade.com.br\/2025\/07\/escola-doutor-joao-duarte-guimaraes-limoeiro-foto-paulo-jose-acorda-cidade-2-648x299.jpg 648w, https:\/\/uploads.acordacidade.com.br\/2025\/07\/escola-doutor-joao-duarte-guimaraes-limoeiro-foto-paulo-jose-acorda-cidade-2-984x454.jpg 984w, https:\/\/uploads.acordacidade.com.br\/2025\/07\/escola-doutor-joao-duarte-guimaraes-limoeiro-foto-paulo-jose-acorda-cidade-2-150x69.jpg 150w, http:\/\/noticiasbahia360.com.br\/wp-content\/uploads\/2025\/07\/escola-doutor-joao-duarte-guimaraes-limoeiro-foto-paulo-jose-acorda-cidade-2.jpg 1200w\" sizes=\"(max-width: 1200px) 100vw, 1200px\"><figcaption class=\"wp-element-caption\">Foto: Paulo Jos\u00e9\/Acorda Cidade<\/figcaption><\/figure>\n<p>Outro pai que esteve presente hoje na escola, Lucival Cerqueira, relatou a reportagem do Acorda Cidade que a indigna\u00e7\u00e3o \u00e9 em rela\u00e7\u00e3o a falta de comunica\u00e7\u00e3o.<\/p>\n<p>\u201cA minha reclama\u00e7\u00e3o hoje aqui n\u00e3o \u00e9 s\u00f3 a escola, mas realmente \u00e9 o descaso. Tem uma professora que est\u00e1 de licen\u00e7a, minha filha est\u00e1 com oito dias sem estudar e n\u00e3o tem nenhuma previs\u00e3o, quando volta. Eles falam que n\u00e3o tem previs\u00e3o\u201d<\/p>\n<p>A filha de Cleide L\u00facia, est\u00e1 h\u00e1 3 semanas sem aula, de acordo com a informa\u00e7\u00e3o passada por ela na manh\u00e3 desta quinta.\u00a0<\/p>\n<p>\u201cN\u00e3o s\u00f3 eu, como todos os pais, queremos uma resposta da dire\u00e7\u00e3o da escola, porque j\u00e1 tem tr\u00eas semanas que minha filha n\u00e3o vai para a escola por falta de professores. A escola n\u00e3o se pronuncia, s\u00f3 disse que foi at\u00e9 a Seduc, mas n\u00e3o d\u00e1 uma explica\u00e7\u00e3o aqui pra gente de fora\u201d<\/p>\n<p>Outra pontua\u00e7\u00e3o feita por Cleide \u00e9 a falta de auxiliar no transporte escolar. \u201cO escolar sai daqui com as crian\u00e7as tudo pequenininha, tudo em p\u00e9. N\u00e3o tem uma pessoa para estar monitorando dentro do escolar\u201d, relatou.<\/p>\n<p>Cleide relata que os pais n\u00e3o sabem mais a quem recorrer para resolver essa situa\u00e7\u00e3o.<\/p>\n<p>\u201cEu quero saber da dire\u00e7\u00e3o da escola e do secret\u00e1rio, quando a gente deixa nossos filhos sem ir para a escola, \u00e9 chamado o Conselho Tutelar. Mas nesse caso a gente chama quem? Eu queria uma resposta de voc\u00eas\u201d, conclui Cleide.<\/p>\n<figure class=\"wp-block-image size-full\"><img decoding=\"async\" width=\"1200\" height=\"554\" src=\"http:\/\/noticiasbahia360.com.br\/wp-content\/uploads\/2025\/07\/escola-doutor-joao-duarte-guimaraes-limoeiro-foto-paulo-jose-acorda-cidade-1.jpg\" alt=\"Escola Municipal Doutor Jo\u00e3o Duarte Guimar\u00e3es, bairro Limoeiro em Feira de Santana\" class=\"wp-image-578520\" srcset=\"https:\/\/uploads.acordacidade.com.br\/2025\/07\/escola-doutor-joao-duarte-guimaraes-limoeiro-foto-paulo-jose-acorda-cidade-1-648x299.jpg 648w, https:\/\/uploads.acordacidade.com.br\/2025\/07\/escola-doutor-joao-duarte-guimaraes-limoeiro-foto-paulo-jose-acorda-cidade-1-984x454.jpg 984w, https:\/\/uploads.acordacidade.com.br\/2025\/07\/escola-doutor-joao-duarte-guimaraes-limoeiro-foto-paulo-jose-acorda-cidade-1-150x69.jpg 150w, http:\/\/noticiasbahia360.com.br\/wp-content\/uploads\/2025\/07\/escola-doutor-joao-duarte-guimaraes-limoeiro-foto-paulo-jose-acorda-cidade-1.jpg 1200w\" sizes=\"(max-width: 1200px) 100vw, 1200px\"><figcaption class=\"wp-element-caption\">Foto: Paulo Jos\u00e9\/Acorda Cidade<\/figcaption><\/figure>\n<p>O Acorda Cidade entrar\u00e1 em contato com a Secretaria Municipal de Educa\u00e7\u00e3o de Feira de Santana (Seduc) para obter retorno sobre a situa\u00e7\u00e3o.<\/p>\n<p><em>Com informa\u00e7\u00f5es do rep\u00f3rter Paulo Jos\u00e9 do Acorda Cidade<\/em><\/p>\n<p><em>Siga o Acorda Cidade no<\/em><a href=\"https:\/\/news.google.com\/search?q=acorda%20cidade&amp;hl=pt-BR&amp;gl=BR&amp;ceid=BR%3Apt-419\"><strong><em> Google Not\u00edcias<\/em><\/strong><\/a><em> e receba os principais destaques do dia. Participe tamb\u00e9m dos nossos canais no <\/em><a href=\"https:\/\/whatsapp.com\/channel\/0029Va6Rb4v3WHTNnsh8WI3N\"><strong><em>WhatsApp<\/em><\/strong><\/a><em> e <\/em><a href=\"https:\/\/www.youtube.com\/@acordacidadenoticias\/videos\"><strong>Youtube<\/strong><\/a><em> e grupo de <\/em><a href=\"https:\/\/t.me\/+sSz0khrgARA0ZmRh\"><strong><em>Telegram<\/em><\/strong><\/a><em>.<\/em><\/p>\n<\/div>\n","protected":false},"excerpt":{"rendered":"<div>\n<div>\n<figure><img decoding=\"async\" src=\"https:\/\/uploads.acordacidade.com.br\/2025\/07\/escola-doutor-joao-duarte-guimaraes-limoeiro-foto-paulo-jose-acorda-cidade-3.jpg\" alt=\"Escola Municipal Doutor Jo\u00e3o Duarte Guimar\u00e3es, bairro Limoeiro em Feira de Santana\"><figcaption>Foto: Paulo Jos\u00e9\/Acorda Cidade<\/figcaption><\/figure>\n<\/div>\n<p>Alunos em fase de alfabetiza\u00e7\u00e3o est\u00e3o sendo prejudicados pela falta de aulas. Pais reclamam da aus\u00eancia de comunica\u00e7\u00e3o por parte da dire\u00e7\u00e3o escolar.<\/p><\/div>\n","protected":false},"author":1,"featured_media":95284,"comment_status":"closed","ping_status":"closed","sticky":false,"template":"","format":"gallery","meta":{"footnotes":""},"categories":[8,9,6,57,56,10],"tags":[],"class_list":["post-95283","post","type-post","status-publish","format-gallery","has-post-thumbnail","hentry","category-bahia","category-brasil","category-feira-de-santana","category-mundo","category-policia","category-politica","post_format-post-format-gallery"],"featured_image_urls":{"full":["https:\/\/noticiasbahia360.com.br\/wp-content\/uploads\/2025\/07\/escola-doutor-joao-duarte-guimaraes-limoeiro-foto-paulo-jose-acorda-cidade-3.jpg",1200,554,false],"thumbnail":["https:\/\/noticiasbahia360.com.br\/wp-content\/uploads\/2025\/07\/escola-doutor-joao-duarte-guimaraes-limoeiro-foto-paulo-jose-acorda-cidade-3-150x150.jpg",150,150,true],"medium":["https:\/\/noticiasbahia360.com.br\/wp-content\/uploads\/2025\/07\/escola-doutor-joao-duarte-guimaraes-limoeiro-foto-paulo-jose-acorda-cidade-3-300x139.jpg",300,139,true],"medium_large":["https:\/\/noticiasbahia360.com.br\/wp-content\/uploads\/2025\/07\/escola-doutor-joao-duarte-guimaraes-limoeiro-foto-paulo-jose-acorda-cidade-3-768x355.jpg",640,296,true],"large":["https:\/\/noticiasbahia360.com.br\/wp-content\/uploads\/2025\/07\/escola-doutor-joao-duarte-guimaraes-limoeiro-foto-paulo-jose-acorda-cidade-3-1024x473.jpg",640,296,true],"1536x1536":["https:\/\/noticiasbahia360.com.br\/wp-content\/uploads\/2025\/07\/escola-doutor-joao-duarte-guimaraes-limoeiro-foto-paulo-jose-acorda-cidade-3.jpg",1200,554,false],"2048x2048":["https:\/\/noticiasbahia360.com.br\/wp-content\/uploads\/2025\/07\/escola-doutor-joao-duarte-guimaraes-limoeiro-foto-paulo-jose-acorda-cidade-3.jpg",1200,554,false],"chromenews-featured":["https:\/\/noticiasbahia360.com.br\/wp-content\/uploads\/2025\/07\/escola-doutor-joao-duarte-guimaraes-limoeiro-foto-paulo-jose-acorda-cidade-3-1024x473.jpg",1024,473,true],"chromenews-large":["https:\/\/noticiasbahia360.com.br\/wp-content\/uploads\/2025\/07\/escola-doutor-joao-duarte-guimaraes-limoeiro-foto-paulo-jose-acorda-cidade-3-825x554.jpg",825,554,true],"chromenews-medium":["https:\/\/noticiasbahia360.com.br\/wp-content\/uploads\/2025\/07\/escola-doutor-joao-duarte-guimaraes-limoeiro-foto-paulo-jose-acorda-cidade-3-590x410.jpg",590,410,true]},"author_info":{"display_name":"noticiasbahia360.com.br","author_link":"https:\/\/noticiasbahia360.com.br\/?author=1"},"category_info":"<a href=\"https:\/\/noticiasbahia360.com.br\/?cat=8\" rel=\"category\">Bahia<\/a> <a href=\"https:\/\/noticiasbahia360.com.br\/?cat=9\" rel=\"category\">Brasil<\/a> <a href=\"https:\/\/noticiasbahia360.com.br\/?cat=6\" rel=\"category\">Feira de Santana<\/a> <a href=\"https:\/\/noticiasbahia360.com.br\/?cat=57\" rel=\"category\">Mundo<\/a> <a href=\"https:\/\/noticiasbahia360.com.br\/?cat=56\" rel=\"category\">Pol\u00edcia<\/a> <a href=\"https:\/\/noticiasbahia360.com.br\/?cat=10\" rel=\"category\">Pol\u00edtica<\/a>","tag_info":"Pol\u00edtica","comment_count":"0","_links":{"self":[{"href":"https:\/\/noticiasbahia360.com.br\/index.php?rest_route=\/wp\/v2\/posts\/95283","targetHints":{"allow":["GET"]}}],"collection":[{"href":"https:\/\/noticiasbahia360.com.br\/index.php?rest_route=\/wp\/v2\/posts"}],"about":[{"href":"https:\/\/noticiasbahia360.com.br\/index.php?rest_route=\/wp\/v2\/types\/post"}],"author":[{"embeddable":true,"href":"https:\/\/noticiasbahia360.com.br\/index.php?rest_route=\/wp\/v2\/users\/1"}],"replies":[{"embeddable":true,"href":"https:\/\/noticiasbahia360.com.br\/index.php?rest_route=%2Fwp%2Fv2%2Fcomments&post=95283"}],"version-history":[{"count":0,"href":"https:\/\/noticiasbahia360.com.br\/index.php?rest_route=\/wp\/v2\/posts\/95283\/revisions"}],"wp:featuredmedia":[{"embeddable":true,"href":"https:\/\/noticiasbahia360.com.br\/index.php?rest_route=\/wp\/v2\/media\/95284"}],"wp:attachment":[{"href":"https:\/\/noticiasbahia360.com.br\/index.php?rest_route=%2Fwp%2Fv2%2Fmedia&parent=95283"}],"wp:term":[{"taxonomy":"category","embeddable":true,"href":"https:\/\/noticiasbahia360.com.br\/index.php?rest_route=%2Fwp%2Fv2%2Fcategories&post=95283"},{"taxonomy":"post_tag","embeddable":true,"href":"https:\/\/noticiasbahia360.com.br\/index.php?rest_route=%2Fwp%2Fv2%2Ftags&post=95283"}],"curies":[{"name":"wp","href":"https:\/\/api.w.org\/{rel}","templated":true}]}}