{"id":95292,"date":"2025-07-31T10:16:03","date_gmt":"2025-07-31T13:16:03","guid":{"rendered":"https:\/\/noticiasbahia360.com.br\/?p=95292"},"modified":"2025-07-31T10:16:03","modified_gmt":"2025-07-31T13:16:03","slug":"em-frente-ao-forum-familiares-pedem-justica-para-jovens-mortos-na-estrada-de-jaiba-ele-destruiu-toda-a-familia","status":"publish","type":"post","link":"https:\/\/noticiasbahia360.com.br\/?p=95292","title":{"rendered":"Em frente ao F\u00f3rum, familiares pedem justi\u00e7a para jovens mortos na Estrada de Ja\u00edba: \u201cEle destruiu toda a fam\u00edlia\u201d\u00a0\u00a0"},"content":{"rendered":"<div>\n<div>\n<figure><img decoding=\"async\" src=\"http:\/\/noticiasbahia360.com.br\/wp-content\/uploads\/2025\/07\/Familiares-pedem-justica-para-jovens-atropelados-na-Estrada-de-Jaiba.webp\" alt=\"Familiares pedem justi\u00e7a para jovens atropelados na Estrada de Ja\u00edba\"><figcaption>Foto: Ed Santos\/Acorda Cidade<\/figcaption><\/figure>\n<\/div>\n<p>Ap\u00f3s tr\u00eas anos, f<a href=\"https:\/\/www.acordacidade.com.br\/policia\/familiares-de-jovens-atropelados-da-estrada-de-jaiba-fazem-protesto-no-complexo-do-bairro-sobradinho\/\" target=\"_blank\" rel=\"noreferrer noopener\">amiliares e amigos continuam pedindo respostas para a tr\u00e1gica morte das v\u00edtimas Williane, Ronald e Rafael.<\/a> Nesta manh\u00e3 de quinta-feira (31), o grupo fez mais uma manifesta\u00e7\u00e3o para pedir justi\u00e7a para as v\u00edtimas do acidente que ocorreu em 2022, na Estrada de Ja\u00edba, em Feira de Santana. <\/p>\n<p>Entre elas, uma crian\u00e7a morreu: Ronald Soares dos Santos, de 7 anos, a irm\u00e3 dele, Wiliane Azevedo de Jesus, de 16 anos, e o namorado da jovem, Rafael dos Santos Gon\u00e7alves, de 17. O protesto aconteceu em frente ao F\u00f3rum Filinto Bastos. Com cartazes, camisetas com fotos da v\u00edtima e frases de saudade, eles pediram respostas.\u00a0<\/p>\n<figure class=\"wp-block-image size-full is-resized\"><img fetchpriority=\"high\" decoding=\"async\" width=\"500\" height=\"300\" src=\"http:\/\/noticiasbahia360.com.br\/wp-content\/uploads\/2025\/07\/vitima-de-acidente-na-estrada-de-jaiba.jpg\" alt=\"\" class=\"wp-image-214045\" style=\"width:840px;height:auto\"><figcaption class=\"wp-element-caption\">Foto: Arquivo Pessoal<br \/>\n<\/figcaption><\/figure>\n<h2 class=\"wp-block-heading\" id=\"h-relembre-o-caso\">Relembre o caso<\/h2>\n<p>A colis\u00e3o aconteceu no dia 31 de julho de 2022 e envolveu duas motocicletas e um carro na BA-503. Na \u00e9poca, o condutor do ve\u00edculo foi apresentado no Complexo de Delegacias com suspeitas de embriaguez. Ele foi identificado como um a\u00e7ougueiro, de 23 anos, morador de Concei\u00e7\u00e3o de Maria.\u00a0<\/p>\n<p>A m\u00e3e de uma das v\u00edtimas, Ant\u00f4nia dos Santos Gon\u00e7alves, estava em casa no momento do acidente. Ele soube por uma liga\u00e7\u00e3o que o filho, Rafael, havia falecido no acidente. Emocionada, ela relembrou o momento.<\/p>\n<p>\u201cRafael foi comprar um lanche e nesse lanche ele acabou perdendo sua vida. Ele, a namorada e o irm\u00e3o da namorada. O condutor na \u00e9poca foi identificado, preso em flagrante, levou 87 dias mais ou menos preso e est\u00e1 solto; os meninos que est\u00e3o presos em uma pris\u00e3o que n\u00e3o tem chave, n\u00e3o tem porta\u201d, disse a m\u00e3e.<\/p>\n<figure class=\"wp-block-image size-full\"><img decoding=\"async\" width=\"1200\" height=\"675\" src=\"http:\/\/noticiasbahia360.com.br\/wp-content\/uploads\/2025\/07\/Familiares-pedem-justica-para-jovens-atropelados-na-Estrada-de-Jaiba-.webp\" alt=\"Familiares pedem justi\u00e7a para jovens atropelados na Estrada de Ja\u00edba\" class=\"wp-image-578536\" srcset=\"https:\/\/uploads.acordacidade.com.br\/2025\/07\/Familiares-pedem-justica-para-jovens-atropelados-na-Estrada-de-Jaiba--648x365.webp 648w, https:\/\/uploads.acordacidade.com.br\/2025\/07\/Familiares-pedem-justica-para-jovens-atropelados-na-Estrada-de-Jaiba--150x84.webp 150w, http:\/\/noticiasbahia360.com.br\/wp-content\/uploads\/2025\/07\/Familiares-pedem-justica-para-jovens-atropelados-na-Estrada-de-Jaiba-.webp 1200w\" sizes=\"(max-width: 1200px) 100vw, 1200px\"><figcaption class=\"wp-element-caption\">Ant\u00f4nia dos Santos Gon\u00e7alves | Foto: Ed Santos\/Acorda Cidade<\/figcaption><\/figure>\n<p>Para Ant\u00f4nia, tr\u00eas anos significam tempo de descaso, sofrimento e saudade. \u201cUma data que para n\u00f3s s\u00e3o tr\u00eas dias, porque a gente entra em casa, sente falta de nossos filhos, sente falta da conviv\u00eancia, de tudo dele e at\u00e9 hoje n\u00e3o temos nenhuma resposta da justi\u00e7a\u201d, afirmou.<\/p>\n<p>Segundo a m\u00e3e de Rafael, a fam\u00edlia recebeu informa\u00e7\u00f5es em 2023 de que o respons\u00e1vel pelo acidente iria a j\u00fari popular, mas at\u00e9 hoje n\u00e3o tiveram mais respostas. \u201cN\u00e3o temos nenhuma resposta, nem de advogado, nem de juiz, nem de promotor.\u201d<\/p>\n<p>A m\u00e3e de Williane e Ronald lembrou que, se ela estivesse viva, estaria completando este ano 18 anos. O menino estaria entrando na pr\u00e9-adolesc\u00eancia, aos 11 anos. \u201cPara mim, esses tr\u00eas anos s\u00e3o como se fossem hoje. Eu n\u00e3o paro de pensar em meus filhos. Ele n\u00e3o destruiu s\u00f3 os meus filhos, ele destruiu a mim e o irm\u00e3ozinho que ficou vivo\u201d, contou Carla Soares Azevedo.<\/p>\n<figure class=\"wp-block-image size-full\"><img decoding=\"async\" width=\"1200\" height=\"675\" src=\"http:\/\/noticiasbahia360.com.br\/wp-content\/uploads\/2025\/07\/Familiares-pedem-justica-para-jovens-atropelados-na-Estrada-de-Jaiba-1.webp\" alt=\"Familiares pedem justi\u00e7a para jovens atropelados na Estrada de Ja\u00edba\" class=\"wp-image-578535\" srcset=\"https:\/\/uploads.acordacidade.com.br\/2025\/07\/Familiares-pedem-justica-para-jovens-atropelados-na-Estrada-de-Jaiba-1-648x365.webp 648w, https:\/\/uploads.acordacidade.com.br\/2025\/07\/Familiares-pedem-justica-para-jovens-atropelados-na-Estrada-de-Jaiba-1-150x84.webp 150w, http:\/\/noticiasbahia360.com.br\/wp-content\/uploads\/2025\/07\/Familiares-pedem-justica-para-jovens-atropelados-na-Estrada-de-Jaiba-1.webp 1200w\" sizes=\"(max-width: 1200px) 100vw, 1200px\"><figcaption class=\"wp-element-caption\"> Carla Soares Azevedo | Foto: Ed Santos\/Acorda Cidade<\/figcaption><\/figure>\n<p>\u201cAssim como foi minha fam\u00edlia que ele destruiu, um indiv\u00edduo desse est\u00e1 a\u00ed solto para destruir outra fam\u00edlia. E eu vim aqui hoje atr\u00e1s de justi\u00e7a e que Dona M\u00e1rcia [Lu\u00edza] deu uma solu\u00e7\u00e3o, porque n\u00e3o \u00e9 f\u00e1cil conviver com a dor. J\u00e1 fizemos v\u00e1rias manifesta\u00e7\u00f5es no local do acidente, no Minist\u00e9rio P\u00fablico e hoje mais uma vez. A gente n\u00e3o esqueceu\u201d, completou a m\u00e3e.<\/p>\n<p><em>Com informa\u00e7\u00f5es do rep\u00f3rter Ed Santos do Acorda Cidade<\/em><\/p>\n<p><strong>Leia tamb\u00e9m:<\/strong><\/p>\n<p><a href=\"https:\/\/www.acordacidade.com.br\/policia\/familiares-de-jovens-atropelados-da-estrada-de-jaiba-fazem-protesto-no-complexo-do-bairro-sobradinho\/\" target=\"_blank\" rel=\"noreferrer noopener\">Familiares de jovens atropelados da Estrada de Ja\u00edba fazem protesto no Complexo do bairro Sobradinho<\/a><\/p>\n<p><a href=\"https:\/\/www.acordacidade.com.br\/feira-de-santana\/3-pessoas-morrem-em-acidente-na-estrada-de-jaiba-entre-as-vitimas-uma-crianca\/\">3 pessoas morrem em acidente na Estrada de Ja\u00edba; entre as v\u00edtimas uma crian\u00e7a<\/a><\/p>\n<p><a href=\"https:\/\/www.acordacidade.com.br\/feira-de-santana\/jovens-vitimas-de-atropelamento-na-estrada-de-jaiba-sao-sepultados\/\">Jovens v\u00edtimas de atropelamento na estrada de Ja\u00edba s\u00e3o sepultados<\/a><\/p>\n<p><em>Siga o Acorda Cidade no<a href=\"https:\/\/news.google.com\/search?q=acorda%20cidade&amp;hl=pt-BR&amp;gl=BR&amp;ceid=BR%3Apt-419\" target=\"_blank\" rel=\"noreferrer noopener\">\u00a0Google Not\u00edcias<\/a>\u00a0e receba os principais destaques do dia.\u00a0Participe tamb\u00e9m dos nossos grupos no<a href=\"https:\/\/chat.whatsapp.com\/HkRVpi4JPIRJI8scBe5VB0\" target=\"_blank\" rel=\"noreferrer noopener\">\u00a0WhatsApp<\/a>\u00a0e\u00a0<a href=\"https:\/\/t.me\/+sSz0khrgARA0ZmRh\" target=\"_blank\" rel=\"noreferrer noopener\">Telegram<\/a><\/em><\/p>\n<\/div>\n","protected":false},"excerpt":{"rendered":"<div>\n<div>\n<figure><img decoding=\"async\" src=\"https:\/\/uploads.acordacidade.com.br\/2025\/07\/Familiares-pedem-justica-para-jovens-atropelados-na-Estrada-de-Jaiba.webp\" alt=\"Familiares pedem justi\u00e7a para jovens atropelados na Estrada de Ja\u00edba\"><figcaption>Foto: Ed Santos\/Acorda Cidade<\/figcaption><\/figure>\n<\/div>\n<p>Nesta manh\u00e3 de quinta-feira (31), o grupo fez mais uma manifesta\u00e7\u00e3o para pedir justi\u00e7a para as v\u00edtimas do acidente que ocorreu em 2022.<\/p><\/div>\n","protected":false},"author":1,"featured_media":95293,"comment_status":"closed","ping_status":"closed","sticky":false,"template":"","format":"gallery","meta":{"footnotes":""},"categories":[8,9,6,57,56,10],"tags":[],"class_list":["post-95292","post","type-post","status-publish","format-gallery","has-post-thumbnail","hentry","category-bahia","category-brasil","category-feira-de-santana","category-mundo","category-policia","category-politica","post_format-post-format-gallery"],"featured_image_urls":{"full":["https:\/\/noticiasbahia360.com.br\/wp-content\/uploads\/2025\/07\/Familiares-pedem-justica-para-jovens-atropelados-na-Estrada-de-Jaiba.webp",1200,675,false],"thumbnail":["https:\/\/noticiasbahia360.com.br\/wp-content\/uploads\/2025\/07\/Familiares-pedem-justica-para-jovens-atropelados-na-Estrada-de-Jaiba-150x150.webp",150,150,true],"medium":["https:\/\/noticiasbahia360.com.br\/wp-content\/uploads\/2025\/07\/Familiares-pedem-justica-para-jovens-atropelados-na-Estrada-de-Jaiba-300x169.webp",300,169,true],"medium_large":["https:\/\/noticiasbahia360.com.br\/wp-content\/uploads\/2025\/07\/Familiares-pedem-justica-para-jovens-atropelados-na-Estrada-de-Jaiba-768x432.webp",640,360,true],"large":["https:\/\/noticiasbahia360.com.br\/wp-content\/uploads\/2025\/07\/Familiares-pedem-justica-para-jovens-atropelados-na-Estrada-de-Jaiba-1024x576.webp",640,360,true],"1536x1536":["https:\/\/noticiasbahia360.com.br\/wp-content\/uploads\/2025\/07\/Familiares-pedem-justica-para-jovens-atropelados-na-Estrada-de-Jaiba.webp",1200,675,false],"2048x2048":["https:\/\/noticiasbahia360.com.br\/wp-content\/uploads\/2025\/07\/Familiares-pedem-justica-para-jovens-atropelados-na-Estrada-de-Jaiba.webp",1200,675,false],"chromenews-featured":["https:\/\/noticiasbahia360.com.br\/wp-content\/uploads\/2025\/07\/Familiares-pedem-justica-para-jovens-atropelados-na-Estrada-de-Jaiba-1024x576.webp",1024,576,true],"chromenews-large":["https:\/\/noticiasbahia360.com.br\/wp-content\/uploads\/2025\/07\/Familiares-pedem-justica-para-jovens-atropelados-na-Estrada-de-Jaiba-825x575.webp",825,575,true],"chromenews-medium":["https:\/\/noticiasbahia360.com.br\/wp-content\/uploads\/2025\/07\/Familiares-pedem-justica-para-jovens-atropelados-na-Estrada-de-Jaiba-590x410.webp",590,410,true]},"author_info":{"display_name":"noticiasbahia360.com.br","author_link":"https:\/\/noticiasbahia360.com.br\/?author=1"},"category_info":"<a href=\"https:\/\/noticiasbahia360.com.br\/?cat=8\" rel=\"category\">Bahia<\/a> <a href=\"https:\/\/noticiasbahia360.com.br\/?cat=9\" rel=\"category\">Brasil<\/a> <a href=\"https:\/\/noticiasbahia360.com.br\/?cat=6\" rel=\"category\">Feira de Santana<\/a> <a href=\"https:\/\/noticiasbahia360.com.br\/?cat=57\" rel=\"category\">Mundo<\/a> <a href=\"https:\/\/noticiasbahia360.com.br\/?cat=56\" rel=\"category\">Pol\u00edcia<\/a> <a href=\"https:\/\/noticiasbahia360.com.br\/?cat=10\" rel=\"category\">Pol\u00edtica<\/a>","tag_info":"Pol\u00edtica","comment_count":"0","_links":{"self":[{"href":"https:\/\/noticiasbahia360.com.br\/index.php?rest_route=\/wp\/v2\/posts\/95292","targetHints":{"allow":["GET"]}}],"collection":[{"href":"https:\/\/noticiasbahia360.com.br\/index.php?rest_route=\/wp\/v2\/posts"}],"about":[{"href":"https:\/\/noticiasbahia360.com.br\/index.php?rest_route=\/wp\/v2\/types\/post"}],"author":[{"embeddable":true,"href":"https:\/\/noticiasbahia360.com.br\/index.php?rest_route=\/wp\/v2\/users\/1"}],"replies":[{"embeddable":true,"href":"https:\/\/noticiasbahia360.com.br\/index.php?rest_route=%2Fwp%2Fv2%2Fcomments&post=95292"}],"version-history":[{"count":0,"href":"https:\/\/noticiasbahia360.com.br\/index.php?rest_route=\/wp\/v2\/posts\/95292\/revisions"}],"wp:featuredmedia":[{"embeddable":true,"href":"https:\/\/noticiasbahia360.com.br\/index.php?rest_route=\/wp\/v2\/media\/95293"}],"wp:attachment":[{"href":"https:\/\/noticiasbahia360.com.br\/index.php?rest_route=%2Fwp%2Fv2%2Fmedia&parent=95292"}],"wp:term":[{"taxonomy":"category","embeddable":true,"href":"https:\/\/noticiasbahia360.com.br\/index.php?rest_route=%2Fwp%2Fv2%2Fcategories&post=95292"},{"taxonomy":"post_tag","embeddable":true,"href":"https:\/\/noticiasbahia360.com.br\/index.php?rest_route=%2Fwp%2Fv2%2Ftags&post=95292"}],"curies":[{"name":"wp","href":"https:\/\/api.w.org\/{rel}","templated":true}]}}