{"id":95339,"date":"2025-07-31T15:06:31","date_gmt":"2025-07-31T18:06:31","guid":{"rendered":"https:\/\/noticiasbahia360.com.br\/?p=95339"},"modified":"2025-07-31T15:06:31","modified_gmt":"2025-07-31T18:06:31","slug":"comerciante-reclama-de-mas-condicoes-do-mercado-municipal-do-bairro-limoeiro","status":"publish","type":"post","link":"https:\/\/noticiasbahia360.com.br\/?p=95339","title":{"rendered":"Comerciante reclama de m\u00e1s condi\u00e7\u00f5es do Mercado Municipal do bairro Limoeiro"},"content":{"rendered":"<div>\n<div>\n<figure><img decoding=\"async\" src=\"http:\/\/noticiasbahia360.com.br\/wp-content\/uploads\/2025\/07\/mercado-municipal-do-bairro-limoeiro-foto-paulo-jose-acorda-cidade.jpg\" alt=\"Mercado Municipal do bairro Limoeiro, Feira de Santana\"><figcaption>Foto: Paulo Jos\u00e9\/Acorda Cidade<\/figcaption><\/figure>\n<\/div>\n<p>O Mercado Municipal do bairro Limoeiro fica localizado na rua Madre de Deus em Feira de Santana. Segundo o comerciante Catarino de Jesus que possui um a\u00e7ougue no local, a clientela reduziu significativamente por conta da falta de manuten\u00e7\u00e3o e necessidade de reforma do Mercado.<\/p>\n<figure class=\"wp-block-image size-full\"><img fetchpriority=\"high\" fetchpriority=\"high\" decoding=\"async\" width=\"1200\" height=\"682\" src=\"http:\/\/noticiasbahia360.com.br\/wp-content\/uploads\/2025\/07\/mercado-municipal-do-bairro-limoeiro-foto-paulo-jose-acorda-cidade-1.jpg\" alt=\"Mercado Municipal do bairro Limoeiro, Feira de Santana\" class=\"wp-image-578562\" srcset=\"https:\/\/uploads.acordacidade.com.br\/2025\/07\/mercado-municipal-do-bairro-limoeiro-foto-paulo-jose-acorda-cidade-1-642x365.jpg 642w, https:\/\/uploads.acordacidade.com.br\/2025\/07\/mercado-municipal-do-bairro-limoeiro-foto-paulo-jose-acorda-cidade-1-973x553.jpg 973w, https:\/\/uploads.acordacidade.com.br\/2025\/07\/mercado-municipal-do-bairro-limoeiro-foto-paulo-jose-acorda-cidade-1-150x85.jpg 150w, http:\/\/noticiasbahia360.com.br\/wp-content\/uploads\/2025\/07\/mercado-municipal-do-bairro-limoeiro-foto-paulo-jose-acorda-cidade-1.jpg 1200w\" sizes=\"(max-width: 1200px) 100vw, 1200px\"><figcaption class=\"wp-element-caption\">Foto: Paulo Jos\u00e9\/Acorda Cidade<\/figcaption><\/figure>\n<p>\u201cTiro meu p\u00e3o de cada dia daqui de dentro, s\u00f3 que eu j\u00e1 perdi meus fregueses em 80% por causa do mau cheiro e o mau zelo do mercado. A gente n\u00e3o pode meter m\u00e3o, porque \u00e9 \u00f3rg\u00e3o da prefeitura. Tudo furado a\u00ed, os telhados\u201d<\/p>\n<p>Segundo Catarino a prefeitura prometeu a reforma no ano passado, este ano colocou uma placa no local. A quest\u00e3o que o comerciante relata \u00e9 que h\u00e1 urg\u00eancia nesse servi\u00e7o, pois at\u00e9 os outros boxes est\u00e3o fechados pela queda das vendas.<\/p>\n<figure class=\"wp-block-image size-full\"><img decoding=\"async\" width=\"1200\" height=\"618\" src=\"http:\/\/noticiasbahia360.com.br\/wp-content\/uploads\/2025\/07\/mercado-municipal-do-bairro-limoeiro-foto-paulo-jose-acorda-cidade-2.jpg\" alt=\"Mercado Municipal do bairro Limoeiro, Feira de Santana\" class=\"wp-image-578561\" srcset=\"https:\/\/uploads.acordacidade.com.br\/2025\/07\/mercado-municipal-do-bairro-limoeiro-foto-paulo-jose-acorda-cidade-2-648x334.jpg 648w, https:\/\/uploads.acordacidade.com.br\/2025\/07\/mercado-municipal-do-bairro-limoeiro-foto-paulo-jose-acorda-cidade-2-984x507.jpg 984w, https:\/\/uploads.acordacidade.com.br\/2025\/07\/mercado-municipal-do-bairro-limoeiro-foto-paulo-jose-acorda-cidade-2-150x77.jpg 150w, http:\/\/noticiasbahia360.com.br\/wp-content\/uploads\/2025\/07\/mercado-municipal-do-bairro-limoeiro-foto-paulo-jose-acorda-cidade-2.jpg 1200w\" sizes=\"(max-width: 1200px) 100vw, 1200px\"><figcaption class=\"wp-element-caption\">Foto: Paulo Jos\u00e9\/Acorda Cidade<\/figcaption><\/figure>\n<p>\u201cEstamos precisando de uma reforma urgente. Os boxes todos fechados, n\u00e3o funciona, s\u00f3 tem eu aqui, s\u00f3 fica eu direto de domingo a domingo\u201d<\/p>\n<p>O comerciante relata que a quadra que fica pr\u00f3ximo ao Mercado, tamb\u00e9m est\u00e1 abandonada. \u201cA quadra, foi onde eles gastaram mais, t\u00e1 toda arrombada, inclusive as portas da quadra t\u00e1 guardada ali que tiraram\u201d<\/p>\n<figure class=\"wp-block-image size-full\"><img decoding=\"async\" width=\"1200\" height=\"554\" src=\"http:\/\/noticiasbahia360.com.br\/wp-content\/uploads\/2025\/07\/quadra-no-bairro-limoeiro-foto-paulo-jose-acorda-cidade-.jpg\" alt=\"Mercado Municipal do bairro Limoeiro, Feira de Santana\" class=\"wp-image-578564\" srcset=\"https:\/\/uploads.acordacidade.com.br\/2025\/07\/quadra-no-bairro-limoeiro-foto-paulo-jose-acorda-cidade--648x299.jpg 648w, https:\/\/uploads.acordacidade.com.br\/2025\/07\/quadra-no-bairro-limoeiro-foto-paulo-jose-acorda-cidade--984x454.jpg 984w, https:\/\/uploads.acordacidade.com.br\/2025\/07\/quadra-no-bairro-limoeiro-foto-paulo-jose-acorda-cidade--150x69.jpg 150w, http:\/\/noticiasbahia360.com.br\/wp-content\/uploads\/2025\/07\/quadra-no-bairro-limoeiro-foto-paulo-jose-acorda-cidade-.jpg 1200w\" sizes=\"(max-width: 1200px) 100vw, 1200px\"><figcaption class=\"wp-element-caption\">Foto: Paulo Jos\u00e9\/Acorda Cidade<\/figcaption><\/figure>\n<p>Catarino relata que tem dias que nem consegue fechar vendas, devido ao baixo movimento no local.<\/p>\n<p>\u201cPrometeram, n\u00e3o realizaram, agora diz que vai fazer, inclusive botaram uma placa a\u00ed vamos ver se vai consertar agora. Aqui dentro eu tenho 6 anos, \u00e9 onde eu tiro meu p\u00e3o, a\u00ed no fim de m\u00eas sempre entra um dinheirinho para pagar o fornecedor\u201d, relatou.<\/p>\n<p>O Acorda Cidade entrar\u00e1 em contato com a Prefeitura Municipal de Feira de Santana para obter retorno sobre a situa\u00e7\u00e3o.<\/p>\n<p><em>Com informa\u00e7\u00f5es do rep\u00f3rter Paulo Jos\u00e9 do Acorda Cidade<\/em><\/p>\n<p><em>Siga o Acorda Cidade no<\/em><a href=\"https:\/\/news.google.com\/search?q=acorda%20cidade&amp;hl=pt-BR&amp;gl=BR&amp;ceid=BR%3Apt-419\"><strong><em> Google Not\u00edcias<\/em><\/strong><\/a><em> e receba os principais destaques do dia. Participe tamb\u00e9m dos nossos canais no <\/em><a href=\"https:\/\/whatsapp.com\/channel\/0029Va6Rb4v3WHTNnsh8WI3N\"><strong><em>WhatsApp<\/em><\/strong><\/a><em> e <\/em><a href=\"https:\/\/www.youtube.com\/@acordacidadenoticias\/videos\"><strong>Youtube<\/strong><\/a><em> e grupo de <\/em><a href=\"https:\/\/t.me\/+sSz0khrgARA0ZmRh\"><strong><em>Telegram<\/em><\/strong><\/a><em>.<\/em><\/p>\n<\/div>\n","protected":false},"excerpt":{"rendered":"<div>\n<div>\n<figure><img decoding=\"async\" src=\"https:\/\/uploads.acordacidade.com.br\/2025\/07\/mercado-municipal-do-bairro-limoeiro-foto-paulo-jose-acorda-cidade.jpg\" alt=\"Mercado Municipal do bairro Limoeiro, Feira de Santana\"><figcaption>Foto: Paulo Jos\u00e9\/Acorda Cidade<\/figcaption><\/figure>\n<\/div>\n<p>O comerciante relata que houve redu\u00e7\u00e3o tanto da clientela, quanto de com\u00e9rcios em funcionamento no local.<\/p><\/div>\n","protected":false},"author":1,"featured_media":95340,"comment_status":"closed","ping_status":"closed","sticky":false,"template":"","format":"gallery","meta":{"footnotes":""},"categories":[8,9,6,57,56,10],"tags":[],"class_list":["post-95339","post","type-post","status-publish","format-gallery","has-post-thumbnail","hentry","category-bahia","category-brasil","category-feira-de-santana","category-mundo","category-policia","category-politica","post_format-post-format-gallery"],"featured_image_urls":{"full":["https:\/\/noticiasbahia360.com.br\/wp-content\/uploads\/2025\/07\/mercado-municipal-do-bairro-limoeiro-foto-paulo-jose-acorda-cidade.jpg",1200,554,false],"thumbnail":["https:\/\/noticiasbahia360.com.br\/wp-content\/uploads\/2025\/07\/mercado-municipal-do-bairro-limoeiro-foto-paulo-jose-acorda-cidade-150x150.jpg",150,150,true],"medium":["https:\/\/noticiasbahia360.com.br\/wp-content\/uploads\/2025\/07\/mercado-municipal-do-bairro-limoeiro-foto-paulo-jose-acorda-cidade-300x139.jpg",300,139,true],"medium_large":["https:\/\/noticiasbahia360.com.br\/wp-content\/uploads\/2025\/07\/mercado-municipal-do-bairro-limoeiro-foto-paulo-jose-acorda-cidade-768x355.jpg",640,296,true],"large":["https:\/\/noticiasbahia360.com.br\/wp-content\/uploads\/2025\/07\/mercado-municipal-do-bairro-limoeiro-foto-paulo-jose-acorda-cidade-1024x473.jpg",640,296,true],"1536x1536":["https:\/\/noticiasbahia360.com.br\/wp-content\/uploads\/2025\/07\/mercado-municipal-do-bairro-limoeiro-foto-paulo-jose-acorda-cidade.jpg",1200,554,false],"2048x2048":["https:\/\/noticiasbahia360.com.br\/wp-content\/uploads\/2025\/07\/mercado-municipal-do-bairro-limoeiro-foto-paulo-jose-acorda-cidade.jpg",1200,554,false],"chromenews-featured":["https:\/\/noticiasbahia360.com.br\/wp-content\/uploads\/2025\/07\/mercado-municipal-do-bairro-limoeiro-foto-paulo-jose-acorda-cidade-1024x473.jpg",1024,473,true],"chromenews-large":["https:\/\/noticiasbahia360.com.br\/wp-content\/uploads\/2025\/07\/mercado-municipal-do-bairro-limoeiro-foto-paulo-jose-acorda-cidade-825x554.jpg",825,554,true],"chromenews-medium":["https:\/\/noticiasbahia360.com.br\/wp-content\/uploads\/2025\/07\/mercado-municipal-do-bairro-limoeiro-foto-paulo-jose-acorda-cidade-590x410.jpg",590,410,true]},"author_info":{"display_name":"noticiasbahia360.com.br","author_link":"https:\/\/noticiasbahia360.com.br\/?author=1"},"category_info":"<a href=\"https:\/\/noticiasbahia360.com.br\/?cat=8\" rel=\"category\">Bahia<\/a> <a href=\"https:\/\/noticiasbahia360.com.br\/?cat=9\" rel=\"category\">Brasil<\/a> <a href=\"https:\/\/noticiasbahia360.com.br\/?cat=6\" rel=\"category\">Feira de Santana<\/a> <a href=\"https:\/\/noticiasbahia360.com.br\/?cat=57\" rel=\"category\">Mundo<\/a> <a href=\"https:\/\/noticiasbahia360.com.br\/?cat=56\" rel=\"category\">Pol\u00edcia<\/a> <a href=\"https:\/\/noticiasbahia360.com.br\/?cat=10\" rel=\"category\">Pol\u00edtica<\/a>","tag_info":"Pol\u00edtica","comment_count":"0","_links":{"self":[{"href":"https:\/\/noticiasbahia360.com.br\/index.php?rest_route=\/wp\/v2\/posts\/95339","targetHints":{"allow":["GET"]}}],"collection":[{"href":"https:\/\/noticiasbahia360.com.br\/index.php?rest_route=\/wp\/v2\/posts"}],"about":[{"href":"https:\/\/noticiasbahia360.com.br\/index.php?rest_route=\/wp\/v2\/types\/post"}],"author":[{"embeddable":true,"href":"https:\/\/noticiasbahia360.com.br\/index.php?rest_route=\/wp\/v2\/users\/1"}],"replies":[{"embeddable":true,"href":"https:\/\/noticiasbahia360.com.br\/index.php?rest_route=%2Fwp%2Fv2%2Fcomments&post=95339"}],"version-history":[{"count":0,"href":"https:\/\/noticiasbahia360.com.br\/index.php?rest_route=\/wp\/v2\/posts\/95339\/revisions"}],"wp:featuredmedia":[{"embeddable":true,"href":"https:\/\/noticiasbahia360.com.br\/index.php?rest_route=\/wp\/v2\/media\/95340"}],"wp:attachment":[{"href":"https:\/\/noticiasbahia360.com.br\/index.php?rest_route=%2Fwp%2Fv2%2Fmedia&parent=95339"}],"wp:term":[{"taxonomy":"category","embeddable":true,"href":"https:\/\/noticiasbahia360.com.br\/index.php?rest_route=%2Fwp%2Fv2%2Fcategories&post=95339"},{"taxonomy":"post_tag","embeddable":true,"href":"https:\/\/noticiasbahia360.com.br\/index.php?rest_route=%2Fwp%2Fv2%2Ftags&post=95339"}],"curies":[{"name":"wp","href":"https:\/\/api.w.org\/{rel}","templated":true}]}}