{"id":95349,"date":"2025-07-31T16:20:18","date_gmt":"2025-07-31T19:20:18","guid":{"rendered":"https:\/\/noticiasbahia360.com.br\/?p=95349"},"modified":"2025-07-31T16:20:18","modified_gmt":"2025-07-31T19:20:18","slug":"homem-e-morto-a-tiros-dentro-de-veiculo-no-bairro-jardim-cruzeiro-em-feira-de-santana","status":"publish","type":"post","link":"https:\/\/noticiasbahia360.com.br\/?p=95349","title":{"rendered":"Homem \u00e9 morto a tiros dentro de ve\u00edculo no bairro Jardim Cruzeiro, em Feira de Santana"},"content":{"rendered":"<div>\n<div>\n<figure><img decoding=\"async\" src=\"http:\/\/noticiasbahia360.com.br\/wp-content\/uploads\/2025\/07\/homicidio-redes-sociais.jpg\" alt=\"Homic\u00eddio no Jardim Cruzeiro\"><figcaption>Foto: Redes Sociais<\/figcaption><\/figure>\n<\/div>\n<p>Na manh\u00e3 desta quinta-feira (31), um homem identificado como Wallace Oliveira dos Santos, de 29 anos, foi baleado enquanto dirigia um ve\u00edculo Gol na Rua Gon\u00e7alo Alves, nas proximidades do Servi\u00e7o Social da Ind\u00fastria (Sesi), no bairro Alto do Cruzeiro, em <a href=\"https:\/\/www.acordacidade.com.br\/tag\/feira-de-santana\/\">Feira de Santana<\/a>.<\/p>\n<figure class=\"wp-block-image size-large\"><img fetchpriority=\"high\" decoding=\"async\" width=\"1075\" height=\"768\" src=\"http:\/\/noticiasbahia360.com.br\/wp-content\/uploads\/2025\/07\/wallace-oliveira-dos-santos-vnh-1075x768-1.jpg\" alt=\"Wallace Oliveira dos Santos\" class=\"wp-image-578660\" srcset=\"https:\/\/uploads.acordacidade.com.br\/2025\/07\/wallace-oliveira-dos-santos-vnh-511x365.jpg 511w, http:\/\/noticiasbahia360.com.br\/wp-content\/uploads\/2025\/07\/wallace-oliveira-dos-santos-vnh-1075x768-1.jpg 1075w, https:\/\/uploads.acordacidade.com.br\/2025\/07\/wallace-oliveira-dos-santos-vnh-774x553.jpg 774w, https:\/\/uploads.acordacidade.com.br\/2025\/07\/wallace-oliveira-dos-santos-vnh-150x107.jpg 150w, https:\/\/uploads.acordacidade.com.br\/2025\/07\/wallace-oliveira-dos-santos-vnh.jpg 1200w\" sizes=\"(max-width: 1075px) 100vw, 1075px\"><figcaption class=\"wp-element-caption\">Foto: Reprodu\u00e7\u00e3o<\/figcaption><\/figure>\n<p>De acordo com testemunhas, um carro modelo HB20 emparelhou com o ve\u00edculo da v\u00edtima e diversos disparos foram efetuados, atingindo principalmente a porta do motorista. O atirador fugiu em seguida, tomando dire\u00e7\u00e3o \u00e0 Avenida Canal.<\/p>\n<p>Segundo informa\u00e7\u00f5es apuradas pela reportagem do Acorda Cidade, Wallace, que era natural de Salvador, foi socorrido por uma equipe do Servi\u00e7o de Atendimento M\u00f3vel de Urg\u00eancia (Samu) e levado \u00e0 policl\u00ednica do bairro Rua Nova, mas n\u00e3o resistiu aos ferimentos e morreu por volta das 11h.<\/p>\n<p>O delegado Fabr\u00edcio Linard presidiu o levantamento cadav\u00e9rico e o corpo foi encaminhado para o Departamento de Pol\u00edcia T\u00e9cnica (DPT) para ser necropsiado.<\/p>\n<p><em>Com informa\u00e7\u00f5es do rep\u00f3rter Ed Santos do Acorda Cidade<\/em><\/p>\n<p><em>Siga o Acorda Cidade no<\/em><a href=\"https:\/\/news.google.com\/search?q=acorda%20cidade&amp;hl=pt-BR&amp;gl=BR&amp;ceid=BR%3Apt-419\"><strong><em> Google Not\u00edcias<\/em><\/strong><\/a><em> e receba os principais destaques do dia. Participe tamb\u00e9m dos nossos canais no <\/em><a href=\"https:\/\/whatsapp.com\/channel\/0029Va6Rb4v3WHTNnsh8WI3N\"><strong><em>WhatsApp<\/em><\/strong><\/a><em> e <\/em><a href=\"https:\/\/www.youtube.com\/@acordacidadenoticias\/videos\"><strong>Youtube<\/strong><\/a><em> e grupo de <\/em><a href=\"https:\/\/t.me\/+sSz0khrgARA0ZmRh\"><strong><em>Telegram<\/em><\/strong><\/a><em>.<\/em><\/p>\n<\/div>\n","protected":false},"excerpt":{"rendered":"<div>\n<div>\n<figure><img decoding=\"async\" src=\"https:\/\/uploads.acordacidade.com.br\/2025\/07\/homicidio-redes-sociais.jpg\" alt=\"Homic\u00eddio no Jardim Cruzeiro\"><figcaption>Foto: Redes Sociais<\/figcaption><\/figure>\n<\/div>\n<p>O homem, que era natural de Salvador, chegou a ser socorrido para a Policl\u00ednica do bairro Rua Nova, mas n\u00e3o resistiu aos ferimentos.<\/p><\/div>\n","protected":false},"author":1,"featured_media":95350,"comment_status":"closed","ping_status":"closed","sticky":false,"template":"","format":"gallery","meta":{"footnotes":""},"categories":[8,9,6,57,56,10],"tags":[],"class_list":["post-95349","post","type-post","status-publish","format-gallery","has-post-thumbnail","hentry","category-bahia","category-brasil","category-feira-de-santana","category-mundo","category-policia","category-politica","post_format-post-format-gallery"],"featured_image_urls":{"full":["https:\/\/noticiasbahia360.com.br\/wp-content\/uploads\/2025\/07\/homicidio-redes-sociais.jpg",1200,904,false],"thumbnail":["https:\/\/noticiasbahia360.com.br\/wp-content\/uploads\/2025\/07\/homicidio-redes-sociais-150x150.jpg",150,150,true],"medium":["https:\/\/noticiasbahia360.com.br\/wp-content\/uploads\/2025\/07\/homicidio-redes-sociais-300x226.jpg",300,226,true],"medium_large":["https:\/\/noticiasbahia360.com.br\/wp-content\/uploads\/2025\/07\/homicidio-redes-sociais-768x579.jpg",640,483,true],"large":["https:\/\/noticiasbahia360.com.br\/wp-content\/uploads\/2025\/07\/homicidio-redes-sociais-1024x771.jpg",640,482,true],"1536x1536":["https:\/\/noticiasbahia360.com.br\/wp-content\/uploads\/2025\/07\/homicidio-redes-sociais.jpg",1200,904,false],"2048x2048":["https:\/\/noticiasbahia360.com.br\/wp-content\/uploads\/2025\/07\/homicidio-redes-sociais.jpg",1200,904,false],"chromenews-featured":["https:\/\/noticiasbahia360.com.br\/wp-content\/uploads\/2025\/07\/homicidio-redes-sociais-1024x771.jpg",1024,771,true],"chromenews-large":["https:\/\/noticiasbahia360.com.br\/wp-content\/uploads\/2025\/07\/homicidio-redes-sociais-825x575.jpg",825,575,true],"chromenews-medium":["https:\/\/noticiasbahia360.com.br\/wp-content\/uploads\/2025\/07\/homicidio-redes-sociais-590x410.jpg",590,410,true]},"author_info":{"display_name":"noticiasbahia360.com.br","author_link":"https:\/\/noticiasbahia360.com.br\/?author=1"},"category_info":"<a href=\"https:\/\/noticiasbahia360.com.br\/?cat=8\" rel=\"category\">Bahia<\/a> <a href=\"https:\/\/noticiasbahia360.com.br\/?cat=9\" rel=\"category\">Brasil<\/a> <a href=\"https:\/\/noticiasbahia360.com.br\/?cat=6\" rel=\"category\">Feira de Santana<\/a> <a href=\"https:\/\/noticiasbahia360.com.br\/?cat=57\" rel=\"category\">Mundo<\/a> <a href=\"https:\/\/noticiasbahia360.com.br\/?cat=56\" rel=\"category\">Pol\u00edcia<\/a> <a href=\"https:\/\/noticiasbahia360.com.br\/?cat=10\" rel=\"category\">Pol\u00edtica<\/a>","tag_info":"Pol\u00edtica","comment_count":"0","_links":{"self":[{"href":"https:\/\/noticiasbahia360.com.br\/index.php?rest_route=\/wp\/v2\/posts\/95349","targetHints":{"allow":["GET"]}}],"collection":[{"href":"https:\/\/noticiasbahia360.com.br\/index.php?rest_route=\/wp\/v2\/posts"}],"about":[{"href":"https:\/\/noticiasbahia360.com.br\/index.php?rest_route=\/wp\/v2\/types\/post"}],"author":[{"embeddable":true,"href":"https:\/\/noticiasbahia360.com.br\/index.php?rest_route=\/wp\/v2\/users\/1"}],"replies":[{"embeddable":true,"href":"https:\/\/noticiasbahia360.com.br\/index.php?rest_route=%2Fwp%2Fv2%2Fcomments&post=95349"}],"version-history":[{"count":0,"href":"https:\/\/noticiasbahia360.com.br\/index.php?rest_route=\/wp\/v2\/posts\/95349\/revisions"}],"wp:featuredmedia":[{"embeddable":true,"href":"https:\/\/noticiasbahia360.com.br\/index.php?rest_route=\/wp\/v2\/media\/95350"}],"wp:attachment":[{"href":"https:\/\/noticiasbahia360.com.br\/index.php?rest_route=%2Fwp%2Fv2%2Fmedia&parent=95349"}],"wp:term":[{"taxonomy":"category","embeddable":true,"href":"https:\/\/noticiasbahia360.com.br\/index.php?rest_route=%2Fwp%2Fv2%2Fcategories&post=95349"},{"taxonomy":"post_tag","embeddable":true,"href":"https:\/\/noticiasbahia360.com.br\/index.php?rest_route=%2Fwp%2Fv2%2Ftags&post=95349"}],"curies":[{"name":"wp","href":"https:\/\/api.w.org\/{rel}","templated":true}]}}