{"id":95355,"date":"2025-07-31T16:41:00","date_gmt":"2025-07-31T19:41:00","guid":{"rendered":"https:\/\/noticiasbahia360.com.br\/?p=95355"},"modified":"2025-07-31T16:41:00","modified_gmt":"2025-07-31T19:41:00","slug":"especialista-ensina-como-manter-a-saude-financeira-ate-o-fim-de-2025","status":"publish","type":"post","link":"https:\/\/noticiasbahia360.com.br\/?p=95355","title":{"rendered":"Especialista ensina como manter a sa\u00fade financeira at\u00e9 o fim de 2025"},"content":{"rendered":"<div>\n<div>\n<figure><img decoding=\"async\" src=\"http:\/\/noticiasbahia360.com.br\/wp-content\/uploads\/2025\/07\/Foto-Marcelo-Casal-Jr-Agencia-Brasil.jpg\" alt=\"especialista\"><figcaption>Economia, Moeda Real,Dinheiro, Calculadora<\/figcaption><\/figure>\n<\/div>\n<p>Com o segundo semestre em andamento, muitas fam\u00edlias j\u00e1 come\u00e7am a se preocupar com despesas sazonais e com o desafio de fechar o ano sem d\u00edvidas. Matr\u00edculas escolares, festas de fim de ano, viagens, presentes e outros gastos t\u00edpicos do per\u00edodo podem desestabilizar o or\u00e7amento de quem n\u00e3o se planejou. Para evitar esse cen\u00e1rio, o especialista em Gest\u00e3o Financeira e professor da Est\u00e1cio, Guilherme Fontana, refor\u00e7a a import\u00e2ncia do planejamento e da disciplina financeira.<\/p>\n<p>\u201cPara lidar com as despesas sazonais, como Natal e matr\u00edculas escolares, o ideal \u00e9 planejar com anteced\u00eancia. \u00c9 preciso mapear essas despesas, estimar os valores e inclu\u00ed-las no or\u00e7amento mensal, diluindo o impacto ao longo dos meses que antecedem esses compromissos\u201d, afirma Fontana. Segundo ele, a cria\u00e7\u00e3o de uma reserva espec\u00edfica para essas demandas \u00e9 uma pr\u00e1tica eficiente. Rever despesas fixas e vari\u00e1veis e buscar ajustes tempor\u00e1rios tamb\u00e9m ajudam a manter o equil\u00edbrio sem comprometer a sa\u00fade financeira.<\/p>\n<p><strong>Quita\u00e7\u00e3o de d\u00edvidas sem perder o controle<\/strong><\/p>\n<p>Outro desafio comum nesta \u00e9poca do ano \u00e9 a tentativa de quitar d\u00edvidas antes de janeiro. De acordo com o especialista, \u00e9 poss\u00edvel alcan\u00e7ar esse objetivo sem desorganizar o or\u00e7amento mensal \u2014 desde que se adote uma estrat\u00e9gia clara. \u201cO primeiro passo \u00e9 organizar todas as d\u00edvidas em uma planilha ou aplicativo, listando valores, prazos e taxas de juros. A partir disso, deve-se priorizar as que t\u00eam os juros mais altos, como o cart\u00e3o de cr\u00e9dito e o cheque especial\u201d, orienta.<\/p>\n<p>Fontana destaca ainda a import\u00e2ncia de buscar negocia\u00e7\u00f5es com os credores. \u201cEm muitos casos, \u00e9 poss\u00edvel conseguir descontos em pagamentos \u00e0 vista ou parcelamentos com taxas mais baixas. O segredo \u00e9 fixar um valor realista dentro do or\u00e7amento para esse fim e evitar assumir novas d\u00edvidas enquanto as antigas ainda est\u00e3o em aberto\u201d, alerta. Ele recomenda cortar temporariamente despesas n\u00e3o essenciais e redirecionar essa economia para acelerar a quita\u00e7\u00e3o dos d\u00e9bitos.<\/p>\n<p><strong>Lazer com consci\u00eancia evita arrependimentos em janeiro<\/strong><\/p>\n<p>Mesmo diante dos cuidados com as finan\u00e7as, \u00e9 poss\u00edvel curtir as festas de fim de ano sem comprometer os objetivos financeiros de longo prazo. A recomenda\u00e7\u00e3o de Fontana \u00e9 simples: \u201cO equil\u00edbrio entre lazer e metas financeiras come\u00e7a com autoconhecimento e planejamento. Defina, com anteced\u00eancia, um limite de gastos com festas, viagens e presentes, sempre respeitando seu or\u00e7amento e prioridades como reserva de emerg\u00eancia, investimentos e quita\u00e7\u00e3o de d\u00edvidas.\u201d<\/p>\n<p>Uma dica pr\u00e1tica \u00e9 criar uma categoria espec\u00edfica no or\u00e7amento para lazer. Isso ajuda a manter a consci\u00eancia durante os gastos e evita exageros. \u201cN\u00e3o \u00e9 necess\u00e1rio abrir m\u00e3o do lazer, mas \u00e9 importante consumi-lo com intelig\u00eancia. Busque promo\u00e7\u00f5es, priorize experi\u00eancias significativas em vez de excessos e, sempre que poss\u00edvel, pague \u00e0 vista. Assim, voc\u00ea consegue se organizar para aproveitar o fim do ano com qualidade e entra em 2026 sem d\u00edvidas ou frustra\u00e7\u00f5es\u201d, afirma o especialista.<\/p>\n<p><strong>Hora de investir ou refor\u00e7ar a reserva de emerg\u00eancia?<\/strong><\/p>\n<p>Outro dilema comum nesta \u00e9poca do ano \u00e9 decidir se \u00e9 o momento certo para come\u00e7ar a investir. Para Fontana, a prioridade ainda deve ser o fortalecimento da reserva de emerg\u00eancia. \u201cEssa reserva deve cobrir, idealmente, de tr\u00eas a seis meses do custo de vida, contemplando despesas essenciais como moradia, alimenta\u00e7\u00e3o, sa\u00fade e educa\u00e7\u00e3o\u201d, explica. O foco, segundo ele, deve estar em reduzir gastos n\u00e3o essenciais e redirecionar esses valores para a constru\u00e7\u00e3o desse colch\u00e3o de seguran\u00e7a.<\/p>\n<p>Somente ap\u00f3s essa etapa estar bem estruturada \u00e9 que o investimento deve ser considerado. \u201cInvestir sem ter uma reserva de emerg\u00eancia pode gerar mais inseguran\u00e7a do que retorno. O momento certo para investir come\u00e7a com o equil\u00edbrio financeiro b\u00e1sico \u2014 e esse \u00e9 um bom objetivo at\u00e9 dezembro\u201d, conclui.<\/p>\n<p><em>Siga o Acorda Cidade no<\/em><a href=\"https:\/\/news.google.com\/search?q=acorda%20cidade&amp;hl=pt-BR&amp;gl=BR&amp;ceid=BR%3Apt-419\"><strong><em>\u00a0Google Not\u00edcias<\/em><\/strong><\/a><em>\u00a0e receba os principais destaques do dia. Participe tamb\u00e9m dos nossos canais no\u00a0<\/em><a href=\"https:\/\/whatsapp.com\/channel\/0029Va6Rb4v3WHTNnsh8WI3N\"><strong><em>WhatsApp<\/em><\/strong><\/a><em>\u00a0e\u00a0<\/em><a href=\"https:\/\/www.youtube.com\/@acordacidadenoticias\/videos\"><strong>Youtube<\/strong><\/a><em>\u00a0e grupo de\u00a0<\/em><a href=\"https:\/\/t.me\/+sSz0khrgARA0ZmRh\"><strong><em>Telegram<\/em><\/strong><\/a><em>.<\/em><\/p>\n<\/div>\n","protected":false},"excerpt":{"rendered":"<div>\n<div>\n<figure><img decoding=\"async\" src=\"https:\/\/uploads.acordacidade.com.br\/wp-content\/uploads\/2022\/06\/28074951\/Foto-Marcelo-Casal-Jr-Agencia-Brasil.jpg\" alt=\"especialista\"><figcaption>Economia, Moeda Real,Dinheiro, Calculadora<\/figcaption><\/figure>\n<\/div>\n<p>\u201cPara lidar com as despesas sazonais, como Natal e matr\u00edculas escolares, o ideal \u00e9 planejar com anteced\u00eancia&#8221;, diz o especialista.<\/p><\/div>\n","protected":false},"author":1,"featured_media":95356,"comment_status":"closed","ping_status":"closed","sticky":false,"template":"","format":"gallery","meta":{"footnotes":""},"categories":[8,9,6,57,56,10],"tags":[],"class_list":["post-95355","post","type-post","status-publish","format-gallery","has-post-thumbnail","hentry","category-bahia","category-brasil","category-feira-de-santana","category-mundo","category-policia","category-politica","post_format-post-format-gallery"],"featured_image_urls":{"full":["https:\/\/noticiasbahia360.com.br\/wp-content\/uploads\/2025\/07\/Foto-Marcelo-Casal-Jr-Agencia-Brasil.jpg",640,383,false],"thumbnail":["https:\/\/noticiasbahia360.com.br\/wp-content\/uploads\/2025\/07\/Foto-Marcelo-Casal-Jr-Agencia-Brasil-150x150.jpg",150,150,true],"medium":["https:\/\/noticiasbahia360.com.br\/wp-content\/uploads\/2025\/07\/Foto-Marcelo-Casal-Jr-Agencia-Brasil-300x180.jpg",300,180,true],"medium_large":["https:\/\/noticiasbahia360.com.br\/wp-content\/uploads\/2025\/07\/Foto-Marcelo-Casal-Jr-Agencia-Brasil.jpg",640,383,false],"large":["https:\/\/noticiasbahia360.com.br\/wp-content\/uploads\/2025\/07\/Foto-Marcelo-Casal-Jr-Agencia-Brasil.jpg",640,383,false],"1536x1536":["https:\/\/noticiasbahia360.com.br\/wp-content\/uploads\/2025\/07\/Foto-Marcelo-Casal-Jr-Agencia-Brasil.jpg",640,383,false],"2048x2048":["https:\/\/noticiasbahia360.com.br\/wp-content\/uploads\/2025\/07\/Foto-Marcelo-Casal-Jr-Agencia-Brasil.jpg",640,383,false],"chromenews-featured":["https:\/\/noticiasbahia360.com.br\/wp-content\/uploads\/2025\/07\/Foto-Marcelo-Casal-Jr-Agencia-Brasil.jpg",640,383,false],"chromenews-large":["https:\/\/noticiasbahia360.com.br\/wp-content\/uploads\/2025\/07\/Foto-Marcelo-Casal-Jr-Agencia-Brasil.jpg",640,383,false],"chromenews-medium":["https:\/\/noticiasbahia360.com.br\/wp-content\/uploads\/2025\/07\/Foto-Marcelo-Casal-Jr-Agencia-Brasil-590x383.jpg",590,383,true]},"author_info":{"display_name":"noticiasbahia360.com.br","author_link":"https:\/\/noticiasbahia360.com.br\/?author=1"},"category_info":"<a href=\"https:\/\/noticiasbahia360.com.br\/?cat=8\" rel=\"category\">Bahia<\/a> <a href=\"https:\/\/noticiasbahia360.com.br\/?cat=9\" rel=\"category\">Brasil<\/a> <a href=\"https:\/\/noticiasbahia360.com.br\/?cat=6\" rel=\"category\">Feira de Santana<\/a> <a href=\"https:\/\/noticiasbahia360.com.br\/?cat=57\" rel=\"category\">Mundo<\/a> <a href=\"https:\/\/noticiasbahia360.com.br\/?cat=56\" rel=\"category\">Pol\u00edcia<\/a> <a href=\"https:\/\/noticiasbahia360.com.br\/?cat=10\" rel=\"category\">Pol\u00edtica<\/a>","tag_info":"Pol\u00edtica","comment_count":"0","_links":{"self":[{"href":"https:\/\/noticiasbahia360.com.br\/index.php?rest_route=\/wp\/v2\/posts\/95355","targetHints":{"allow":["GET"]}}],"collection":[{"href":"https:\/\/noticiasbahia360.com.br\/index.php?rest_route=\/wp\/v2\/posts"}],"about":[{"href":"https:\/\/noticiasbahia360.com.br\/index.php?rest_route=\/wp\/v2\/types\/post"}],"author":[{"embeddable":true,"href":"https:\/\/noticiasbahia360.com.br\/index.php?rest_route=\/wp\/v2\/users\/1"}],"replies":[{"embeddable":true,"href":"https:\/\/noticiasbahia360.com.br\/index.php?rest_route=%2Fwp%2Fv2%2Fcomments&post=95355"}],"version-history":[{"count":0,"href":"https:\/\/noticiasbahia360.com.br\/index.php?rest_route=\/wp\/v2\/posts\/95355\/revisions"}],"wp:featuredmedia":[{"embeddable":true,"href":"https:\/\/noticiasbahia360.com.br\/index.php?rest_route=\/wp\/v2\/media\/95356"}],"wp:attachment":[{"href":"https:\/\/noticiasbahia360.com.br\/index.php?rest_route=%2Fwp%2Fv2%2Fmedia&parent=95355"}],"wp:term":[{"taxonomy":"category","embeddable":true,"href":"https:\/\/noticiasbahia360.com.br\/index.php?rest_route=%2Fwp%2Fv2%2Fcategories&post=95355"},{"taxonomy":"post_tag","embeddable":true,"href":"https:\/\/noticiasbahia360.com.br\/index.php?rest_route=%2Fwp%2Fv2%2Ftags&post=95355"}],"curies":[{"name":"wp","href":"https:\/\/api.w.org\/{rel}","templated":true}]}} 