{"id":95368,"date":"2025-07-31T18:10:40","date_gmt":"2025-07-31T21:10:40","guid":{"rendered":"https:\/\/noticiasbahia360.com.br\/?p=95368"},"modified":"2025-07-31T18:10:40","modified_gmt":"2025-07-31T21:10:40","slug":"feira-de-santana-realiza-a-6a-conferencia-municipal-dos-direitos-da-pessoa-idosa","status":"publish","type":"post","link":"https:\/\/noticiasbahia360.com.br\/?p=95368","title":{"rendered":"Feira de Santana Realiza a 6\u00aa Confer\u00eancia Municipal dos Direitos da Pessoa Idosa"},"content":{"rendered":"<div>\n<div>\n<figure><img decoding=\"async\" src=\"http:\/\/noticiasbahia360.com.br\/wp-content\/uploads\/2025\/07\/6a-Conferencia-Municipal-dos-Direitos-da-Pessoa-Idosa.jpg\" alt=\"6\u00aa Confer\u00eancia Municipal dos Direitos da Pessoa Idosa\"><figcaption>Foto: Ney Silva\/Acorda Cidade<\/figcaption><\/figure>\n<\/div>\n<p>Aconteceu nesta quinta-feira (31), no audit\u00f3rio da Secretaria Municipal de Educa\u00e7\u00e3o, a 6\u00aa Confer\u00eancia Municipal dos Direitos da Pessoa Idosa. O evento, realizado a cada quatro anos, reuniu representantes do governo, da sociedade civil e, principalmente, pessoas idosas para discutir e propor melhorias nas pol\u00edticas p\u00fablicas voltadas para este segmento da popula\u00e7\u00e3o.<\/p>\n<p>O evento foi aberto pelo prefeito Jos\u00e9 Ronaldo de Carvalho e teve como tema \u201cEnvelhecimento Multicultural e Democracia: Urg\u00eancia por Equidade, Direitos e Participa\u00e7\u00e3o\u201d.<\/p>\n<figure class=\"wp-block-image size-large\"><img fetchpriority=\"high\" fetchpriority=\"high\" decoding=\"async\" width=\"1024\" height=\"768\" src=\"http:\/\/noticiasbahia360.com.br\/wp-content\/uploads\/2025\/07\/Liliane-Carvalho-foto-ney-silva-acorda-cidade-1024x768-1.jpg\" alt=\"Liliane Carvalho\" class=\"wp-image-578726\" srcset=\"https:\/\/uploads.acordacidade.com.br\/2025\/07\/Liliane-Carvalho-foto-ney-silva-acorda-cidade-487x365.jpg 487w, http:\/\/noticiasbahia360.com.br\/wp-content\/uploads\/2025\/07\/Liliane-Carvalho-foto-ney-silva-acorda-cidade-1024x768-1.jpg 1024w, https:\/\/uploads.acordacidade.com.br\/2025\/07\/Liliane-Carvalho-foto-ney-silva-acorda-cidade-737x553.jpg 737w, https:\/\/uploads.acordacidade.com.br\/2025\/07\/Liliane-Carvalho-foto-ney-silva-acorda-cidade-150x113.jpg 150w, https:\/\/uploads.acordacidade.com.br\/2025\/07\/Liliane-Carvalho-foto-ney-silva-acorda-cidade.jpg 1200w\" sizes=\"(max-width: 1024px) 100vw, 1024px\"><figcaption class=\"wp-element-caption\">Liliane Carvalho | Foto: Ney Silva\/Acorda Cidade<\/figcaption><\/figure>\n<p>Liliane Carvalho, presidente do Conselho Municipal da Pessoa Idosa, destacou em entrevista ao Acorda Cidade que a confer\u00eancia \u00e9 um espa\u00e7o para debater temas como educa\u00e7\u00e3o, acesso \u00e0 cultura, esporte, lazer, sa\u00fade, assist\u00eancia social e mobilidade urbana.<\/p>\n<p>\u201cNada melhor do que a pr\u00f3pria pessoa idosa para estar, nesse momento, discutindo e sugerindo propostas. Aqui tem tamb\u00e9m pessoas que n\u00e3o s\u00e3o idosas, mas s\u00e3o lutadoras dessa causa em defesa dos direitos da pessoa idosa, institui\u00e7\u00f5es da sociedade civil e representantes do governo. A gente tem tamb\u00e9m a representante do Conselho Estadual, para que a gente saia no final do dia com essas propostas elaboradas\u201d, afirmou.<\/p>\n<figure class=\"wp-block-image size-large\"><img decoding=\"async\" width=\"1024\" height=\"768\" src=\"http:\/\/noticiasbahia360.com.br\/wp-content\/uploads\/2025\/07\/6a-Conferencia-Municipal-dos-Direitos-da-Pessoa-Idosa-foto-ney-silva-acorda-cidade-10-1024x768-1.jpg\" alt=\"6\u00aa Confer\u00eancia Municipal dos Direitos da Pessoa Idosa\" class=\"wp-image-578721\" srcset=\"https:\/\/uploads.acordacidade.com.br\/2025\/07\/6a-Conferencia-Municipal-dos-Direitos-da-Pessoa-Idosa-foto-ney-silva-acorda-cidade-10-487x365.jpg 487w, http:\/\/noticiasbahia360.com.br\/wp-content\/uploads\/2025\/07\/6a-Conferencia-Municipal-dos-Direitos-da-Pessoa-Idosa-foto-ney-silva-acorda-cidade-10-1024x768-1.jpg 1024w, https:\/\/uploads.acordacidade.com.br\/2025\/07\/6a-Conferencia-Municipal-dos-Direitos-da-Pessoa-Idosa-foto-ney-silva-acorda-cidade-10-737x553.jpg 737w, https:\/\/uploads.acordacidade.com.br\/2025\/07\/6a-Conferencia-Municipal-dos-Direitos-da-Pessoa-Idosa-foto-ney-silva-acorda-cidade-10-150x113.jpg 150w, https:\/\/uploads.acordacidade.com.br\/2025\/07\/6a-Conferencia-Municipal-dos-Direitos-da-Pessoa-Idosa-foto-ney-silva-acorda-cidade-10.jpg 1200w\" sizes=\"(max-width: 1024px) 100vw, 1024px\"><figcaption class=\"wp-element-caption\">Foto: Ney Silva\/Acorda Cidade<\/figcaption><\/figure>\n<p>Os cinco eixos tem\u00e1ticos abordados foram: financiamento, enfrentamento \u00e0 viol\u00eancia, protagonismo da pessoa idosa, fam\u00edlia e estatuto do idoso. As propostas elaboradas durante a confer\u00eancia ser\u00e3o encaminhadas para as etapas estadual e nacional.<\/p>\n<p>A <a href=\"https:\/\/www.acordacidade.com.br\/tag\/sedeso\/\">secret\u00e1ria Municipal de Desenvolvimento Social<\/a>, Gerusa Sampaio, ressaltou a import\u00e2ncia do evento como um espa\u00e7o democr\u00e1tico para que as pessoas idosas reivindiquem seus direitos. \u201cEstar na terceira idade n\u00e3o quer dizer que \u00e9 uma pessoa velha. Velha \u00e9 aquele que deixa de sonhar, mesmo novo, deixa de acreditar, deixa de lutar\u201d, declarou.<\/p>\n<figure class=\"wp-block-image size-large\"><img decoding=\"async\" width=\"1024\" height=\"768\" src=\"http:\/\/noticiasbahia360.com.br\/wp-content\/uploads\/2025\/07\/Gerusa-Sampaio-foto-ney-silva-acorda-cidade-1024x768-1.jpg\" alt=\"Gerusa Sampaio\" class=\"wp-image-578725\" srcset=\"https:\/\/uploads.acordacidade.com.br\/2025\/07\/Gerusa-Sampaio-foto-ney-silva-acorda-cidade-487x365.jpg 487w, http:\/\/noticiasbahia360.com.br\/wp-content\/uploads\/2025\/07\/Gerusa-Sampaio-foto-ney-silva-acorda-cidade-1024x768-1.jpg 1024w, https:\/\/uploads.acordacidade.com.br\/2025\/07\/Gerusa-Sampaio-foto-ney-silva-acorda-cidade-737x553.jpg 737w, https:\/\/uploads.acordacidade.com.br\/2025\/07\/Gerusa-Sampaio-foto-ney-silva-acorda-cidade-150x113.jpg 150w, https:\/\/uploads.acordacidade.com.br\/2025\/07\/Gerusa-Sampaio-foto-ney-silva-acorda-cidade.jpg 1200w\" sizes=\"(max-width: 1024px) 100vw, 1024px\"><figcaption class=\"wp-element-caption\">Gerusa Sampaio | Foto: Ney Silva\/Acorda Cidade<\/figcaption><\/figure>\n<p>A secret\u00e1ria tamb\u00e9m falou sobre os servi\u00e7os oferecidos pela sua pasta, como os Centros de Refer\u00eancia de Assist\u00eancia Social (Cras) e o Centro de Conviv\u00eancia Zazinha Cerqueira, que oferece atividades como hidrogin\u00e1stica, dan\u00e7a de sal\u00e3o e customiza\u00e7\u00e3o. Al\u00e9m disso, Feira de Santana conta com o Conselho da Pessoa Idosa e o N\u00facleo de Direitos Humanos, que atuam na defesa dos direitos dos idosos.<\/p>\n<p>Na oportunidade, Gerusa Sampaio fez um apelo aos familiares. \u201cA pessoa idosa n\u00e3o pode ser um tanto faz na vida de quem tanto ela fez. Filhos, netos, parentes, abracem a pessoa idosa, amem, respeitem.\u201d<\/p>\n<figure class=\"wp-block-image size-large\"><img decoding=\"async\" width=\"1029\" height=\"768\" src=\"http:\/\/noticiasbahia360.com.br\/wp-content\/uploads\/2025\/07\/Prefeito-Jose-Ronaldo-foto-ney-silva-acorda-cidade-1029x768-1.jpg\" alt=\"Prefeito Jos\u00e9 Ronaldo\" class=\"wp-image-578724\" srcset=\"https:\/\/uploads.acordacidade.com.br\/2025\/07\/Prefeito-Jose-Ronaldo-foto-ney-silva-acorda-cidade-489x365.jpg 489w, http:\/\/noticiasbahia360.com.br\/wp-content\/uploads\/2025\/07\/Prefeito-Jose-Ronaldo-foto-ney-silva-acorda-cidade-1029x768-1.jpg 1029w, https:\/\/uploads.acordacidade.com.br\/2025\/07\/Prefeito-Jose-Ronaldo-foto-ney-silva-acorda-cidade-741x553.jpg 741w, https:\/\/uploads.acordacidade.com.br\/2025\/07\/Prefeito-Jose-Ronaldo-foto-ney-silva-acorda-cidade-150x112.jpg 150w, https:\/\/uploads.acordacidade.com.br\/2025\/07\/Prefeito-Jose-Ronaldo-foto-ney-silva-acorda-cidade.jpg 1200w\" sizes=\"(max-width: 1029px) 100vw, 1029px\"><figcaption class=\"wp-element-caption\">Prefeito Jos\u00e9 Ronaldo | Foto: Ney Silva\/Acorda Cidade<\/figcaption><\/figure>\n<p>O prefeito Jos\u00e9 Ronaldo declarou que ficou contente com o evento e que espera que v\u00e1rias ideias que foram apresentadas sejam colocadas em pr\u00e1tica.<\/p>\n<p>\u201cFoi um momento rico, um momento bonito, um momento cheio de amadurecimento, um momento cheio de pessoas sorrindo, convivendo, falando e debatendo. A gente v\u00ea pessoas idosas t\u00e3o vivas, \u00e9 t\u00e3o bacana que a gente chega aqui e sai fortalecido. Eu que sou idoso tamb\u00e9m e eu saio daqui muito feliz de ver tanta gente aqui participando. N\u00e3o tenho a menor d\u00favida que nessa confer\u00eancia aqui todos sair\u00e3o mais sorridentes, mais felizes e com mais ideias para que a gente possa colocar em pr\u00e1tica\u201d, ressaltou.<\/p>\n<figure class=\"wp-block-image size-large\"><img loading=\"lazy\" decoding=\"async\" width=\"1024\" height=\"768\" src=\"http:\/\/noticiasbahia360.com.br\/wp-content\/uploads\/2025\/07\/6a-Conferencia-Municipal-dos-Direitos-da-Pessoa-Idosa-foto-ney-silva-acorda-cidade-1024x768-1.jpg\" alt=\"6\u00aa Confer\u00eancia Municipal dos Direitos da Pessoa Idosa\" class=\"wp-image-578722\" srcset=\"https:\/\/uploads.acordacidade.com.br\/2025\/07\/6a-Conferencia-Municipal-dos-Direitos-da-Pessoa-Idosa-foto-ney-silva-acorda-cidade-487x365.jpg 487w, http:\/\/noticiasbahia360.com.br\/wp-content\/uploads\/2025\/07\/6a-Conferencia-Municipal-dos-Direitos-da-Pessoa-Idosa-foto-ney-silva-acorda-cidade-1024x768-1.jpg 1024w, https:\/\/uploads.acordacidade.com.br\/2025\/07\/6a-Conferencia-Municipal-dos-Direitos-da-Pessoa-Idosa-foto-ney-silva-acorda-cidade-737x553.jpg 737w, https:\/\/uploads.acordacidade.com.br\/2025\/07\/6a-Conferencia-Municipal-dos-Direitos-da-Pessoa-Idosa-foto-ney-silva-acorda-cidade-150x113.jpg 150w, https:\/\/uploads.acordacidade.com.br\/2025\/07\/6a-Conferencia-Municipal-dos-Direitos-da-Pessoa-Idosa-foto-ney-silva-acorda-cidade.jpg 1200w\" sizes=\"(max-width: 1024px) 100vw, 1024px\"><figcaption class=\"wp-element-caption\">Foto: Ney Silva\/Acorda Cidade<\/figcaption><\/figure>\n<figure class=\"wp-block-image size-large\"><img loading=\"lazy\" decoding=\"async\" width=\"1024\" height=\"768\" src=\"http:\/\/noticiasbahia360.com.br\/wp-content\/uploads\/2025\/07\/6a-Conferencia-Municipal-dos-Direitos-da-Pessoa-Idosa-foto-ney-silva-acorda-cidade-11-1024x768-1.jpg\" alt=\"6\u00aa Confer\u00eancia Municipal dos Direitos da Pessoa Idosa\" class=\"wp-image-578720\" srcset=\"https:\/\/uploads.acordacidade.com.br\/2025\/07\/6a-Conferencia-Municipal-dos-Direitos-da-Pessoa-Idosa-foto-ney-silva-acorda-cidade-11-487x365.jpg 487w, http:\/\/noticiasbahia360.com.br\/wp-content\/uploads\/2025\/07\/6a-Conferencia-Municipal-dos-Direitos-da-Pessoa-Idosa-foto-ney-silva-acorda-cidade-11-1024x768-1.jpg 1024w, https:\/\/uploads.acordacidade.com.br\/2025\/07\/6a-Conferencia-Municipal-dos-Direitos-da-Pessoa-Idosa-foto-ney-silva-acorda-cidade-11-737x553.jpg 737w, https:\/\/uploads.acordacidade.com.br\/2025\/07\/6a-Conferencia-Municipal-dos-Direitos-da-Pessoa-Idosa-foto-ney-silva-acorda-cidade-11-150x113.jpg 150w, https:\/\/uploads.acordacidade.com.br\/2025\/07\/6a-Conferencia-Municipal-dos-Direitos-da-Pessoa-Idosa-foto-ney-silva-acorda-cidade-11.jpg 1200w\" sizes=\"(max-width: 1024px) 100vw, 1024px\"><figcaption class=\"wp-element-caption\">Foto: Ney Silva\/Acorda Cidade<\/figcaption><\/figure>\n<p><em>Com informa\u00e7\u00f5es do rep\u00f3rter Ney Silva do Acorda Cidade<\/em><\/p>\n<\/div>\n","protected":false},"excerpt":{"rendered":"<div>\n<div>\n<figure><img decoding=\"async\" src=\"https:\/\/uploads.acordacidade.com.br\/2025\/07\/6a-Conferencia-Municipal-dos-Direitos-da-Pessoa-Idosa.jpg\" alt=\"6\u00aa Confer\u00eancia Municipal dos Direitos da Pessoa Idosa\"><figcaption>Foto: Ney Silva\/Acorda Cidade<\/figcaption><\/figure>\n<\/div>\n<p>Confer\u00eancia Municipal dos Direitos da Pessoa Idosa debateu pol\u00edticas p\u00fablicas, envelhecimento saud\u00e1vel e combate \u00e0 viol\u00eancia contra o idoso.<\/p><\/div>\n","protected":false},"author":1,"featured_media":95369,"comment_status":"closed","ping_status":"closed","sticky":false,"template":"","format":"gallery","meta":{"footnotes":""},"categories":[8,9,6,57,56,10],"tags":[],"class_list":["post-95368","post","type-post","status-publish","format-gallery","has-post-thumbnail","hentry","category-bahia","category-brasil","category-feira-de-santana","category-mundo","category-policia","category-politica","post_format-post-format-gallery"],"featured_image_urls":{"full":["https:\/\/noticiasbahia360.com.br\/wp-content\/uploads\/2025\/07\/6a-Conferencia-Municipal-dos-Direitos-da-Pessoa-Idosa.jpg",1200,900,false],"thumbnail":["https:\/\/noticiasbahia360.com.br\/wp-content\/uploads\/2025\/07\/6a-Conferencia-Municipal-dos-Direitos-da-Pessoa-Idosa-150x150.jpg",150,150,true],"medium":["https:\/\/noticiasbahia360.com.br\/wp-content\/uploads\/2025\/07\/6a-Conferencia-Municipal-dos-Direitos-da-Pessoa-Idosa-300x225.jpg",300,225,true],"medium_large":["https:\/\/noticiasbahia360.com.br\/wp-content\/uploads\/2025\/07\/6a-Conferencia-Municipal-dos-Direitos-da-Pessoa-Idosa-768x576.jpg",640,480,true],"large":["https:\/\/noticiasbahia360.com.br\/wp-content\/uploads\/2025\/07\/6a-Conferencia-Municipal-dos-Direitos-da-Pessoa-Idosa-1024x768.jpg",640,480,true],"1536x1536":["https:\/\/noticiasbahia360.com.br\/wp-content\/uploads\/2025\/07\/6a-Conferencia-Municipal-dos-Direitos-da-Pessoa-Idosa.jpg",1200,900,false],"2048x2048":["https:\/\/noticiasbahia360.com.br\/wp-content\/uploads\/2025\/07\/6a-Conferencia-Municipal-dos-Direitos-da-Pessoa-Idosa.jpg",1200,900,false],"chromenews-featured":["https:\/\/noticiasbahia360.com.br\/wp-content\/uploads\/2025\/07\/6a-Conferencia-Municipal-dos-Direitos-da-Pessoa-Idosa-1024x768.jpg",1024,768,true],"chromenews-large":["https:\/\/noticiasbahia360.com.br\/wp-content\/uploads\/2025\/07\/6a-Conferencia-Municipal-dos-Direitos-da-Pessoa-Idosa-825x575.jpg",825,575,true],"chromenews-medium":["https:\/\/noticiasbahia360.com.br\/wp-content\/uploads\/2025\/07\/6a-Conferencia-Municipal-dos-Direitos-da-Pessoa-Idosa-590x410.jpg",590,410,true]},"author_info":{"display_name":"noticiasbahia360.com.br","author_link":"https:\/\/noticiasbahia360.com.br\/?author=1"},"category_info":"<a href=\"https:\/\/noticiasbahia360.com.br\/?cat=8\" rel=\"category\">Bahia<\/a> <a href=\"https:\/\/noticiasbahia360.com.br\/?cat=9\" rel=\"category\">Brasil<\/a> <a href=\"https:\/\/noticiasbahia360.com.br\/?cat=6\" rel=\"category\">Feira de Santana<\/a> <a href=\"https:\/\/noticiasbahia360.com.br\/?cat=57\" rel=\"category\">Mundo<\/a> <a href=\"https:\/\/noticiasbahia360.com.br\/?cat=56\" rel=\"category\">Pol\u00edcia<\/a> <a href=\"https:\/\/noticiasbahia360.com.br\/?cat=10\" rel=\"category\">Pol\u00edtica<\/a>","tag_info":"Pol\u00edtica","comment_count":"0","_links":{"self":[{"href":"https:\/\/noticiasbahia360.com.br\/index.php?rest_route=\/wp\/v2\/posts\/95368","targetHints":{"allow":["GET"]}}],"collection":[{"href":"https:\/\/noticiasbahia360.com.br\/index.php?rest_route=\/wp\/v2\/posts"}],"about":[{"href":"https:\/\/noticiasbahia360.com.br\/index.php?rest_route=\/wp\/v2\/types\/post"}],"author":[{"embeddable":true,"href":"https:\/\/noticiasbahia360.com.br\/index.php?rest_route=\/wp\/v2\/users\/1"}],"replies":[{"embeddable":true,"href":"https:\/\/noticiasbahia360.com.br\/index.php?rest_route=%2Fwp%2Fv2%2Fcomments&post=95368"}],"version-history":[{"count":0,"href":"https:\/\/noticiasbahia360.com.br\/index.php?rest_route=\/wp\/v2\/posts\/95368\/revisions"}],"wp:featuredmedia":[{"embeddable":true,"href":"https:\/\/noticiasbahia360.com.br\/index.php?rest_route=\/wp\/v2\/media\/95369"}],"wp:attachment":[{"href":"https:\/\/noticiasbahia360.com.br\/index.php?rest_route=%2Fwp%2Fv2%2Fmedia&parent=95368"}],"wp:term":[{"taxonomy":"category","embeddable":true,"href":"https:\/\/noticiasbahia360.com.br\/index.php?rest_route=%2Fwp%2Fv2%2Fcategories&post=95368"},{"taxonomy":"post_tag","embeddable":true,"href":"https:\/\/noticiasbahia360.com.br\/index.php?rest_route=%2Fwp%2Fv2%2Ftags&post=95368"}],"curies":[{"name":"wp","href":"https:\/\/api.w.org\/{rel}","templated":true}]}}