{"id":95379,"date":"2025-07-31T19:06:25","date_gmt":"2025-07-31T22:06:25","guid":{"rendered":"https:\/\/noticiasbahia360.com.br\/?p=95379"},"modified":"2025-07-31T19:06:25","modified_gmt":"2025-07-31T22:06:25","slug":"parto-de-quadrigemeos-emociona-equipe-da-rede-estadual-em-salvador","status":"publish","type":"post","link":"https:\/\/noticiasbahia360.com.br\/?p=95379","title":{"rendered":"Parto de quadrig\u00eameos emociona equipe da rede estadual em Salvador"},"content":{"rendered":"<div>\n<div>\n<figure><img decoding=\"async\" src=\"http:\/\/noticiasbahia360.com.br\/wp-content\/uploads\/2025\/07\/Foto-ASCOM-IGH-2-parto-de-quadrigemeos-em-Salvador-Bahia.jpg\" alt=\"Parto de quadrig\u00eameos em Salvador\"><figcaption>Parto de quadrig\u00eameos em Salvador<\/figcaption><\/figure>\n<\/div>\n<p>Um parto de quadrig\u00eameos realizado na Maternidade Jos\u00e9 Maria de Magalh\u00e3es Netto (MJMM), em Salvador, comoveu a equipe da unidade da Secretaria da Sa\u00fade do Estado da Bahia (Sesab). A cesariana, feita no \u00faltimo dia 16, trouxe ao mundo tr\u00eas meninos e uma menina, filhos de Maria Stephanie de Jesus de Santana, 23 anos, moradora de Cip\u00f3, no interior baiano.<\/p>\n<p>A gesta\u00e7\u00e3o, considerada de alto risco, teve acompanhamento inicial na aten\u00e7\u00e3o b\u00e1sica do munic\u00edpio e, posteriormente, na Maternidade Clim\u00e9rio de Oliveira, em Salvador. Diante da complexidade do caso, a paciente foi transferida para a MJMM, refer\u00eancia estadual em partos de alta complexidade.<\/p>\n<p>A cirurgia envolveu uma equipe com obstetras, anestesistas, pediatras, enfermeiros e t\u00e9cnicos de enfermagem. Por serem prematuros, os quatro beb\u00eas permanecem internados na UTI neonatal da unidade. \u201c\u00c9 um evento raro, que exige estrutura, planejamento e atua\u00e7\u00e3o conjunta. Estamos satisfeitos com o desfecho cl\u00ednico at\u00e9 aqui\u201d, afirmou Pedro Paulo Bastos Filho, diretor t\u00e9cnico da maternidade.<\/p>\n<p>Desempregada e em situa\u00e7\u00e3o de vulnerabilidade social, Maria Stephanie vive com o companheiro, com quem j\u00e1 tem uma filha de seis anos. \u201cFiquei em choque quando soube que eram quatro. Agora, s\u00f3 penso em como vou cuidar deles. Qualquer ajuda \u00e9 bem-vinda\u201d, disse.<\/p>\n<p>A maternidade organiza uma campanha de arrecada\u00e7\u00e3o para auxiliar a fam\u00edlia. S\u00e3o solicitados itens como fraldas, roupas de beb\u00ea, produtos de higiene, ber\u00e7os, carrinhos e leite infantil. Doa\u00e7\u00f5es podem ser entregues diretamente na unidade, no bairro do Pau Mi\u00fado.<\/p>\n<p>A MJMM integra a rede estadual de sa\u00fade da Bahia e, apenas em 2024, j\u00e1 realizou mais de 4.800 partos. A unidade \u00e9 uma das principais refer\u00eancias do estado na assist\u00eancia materno-infantil de alta complexidade.<\/p>\n<\/div>\n","protected":false},"excerpt":{"rendered":"<div>\n<div>\n<figure><img decoding=\"async\" src=\"https:\/\/uploads.acordacidade.com.br\/2025\/07\/Foto-ASCOM-IGH-2-parto-de-quadrigemeos-em-Salvador-Bahia.jpg\" alt=\"Parto de quadrig\u00eameos em Salvador\"><figcaption>Parto de quadrig\u00eameos em Salvador<\/figcaption><\/figure>\n<\/div>\n<p>Um parto de quadrig\u00eameos realizado na Maternidade Jos\u00e9 Maria de Magalh\u00e3es Netto (MJMM), em Salvador, comoveu a equipe da unidade da Secretaria da Sa\u00fade do Estado da Bahia (Sesab). A cesariana, feita no \u00faltimo dia 16, trouxe ao mundo tr\u00eas meninos e uma menina, filhos de Maria Stephanie de Jesus de Santana, 23 anos, moradora [\u2026]<\/p><\/div>\n","protected":false},"author":1,"featured_media":95380,"comment_status":"closed","ping_status":"closed","sticky":false,"template":"","format":"gallery","meta":{"footnotes":""},"categories":[8,9,6,57,56,10],"tags":[],"class_list":["post-95379","post","type-post","status-publish","format-gallery","has-post-thumbnail","hentry","category-bahia","category-brasil","category-feira-de-santana","category-mundo","category-policia","category-politica","post_format-post-format-gallery"],"featured_image_urls":{"full":["https:\/\/noticiasbahia360.com.br\/wp-content\/uploads\/2025\/07\/Foto-ASCOM-IGH-2-parto-de-quadrigemeos-em-Salvador-Bahia.jpg",1200,900,false],"thumbnail":["https:\/\/noticiasbahia360.com.br\/wp-content\/uploads\/2025\/07\/Foto-ASCOM-IGH-2-parto-de-quadrigemeos-em-Salvador-Bahia-150x150.jpg",150,150,true],"medium":["https:\/\/noticiasbahia360.com.br\/wp-content\/uploads\/2025\/07\/Foto-ASCOM-IGH-2-parto-de-quadrigemeos-em-Salvador-Bahia-300x225.jpg",300,225,true],"medium_large":["https:\/\/noticiasbahia360.com.br\/wp-content\/uploads\/2025\/07\/Foto-ASCOM-IGH-2-parto-de-quadrigemeos-em-Salvador-Bahia-768x576.jpg",640,480,true],"large":["https:\/\/noticiasbahia360.com.br\/wp-content\/uploads\/2025\/07\/Foto-ASCOM-IGH-2-parto-de-quadrigemeos-em-Salvador-Bahia-1024x768.jpg",640,480,true],"1536x1536":["https:\/\/noticiasbahia360.com.br\/wp-content\/uploads\/2025\/07\/Foto-ASCOM-IGH-2-parto-de-quadrigemeos-em-Salvador-Bahia.jpg",1200,900,false],"2048x2048":["https:\/\/noticiasbahia360.com.br\/wp-content\/uploads\/2025\/07\/Foto-ASCOM-IGH-2-parto-de-quadrigemeos-em-Salvador-Bahia.jpg",1200,900,false],"chromenews-featured":["https:\/\/noticiasbahia360.com.br\/wp-content\/uploads\/2025\/07\/Foto-ASCOM-IGH-2-parto-de-quadrigemeos-em-Salvador-Bahia-1024x768.jpg",1024,768,true],"chromenews-large":["https:\/\/noticiasbahia360.com.br\/wp-content\/uploads\/2025\/07\/Foto-ASCOM-IGH-2-parto-de-quadrigemeos-em-Salvador-Bahia-825x575.jpg",825,575,true],"chromenews-medium":["https:\/\/noticiasbahia360.com.br\/wp-content\/uploads\/2025\/07\/Foto-ASCOM-IGH-2-parto-de-quadrigemeos-em-Salvador-Bahia-590x410.jpg",590,410,true]},"author_info":{"display_name":"noticiasbahia360.com.br","author_link":"https:\/\/noticiasbahia360.com.br\/?author=1"},"category_info":"<a href=\"https:\/\/noticiasbahia360.com.br\/?cat=8\" rel=\"category\">Bahia<\/a> <a href=\"https:\/\/noticiasbahia360.com.br\/?cat=9\" rel=\"category\">Brasil<\/a> <a href=\"https:\/\/noticiasbahia360.com.br\/?cat=6\" rel=\"category\">Feira de Santana<\/a> <a href=\"https:\/\/noticiasbahia360.com.br\/?cat=57\" rel=\"category\">Mundo<\/a> <a href=\"https:\/\/noticiasbahia360.com.br\/?cat=56\" rel=\"category\">Pol\u00edcia<\/a> <a href=\"https:\/\/noticiasbahia360.com.br\/?cat=10\" rel=\"category\">Pol\u00edtica<\/a>","tag_info":"Pol\u00edtica","comment_count":"0","_links":{"self":[{"href":"https:\/\/noticiasbahia360.com.br\/index.php?rest_route=\/wp\/v2\/posts\/95379","targetHints":{"allow":["GET"]}}],"collection":[{"href":"https:\/\/noticiasbahia360.com.br\/index.php?rest_route=\/wp\/v2\/posts"}],"about":[{"href":"https:\/\/noticiasbahia360.com.br\/index.php?rest_route=\/wp\/v2\/types\/post"}],"author":[{"embeddable":true,"href":"https:\/\/noticiasbahia360.com.br\/index.php?rest_route=\/wp\/v2\/users\/1"}],"replies":[{"embeddable":true,"href":"https:\/\/noticiasbahia360.com.br\/index.php?rest_route=%2Fwp%2Fv2%2Fcomments&post=95379"}],"version-history":[{"count":0,"href":"https:\/\/noticiasbahia360.com.br\/index.php?rest_route=\/wp\/v2\/posts\/95379\/revisions"}],"wp:featuredmedia":[{"embeddable":true,"href":"https:\/\/noticiasbahia360.com.br\/index.php?rest_route=\/wp\/v2\/media\/95380"}],"wp:attachment":[{"href":"https:\/\/noticiasbahia360.com.br\/index.php?rest_route=%2Fwp%2Fv2%2Fmedia&parent=95379"}],"wp:term":[{"taxonomy":"category","embeddable":true,"href":"https:\/\/noticiasbahia360.com.br\/index.php?rest_route=%2Fwp%2Fv2%2Fcategories&post=95379"},{"taxonomy":"post_tag","embeddable":true,"href":"https:\/\/noticiasbahia360.com.br\/index.php?rest_route=%2Fwp%2Fv2%2Ftags&post=95379"}],"curies":[{"name":"wp","href":"https:\/\/api.w.org\/{rel}","templated":true}]}}