{"id":95421,"date":"2025-08-01T06:30:40","date_gmt":"2025-08-01T09:30:40","guid":{"rendered":"https:\/\/noticiasbahia360.com.br\/?p=95421"},"modified":"2025-08-01T06:30:40","modified_gmt":"2025-08-01T09:30:40","slug":"motorista-de-feira-de-santana-cria-projeto-que-incentiva-leitura-no-transporte-a-escola-comeca-no-onibus","status":"publish","type":"post","link":"https:\/\/noticiasbahia360.com.br\/?p=95421","title":{"rendered":"Motorista de Feira de Santana cria projeto que incentiva leitura no transporte: \u201cA escola come\u00e7a no \u00f4nibus\u201d"},"content":{"rendered":"<div>\n<div>\n<figure><img decoding=\"async\" src=\"http:\/\/noticiasbahia360.com.br\/wp-content\/uploads\/2025\/08\/Leitura-no-onibus-escolar-ft-paulo-jose-acorda-cidade.webp\" alt=\"Leitura no \u00f4nibus escolar\"><figcaption>Foto: Paulo Jos\u00e9\/Acorda Cidade <\/figcaption><\/figure>\n<\/div>\n<p>O motorista do transporte escolar de Feira de Santana, Davi Almeida, de 27 anos, criou uma iniciativa que tem feito a diferen\u00e7a na vida de muitas crian\u00e7as da regi\u00e3o. Com o objetivo de incentivar o h\u00e1bito da leitura entre os alunos, ele transformou o \u00f4nibus escolar em uma pequena <a href=\"https:\/\/www.acordacidade.com.br\/tag\/biblioteca\/\">biblioteca<\/a> itinerante. Tudo come\u00e7ou com uma caixa de sapato cheia de livros, que se tornou um verdadeiro projeto educativo, refor\u00e7ando a leitura dos pequenos.<\/p>\n<p>Em entrevista ao Acorda Cidade, o motorista, que transporta os estudantes da Escola Municipal Nossa Senhora das Candeias, na Estrada do Calundu, distrito de Humildes, contou que a ideia surgiu ao observar o processo de leitura dentro da escola. Desde ent\u00e3o, a ideia foi ganhando for\u00e7a, com a contribui\u00e7\u00e3o de toda a comunidade escolar. Algumas m\u00e3es e professores ajudaram a montar o projeto, trazendo ainda mais livros e materiais.<\/p>\n<p>No in\u00edcio, Davi enfrentou a resist\u00eancia das crian\u00e7as que n\u00e3o tinham o h\u00e1bito de ler. \u201cO maior desafio foi esse, foi criar um atrativo para as crian\u00e7as, para que elas pudessem chegar at\u00e9 voc\u00ea e procurassem a leitura todos os dias\u201d, contou ao Acorda Cidade. <\/p>\n<p>Mas, aos poucos, ele come\u00e7ou a observar mudan\u00e7as significativas no comportamento dos alunos, que hoje j\u00e1 se tornaram grandes leitores. Eles at\u00e9 cobram os livros.<\/p>\n<figure class=\"wp-block-image size-full\"><img fetchpriority=\"high\" fetchpriority=\"high\" decoding=\"async\" width=\"1200\" height=\"768\" src=\"http:\/\/noticiasbahia360.com.br\/wp-content\/uploads\/2025\/08\/Leitura-no-onibus-escolar-ft-paulo-jose-acorda-cidade-.webp\" alt=\"Leitura no \u00f4nibus escolar\" class=\"wp-image-578382\" srcset=\"https:\/\/uploads.acordacidade.com.br\/2025\/07\/Leitura-no-onibus-escolar-ft-paulo-jose-acorda-cidade--570x365.webp 570w, https:\/\/uploads.acordacidade.com.br\/2025\/07\/Leitura-no-onibus-escolar-ft-paulo-jose-acorda-cidade--864x553.webp 864w, https:\/\/uploads.acordacidade.com.br\/2025\/07\/Leitura-no-onibus-escolar-ft-paulo-jose-acorda-cidade--150x96.webp 150w, http:\/\/noticiasbahia360.com.br\/wp-content\/uploads\/2025\/08\/Leitura-no-onibus-escolar-ft-paulo-jose-acorda-cidade-.webp 1200w\" sizes=\"(max-width: 1200px) 100vw, 1200px\"><figcaption class=\"wp-element-caption\">Foto: Paulo Jos\u00e9\/Acorda Cidade <\/figcaption><\/figure>\n<p>\u201cA gente come\u00e7a o roteiro, e eles j\u00e1 chegam perto de mim e come\u00e7am a pedir para ler, j\u00e1 ficam cobrando. E a\u00ed, \u2018motorista, cad\u00ea a leitura? Eu posso ler? Ent\u00e3o, isso \u00e9 o que a gente j\u00e1 pode observar, que a cada dia o interesse est\u00e1 crescendo mais\u201d, celebrou Davi.<\/p>\n<p>A escolha dos livros e conte\u00fados no \u00f4nibus varia. Davi sempre busca criar algo novo para atrair a crian\u00e7ada. S\u00e3o textos nas poltronas, nas janelas, mas sempre trazendo a literatura para mais perto.<\/p>\n<p>A ideia \u00e9 t\u00e3o positiva que ele j\u00e1 pensa em passar a iniciativa para outros colegas de profiss\u00e3o. \u201cO importante \u00e9 voc\u00ea ter coragem, boa vontade e querer fazer. Mesmo que seja pequenininho, voc\u00ea vai ver resultados. Uma crian\u00e7a que eu consegui fazer entender que a leitura e a educa\u00e7\u00e3o s\u00e3o importantes, e que isso vai mudar a vida dela, j\u00e1 \u00e9 um resultado muito satisfat\u00f3rio\u201d, afirmou.<\/p>\n<figure class=\"wp-block-image size-full\"><img decoding=\"async\" width=\"1200\" height=\"729\" src=\"http:\/\/noticiasbahia360.com.br\/wp-content\/uploads\/2025\/08\/Leitura-no-onibus-escolar-ft-paulo-jose-acorda-cidade-2.webp\" alt=\"Leitura no \u00f4nibus escolar\" class=\"wp-image-578380\" srcset=\"https:\/\/uploads.acordacidade.com.br\/2025\/07\/Leitura-no-onibus-escolar-ft-paulo-jose-acorda-cidade-2-601x365.webp 601w, https:\/\/uploads.acordacidade.com.br\/2025\/07\/Leitura-no-onibus-escolar-ft-paulo-jose-acorda-cidade-2-910x553.webp 910w, https:\/\/uploads.acordacidade.com.br\/2025\/07\/Leitura-no-onibus-escolar-ft-paulo-jose-acorda-cidade-2-150x91.webp 150w, http:\/\/noticiasbahia360.com.br\/wp-content\/uploads\/2025\/08\/Leitura-no-onibus-escolar-ft-paulo-jose-acorda-cidade-2.webp 1200w\" sizes=\"(max-width: 1200px) 100vw, 1200px\"><figcaption class=\"wp-element-caption\">Foto: Paulo Jos\u00e9\/Acorda Cidade <\/figcaption><\/figure>\n<h2 class=\"wp-block-heading\" id=\"h-a-escola-tambem-faz-a-sua-parte\">A escola tamb\u00e9m faz a sua parte<\/h2>\n<p>Desde o in\u00edcio do ano, a Escola Nossa Senhora das Candeias desenvolve o projeto \u201cEducar para Valer\u201d para acompanhar o n\u00edvel de leitura dos alunos. Segundo a diretora Suzana Alves de Almeida disse em entrevista ao Acorda Cidade, o projeto de Davi se tornou uma valiosa contribui\u00e7\u00e3o para o processo de aprendizagem.<\/p>\n<p>\u201cToda iniciativa que valorize a busca dos nossos alunos e o interesse pela leitura \u00e9 muito v\u00e1lida. Ao perceber isso, n\u00f3s, dire\u00e7\u00e3o e professores, quer\u00edamos contribuir com ele para que nos ajudasse. A escola come\u00e7a no \u00f4nibus\u201d, destacou a diretora.<\/p>\n<figure class=\"wp-block-image size-full\"><img decoding=\"async\" width=\"1200\" height=\"768\" src=\"http:\/\/noticiasbahia360.com.br\/wp-content\/uploads\/2025\/08\/Leitura-no-onibus-escolar-ft-paulo-jose-acorda-cidade-1.webp\" alt=\"Leitura no \u00f4nibus escolar\" class=\"wp-image-578381\" srcset=\"https:\/\/uploads.acordacidade.com.br\/2025\/07\/Leitura-no-onibus-escolar-ft-paulo-jose-acorda-cidade-1-570x365.webp 570w, https:\/\/uploads.acordacidade.com.br\/2025\/07\/Leitura-no-onibus-escolar-ft-paulo-jose-acorda-cidade-1-864x553.webp 864w, https:\/\/uploads.acordacidade.com.br\/2025\/07\/Leitura-no-onibus-escolar-ft-paulo-jose-acorda-cidade-1-150x96.webp 150w, http:\/\/noticiasbahia360.com.br\/wp-content\/uploads\/2025\/08\/Leitura-no-onibus-escolar-ft-paulo-jose-acorda-cidade-1.webp 1200w\" sizes=\"(max-width: 1200px) 100vw, 1200px\"><figcaption class=\"wp-element-caption\">Foto: Paulo Jos\u00e9\/Acorda Cidade <\/figcaption><\/figure>\n<p>Ela tamb\u00e9m ressaltou o impacto no comportamento dos alunos, tanto no aprendizado quanto no rendimento  em sala de aula. \u201cEles ficam mais concentrados, mais sentados nas poltronas, fazendo do trajeto um ambiente prop\u00edcio para aprender. A primeira mudan\u00e7a foi essa. A segunda foi que estamos fazendo as avalia\u00e7\u00f5es de flu\u00eancia leitora e de escrita. Tem um aplicador aqui na escola, e j\u00e1 estamos percebendo a evolu\u00e7\u00e3o das crian\u00e7as\u201d, confirmou ao Acorda Cidade.<\/p>\n<p>Hoje, os alunos n\u00e3o contam mais com a caixa de sapato, mas com uma cesta colorida repleta de poss\u00edveis leituras. Um exemplo que segue sendo importante da educa\u00e7\u00e3o na vida das crian\u00e7as, para al\u00e9m dos muros da escola.<\/p>\n<p>\u201cA troca \u00e9 \u00f3tima, porque os meninos cada vez mais pegam mais textos, poemas, poesias, uma diversidade de textos que ele traz para essa cesta leitora. E tamb\u00e9m, ele [Davi] incentiva. S\u00e3o brindes, geladinhos, balas, tudo para que o aluno tenha tamb\u00e9m esse interesse de vencer atrav\u00e9s da sua leitura\u201d, acrescentou a diretora.<\/p>\n<p><em>Com informa\u00e7\u00f5es do rep\u00f3rter Paulo Jos\u00e9 do Acorda Cidade<\/em><\/p>\n<p><em>Siga o Acorda Cidade no<\/em><a href=\"https:\/\/news.google.com\/search?q=acorda%20cidade&amp;hl=pt-BR&amp;gl=BR&amp;ceid=BR%3Apt-419\"><strong><em>\u00a0Google Not\u00edcias<\/em><\/strong><\/a><em>\u00a0e receba os principais destaques do dia. Participe tamb\u00e9m dos nossos canais no\u00a0<\/em><a href=\"https:\/\/www.whatsapp.com\/channel\/0029Va6Rb4v3WHTNnsh8WI3N\"><strong><em>WhatsApp<\/em><\/strong><\/a><em>\u00a0e\u00a0<\/em><a href=\"https:\/\/www.youtube.com\/@acordacidadenoticias\/videos\"><strong>Youtube<\/strong><\/a><em>\u00a0e grupo de\u00a0<\/em><a href=\"https:\/\/t.me\/+sSz0khrgARA0ZmRh\"><strong><em>Telegram<\/em><\/strong><\/a><em>.<\/em><\/p>\n<\/div>\n","protected":false},"excerpt":{"rendered":"<div>\n<div>\n<figure><img decoding=\"async\" src=\"https:\/\/uploads.acordacidade.com.br\/2025\/07\/Leitura-no-onibus-escolar-ft-paulo-jose-acorda-cidade.webp\" alt=\"Leitura no \u00f4nibus escolar\"><figcaption>Foto: Paulo Jos\u00e9\/Acorda Cidade <\/figcaption><\/figure>\n<\/div>\n<p>O projeto de leitura \u00e9 um importante exemplo da educa\u00e7\u00e3o na vida das crian\u00e7as, para al\u00e9m dos muros da escola.<\/p><\/div>\n","protected":false},"author":1,"featured_media":95422,"comment_status":"closed","ping_status":"closed","sticky":false,"template":"","format":"gallery","meta":{"footnotes":""},"categories":[8,9,6,57,56,10],"tags":[],"class_list":["post-95421","post","type-post","status-publish","format-gallery","has-post-thumbnail","hentry","category-bahia","category-brasil","category-feira-de-santana","category-mundo","category-policia","category-politica","post_format-post-format-gallery"],"featured_image_urls":{"full":["https:\/\/noticiasbahia360.com.br\/wp-content\/uploads\/2025\/08\/Leitura-no-onibus-escolar-ft-paulo-jose-acorda-cidade.webp",1200,674,false],"thumbnail":["https:\/\/noticiasbahia360.com.br\/wp-content\/uploads\/2025\/08\/Leitura-no-onibus-escolar-ft-paulo-jose-acorda-cidade-150x150.webp",150,150,true],"medium":["https:\/\/noticiasbahia360.com.br\/wp-content\/uploads\/2025\/08\/Leitura-no-onibus-escolar-ft-paulo-jose-acorda-cidade-300x169.webp",300,169,true],"medium_large":["https:\/\/noticiasbahia360.com.br\/wp-content\/uploads\/2025\/08\/Leitura-no-onibus-escolar-ft-paulo-jose-acorda-cidade-768x431.webp",640,359,true],"large":["https:\/\/noticiasbahia360.com.br\/wp-content\/uploads\/2025\/08\/Leitura-no-onibus-escolar-ft-paulo-jose-acorda-cidade-1024x575.webp",640,359,true],"1536x1536":["https:\/\/noticiasbahia360.com.br\/wp-content\/uploads\/2025\/08\/Leitura-no-onibus-escolar-ft-paulo-jose-acorda-cidade.webp",1200,674,false],"2048x2048":["https:\/\/noticiasbahia360.com.br\/wp-content\/uploads\/2025\/08\/Leitura-no-onibus-escolar-ft-paulo-jose-acorda-cidade.webp",1200,674,false],"chromenews-featured":["https:\/\/noticiasbahia360.com.br\/wp-content\/uploads\/2025\/08\/Leitura-no-onibus-escolar-ft-paulo-jose-acorda-cidade-1024x575.webp",1024,575,true],"chromenews-large":["https:\/\/noticiasbahia360.com.br\/wp-content\/uploads\/2025\/08\/Leitura-no-onibus-escolar-ft-paulo-jose-acorda-cidade-825x575.webp",825,575,true],"chromenews-medium":["https:\/\/noticiasbahia360.com.br\/wp-content\/uploads\/2025\/08\/Leitura-no-onibus-escolar-ft-paulo-jose-acorda-cidade-590x410.webp",590,410,true]},"author_info":{"display_name":"noticiasbahia360.com.br","author_link":"https:\/\/noticiasbahia360.com.br\/?author=1"},"category_info":"<a href=\"https:\/\/noticiasbahia360.com.br\/?cat=8\" rel=\"category\">Bahia<\/a> <a href=\"https:\/\/noticiasbahia360.com.br\/?cat=9\" rel=\"category\">Brasil<\/a> <a href=\"https:\/\/noticiasbahia360.com.br\/?cat=6\" rel=\"category\">Feira de Santana<\/a> <a href=\"https:\/\/noticiasbahia360.com.br\/?cat=57\" rel=\"category\">Mundo<\/a> <a href=\"https:\/\/noticiasbahia360.com.br\/?cat=56\" rel=\"category\">Pol\u00edcia<\/a> <a href=\"https:\/\/noticiasbahia360.com.br\/?cat=10\" rel=\"category\">Pol\u00edtica<\/a>","tag_info":"Pol\u00edtica","comment_count":"0","_links":{"self":[{"href":"https:\/\/noticiasbahia360.com.br\/index.php?rest_route=\/wp\/v2\/posts\/95421","targetHints":{"allow":["GET"]}}],"collection":[{"href":"https:\/\/noticiasbahia360.com.br\/index.php?rest_route=\/wp\/v2\/posts"}],"about":[{"href":"https:\/\/noticiasbahia360.com.br\/index.php?rest_route=\/wp\/v2\/types\/post"}],"author":[{"embeddable":true,"href":"https:\/\/noticiasbahia360.com.br\/index.php?rest_route=\/wp\/v2\/users\/1"}],"replies":[{"embeddable":true,"href":"https:\/\/noticiasbahia360.com.br\/index.php?rest_route=%2Fwp%2Fv2%2Fcomments&post=95421"}],"version-history":[{"count":0,"href":"https:\/\/noticiasbahia360.com.br\/index.php?rest_route=\/wp\/v2\/posts\/95421\/revisions"}],"wp:featuredmedia":[{"embeddable":true,"href":"https:\/\/noticiasbahia360.com.br\/index.php?rest_route=\/wp\/v2\/media\/95422"}],"wp:attachment":[{"href":"https:\/\/noticiasbahia360.com.br\/index.php?rest_route=%2Fwp%2Fv2%2Fmedia&parent=95421"}],"wp:term":[{"taxonomy":"category","embeddable":true,"href":"https:\/\/noticiasbahia360.com.br\/index.php?rest_route=%2Fwp%2Fv2%2Fcategories&post=95421"},{"taxonomy":"post_tag","embeddable":true,"href":"https:\/\/noticiasbahia360.com.br\/index.php?rest_route=%2Fwp%2Fv2%2Ftags&post=95421"}],"curies":[{"name":"wp","href":"https:\/\/api.w.org\/{rel}","templated":true}]}}