{"id":95431,"date":"2025-08-01T07:50:14","date_gmt":"2025-08-01T10:50:14","guid":{"rendered":"https:\/\/noticiasbahia360.com.br\/?p=95431"},"modified":"2025-08-01T07:50:14","modified_gmt":"2025-08-01T10:50:14","slug":"justica-eleitoral-promove-atendimento-itinerante-em-feira-de-santana-entre-4-e-7-de-agosto","status":"publish","type":"post","link":"https:\/\/noticiasbahia360.com.br\/?p=95431","title":{"rendered":"Justi\u00e7a Eleitoral promove atendimento itinerante em Feira de Santana entre 4 e 7 de agosto"},"content":{"rendered":"<div>\n<div>\n<figure><img decoding=\"async\" src=\"http:\/\/noticiasbahia360.com.br\/wp-content\/uploads\/2025\/08\/titulo-de-eleitor-foto-tse.jpeg\" alt=\"titulo de eleitor\"><figcaption>Foto: TSE<\/figcaption><\/figure>\n<\/div>\n<p>A Justi\u00e7a Eleitoral da Bahia, por meio do projeto TRE em Todo Lugar, realizar\u00e1 uma a\u00e7\u00e3o itinerante no munic\u00edpio de <a href=\"https:\/\/www.acordacidade.com.br\/tag\/feira-de-santana\/\">Feira de Santana<\/a>, entre os dias 4 e 7 de agosto de 2025. A iniciativa conta com o apoio da Caravana da Justi\u00e7a e Direitos Humanos e tem como objetivo facilitar o acesso da popula\u00e7\u00e3o aos servi\u00e7os eleitorais, promovendo inclus\u00e3o e cidadania.<\/p>\n<p><strong>O atendimento ser\u00e1 realizado nos bairros Mangabeira e Concei\u00e7\u00e3o. Confira a programa\u00e7\u00e3o:<\/strong><\/p>\n<p><strong>Dias 4 (das 14h \u00e0s 17h) e 5 (das 9h \u00e0s 16h):<\/strong><\/p>\n<p>Local: Col\u00e9gio Estadual Teot\u00f4nio Vilela<br \/>Endere\u00e7o: Rua O, Conjunto Jo\u00e3o Paulo II, s\/n \u2013 Mangabeira<\/p>\n<p><strong>Dias 6 (das 14h \u00e0s 17h) e 7 (das 9h \u00e0s 16h):<\/strong><\/p>\n<p>Locais: Sede do Bahia Pela Paz e Coletivo Bahia Pela Paz Concei\u00e7\u00e3o<br \/>Endere\u00e7o: Rua Gameleira, 22 \u2013 Concei\u00e7\u00e3o<\/p>\n<p><strong>Durante os quatro dias, os cidad\u00e3os poder\u00e3o ter acesso a diversos servi\u00e7os, como:<\/strong><\/p>\n<ul class=\"wp-block-list\">\n<li>Alistamento eleitoral<\/li>\n<li>Transfer\u00eancia de domic\u00edlio<\/li>\n<li>Revis\u00e3o cadastral<\/li>\n<li>Regulariza\u00e7\u00e3o de t\u00edtulo<\/li>\n<li>Coleta biom\u00e9trica<\/li>\n<\/ul>\n<p>Mais informa\u00e7\u00f5es podem ser obtidas com a equipe da 154\u00aa Zona Eleitoral, pelos seguintes canais:<\/p>\n<p>(75) 3199-8154<br \/>WhatsApp: (75) 99987-0959<br \/>E-mail: <a href=\"mailto:zona154@tre-ba.jus.br\">zona154@tre-ba.jus.br<\/a><\/p>\n<p><em>Siga o Acorda Cidade no<\/em><a href=\"https:\/\/news.google.com\/search?q=acorda%20cidade&amp;hl=pt-BR&amp;gl=BR&amp;ceid=BR%3Apt-419\"><strong><em> Google Not\u00edcias<\/em><\/strong><\/a><em> e receba os principais destaques do dia. Participe tamb\u00e9m dos nossos canais no <\/em><a href=\"https:\/\/whatsapp.com\/channel\/0029Va6Rb4v3WHTNnsh8WI3N\"><strong><em>WhatsApp<\/em><\/strong><\/a><em> e <\/em><a href=\"https:\/\/www.youtube.com\/@acordacidadenoticias\/videos\"><strong>Youtube<\/strong><\/a><em> e grupo de <\/em><a href=\"https:\/\/t.me\/+sSz0khrgARA0ZmRh\"><strong><em>Telegram<\/em><\/strong><\/a><em>.<\/em><\/p>\n<\/div>\n","protected":false},"excerpt":{"rendered":"<div>\n<div>\n<figure><img decoding=\"async\" src=\"https:\/\/uploads.acordacidade.com.br\/wp-content\/uploads\/2022\/08\/22094754\/titulo-de-eleitor-foto-tse.jpeg\" alt=\"titulo de eleitor\"><figcaption>Foto: TSE<\/figcaption><\/figure>\n<\/div>\n<p>A iniciativa conta com o apoio da Caravana da Justi\u00e7a e Direitos Humanos e tem como objetivo facilitar o acesso da popula\u00e7\u00e3o.<\/p><\/div>\n","protected":false},"author":1,"featured_media":95432,"comment_status":"closed","ping_status":"closed","sticky":false,"template":"","format":"gallery","meta":{"footnotes":""},"categories":[8,9,6,57,56,10],"tags":[],"class_list":["post-95431","post","type-post","status-publish","format-gallery","has-post-thumbnail","hentry","category-bahia","category-brasil","category-feira-de-santana","category-mundo","category-policia","category-politica","post_format-post-format-gallery"],"featured_image_urls":{"full":["https:\/\/noticiasbahia360.com.br\/wp-content\/uploads\/2025\/08\/titulo-de-eleitor-foto-tse.jpeg",620,300,false],"thumbnail":["https:\/\/noticiasbahia360.com.br\/wp-content\/uploads\/2025\/08\/titulo-de-eleitor-foto-tse-150x150.jpeg",150,150,true],"medium":["https:\/\/noticiasbahia360.com.br\/wp-content\/uploads\/2025\/08\/titulo-de-eleitor-foto-tse-300x145.jpeg",300,145,true],"medium_large":["https:\/\/noticiasbahia360.com.br\/wp-content\/uploads\/2025\/08\/titulo-de-eleitor-foto-tse.jpeg",620,300,false],"large":["https:\/\/noticiasbahia360.com.br\/wp-content\/uploads\/2025\/08\/titulo-de-eleitor-foto-tse.jpeg",620,300,false],"1536x1536":["https:\/\/noticiasbahia360.com.br\/wp-content\/uploads\/2025\/08\/titulo-de-eleitor-foto-tse.jpeg",620,300,false],"2048x2048":["https:\/\/noticiasbahia360.com.br\/wp-content\/uploads\/2025\/08\/titulo-de-eleitor-foto-tse.jpeg",620,300,false],"chromenews-featured":["https:\/\/noticiasbahia360.com.br\/wp-content\/uploads\/2025\/08\/titulo-de-eleitor-foto-tse.jpeg",620,300,false],"chromenews-large":["https:\/\/noticiasbahia360.com.br\/wp-content\/uploads\/2025\/08\/titulo-de-eleitor-foto-tse.jpeg",620,300,false],"chromenews-medium":["https:\/\/noticiasbahia360.com.br\/wp-content\/uploads\/2025\/08\/titulo-de-eleitor-foto-tse-590x300.jpeg",590,300,true]},"author_info":{"display_name":"noticiasbahia360.com.br","author_link":"https:\/\/noticiasbahia360.com.br\/?author=1"},"category_info":"<a href=\"https:\/\/noticiasbahia360.com.br\/?cat=8\" rel=\"category\">Bahia<\/a> <a href=\"https:\/\/noticiasbahia360.com.br\/?cat=9\" rel=\"category\">Brasil<\/a> <a href=\"https:\/\/noticiasbahia360.com.br\/?cat=6\" rel=\"category\">Feira de Santana<\/a> <a href=\"https:\/\/noticiasbahia360.com.br\/?cat=57\" rel=\"category\">Mundo<\/a> <a href=\"https:\/\/noticiasbahia360.com.br\/?cat=56\" rel=\"category\">Pol\u00edcia<\/a> <a href=\"https:\/\/noticiasbahia360.com.br\/?cat=10\" rel=\"category\">Pol\u00edtica<\/a>","tag_info":"Pol\u00edtica","comment_count":"0","_links":{"self":[{"href":"https:\/\/noticiasbahia360.com.br\/index.php?rest_route=\/wp\/v2\/posts\/95431","targetHints":{"allow":["GET"]}}],"collection":[{"href":"https:\/\/noticiasbahia360.com.br\/index.php?rest_route=\/wp\/v2\/posts"}],"about":[{"href":"https:\/\/noticiasbahia360.com.br\/index.php?rest_route=\/wp\/v2\/types\/post"}],"author":[{"embeddable":true,"href":"https:\/\/noticiasbahia360.com.br\/index.php?rest_route=\/wp\/v2\/users\/1"}],"replies":[{"embeddable":true,"href":"https:\/\/noticiasbahia360.com.br\/index.php?rest_route=%2Fwp%2Fv2%2Fcomments&post=95431"}],"version-history":[{"count":0,"href":"https:\/\/noticiasbahia360.com.br\/index.php?rest_route=\/wp\/v2\/posts\/95431\/revisions"}],"wp:featuredmedia":[{"embeddable":true,"href":"https:\/\/noticiasbahia360.com.br\/index.php?rest_route=\/wp\/v2\/media\/95432"}],"wp:attachment":[{"href":"https:\/\/noticiasbahia360.com.br\/index.php?rest_route=%2Fwp%2Fv2%2Fmedia&parent=95431"}],"wp:term":[{"taxonomy":"category","embeddable":true,"href":"https:\/\/noticiasbahia360.com.br\/index.php?rest_route=%2Fwp%2Fv2%2Fcategories&post=95431"},{"taxonomy":"post_tag","embeddable":true,"href":"https:\/\/noticiasbahia360.com.br\/index.php?rest_route=%2Fwp%2Fv2%2Ftags&post=95431"}],"curies":[{"name":"wp","href":"https:\/\/api.w.org\/{rel}","templated":true}]}}