{"id":95433,"date":"2025-08-01T08:00:48","date_gmt":"2025-08-01T11:00:48","guid":{"rendered":"https:\/\/noticiasbahia360.com.br\/?p=95433"},"modified":"2025-08-01T08:00:48","modified_gmt":"2025-08-01T11:00:48","slug":"suspeito-de-trafico-de-drogas-morre-em-confronto-com-a-pm-de-camacari-outro-ficou-ferido","status":"publish","type":"post","link":"https:\/\/noticiasbahia360.com.br\/?p=95433","title":{"rendered":"Suspeito de tr\u00e1fico de drogas morre em confronto com a PM de Cama\u00e7ari; outro ficou ferido"},"content":{"rendered":"<div>\n<div>\n<figure><img decoding=\"async\" src=\"http:\/\/noticiasbahia360.com.br\/wp-content\/uploads\/2025\/08\/material-apreendido-em-confronto.jpg\" alt=\"material apreendido em confronto\"><figcaption>Foto: PMBA<\/figcaption><\/figure>\n<\/div>\n<p>Um homem ficou ferido e outro morreu ap\u00f3s uma troca de tiros com policiais do 12\u00ba Batalh\u00e3o de Pol\u00edcia Militar (BPM), no final da tarde de quinta-feira (31), em uma \u00e1rea de mata no Jaguar\u00e1, em Cama\u00e7ari. Com eles foram apreendidas duas armas de fogo, al\u00e9m de drogas.<\/p>\n<p>Segundo a pol\u00edcia, durante levantamento realizado pelo servi\u00e7o de intelig\u00eancia, foi solicitado apoio de guarni\u00e7\u00f5es operacionais, tendo em vista que na localidade havia v\u00e1rios homens com armas de fogo de grosso calibre.<\/p>\n<p>Ao chegar \u00e0 \u00e1rea de mata indicada, as equipes foram recebidas com disparos de arma de fogo. Os policiais revidaram e um dos homens foi atingido. Ainda segundo a pol\u00edcia, ele foi localizado ao solo, ainda com sinais vitais e com uma arma de fogo em punho. Ele foi socorrido pelos PMs at\u00e9 o Hospital Geral de Cama\u00e7ari (HGC), mas ele n\u00e3o resistiu.<\/p>\n<p>Com o cessar do confronto, foi localizada mais uma arma de fogo abandonada na \u00e1rea.<br \/>Enquanto a guarni\u00e7\u00e3o se deslocava at\u00e9 a delegacia para ado\u00e7\u00e3o das medidas cab\u00edveis, foi informada que outro envolvido no confronto, havia dado entrada no mesmo hospital. Ele recebeu atendimento m\u00e9dico e est\u00e1 custodiado sob responsabilidade policial na unidade hospitalar.<\/p>\n<p>Outros quatro criminosos que tamb\u00e9m estavam no confronto conseguiram fugir entrando em uma vegeta\u00e7\u00e3o e efetuando disparos contra as guarni\u00e7\u00f5es.<\/p>\n<p><strong>MATERIAL APRESENTADO<\/strong><\/p>\n<ul class=\"wp-block-list\">\n<li>01 Pistola Browning 9mm<\/li>\n<li>01 pistola .40 glock<\/li>\n<li>11 muni\u00e7\u00f5es 9mm intactas<\/li>\n<li>01 muni\u00e7\u00e3o 9mm deflagrada<\/li>\n<li>20 muni\u00e7\u00f5es cal .40<\/li>\n<li>55 trouxas de maconha<\/li>\n<li>53 pedras de crack<\/li>\n<li>38 pinos de coca\u00edna<\/li>\n<li>14 eppendorfs de coca\u00edna<\/li>\n<li>Uma certa quantidade de maconha<\/li>\n<\/ul>\n<p><em>Siga o Acorda Cidade no<\/em><a href=\"https:\/\/news.google.com\/search?q=acorda%20cidade&amp;hl=pt-BR&amp;gl=BR&amp;ceid=BR%3Apt-419\"><strong><em> Google Not\u00edcias<\/em><\/strong><\/a><em> e receba os principais destaques do dia. Participe tamb\u00e9m dos nossos canais no <\/em><a href=\"https:\/\/www.whatsapp.com\/channel\/0029Va6Rb4v3WHTNnsh8WI3N\"><strong><em>WhatsApp<\/em><\/strong><\/a><em> e <\/em><a href=\"https:\/\/www.youtube.com\/@acordacidadenoticias\/videos\"><strong>YouTube<\/strong><\/a><em> e grupo de <\/em><a href=\"https:\/\/t.me\/+sSz0khrgARA0ZmRh\"><strong><em>Telegram<\/em><\/strong><\/a><em>.<\/em><\/p>\n<\/div>\n","protected":false},"excerpt":{"rendered":"<div>\n<div>\n<figure><img decoding=\"async\" src=\"https:\/\/uploads.acordacidade.com.br\/2025\/08\/material-apreendido-em-confronto.jpg\" alt=\"material apreendido em confronto\"><figcaption>Foto: PMBA<\/figcaption><\/figure>\n<\/div>\n<p>Um homem ficou ferido e outro morreu ap\u00f3s uma troca de tiros com policiais do 12\u00ba Batalh\u00e3o de Pol\u00edcia Militar (BPM), no final da tarde de quinta-feira (31), em uma \u00e1rea de mata no Jaguar\u00e1, em Cama\u00e7ari. Com eles foram apreendidas duas armas de fogo, al\u00e9m de drogas. Segundo a pol\u00edcia, durante levantamento realizado pelo [\u2026]<\/p><\/div>\n","protected":false},"author":1,"featured_media":95434,"comment_status":"closed","ping_status":"closed","sticky":false,"template":"","format":"gallery","meta":{"footnotes":""},"categories":[8,9,6,57,56,10],"tags":[],"class_list":["post-95433","post","type-post","status-publish","format-gallery","has-post-thumbnail","hentry","category-bahia","category-brasil","category-feira-de-santana","category-mundo","category-policia","category-politica","post_format-post-format-gallery"],"featured_image_urls":{"full":["https:\/\/noticiasbahia360.com.br\/wp-content\/uploads\/2025\/08\/material-apreendido-em-confronto.jpg",1250,901,false],"thumbnail":["https:\/\/noticiasbahia360.com.br\/wp-content\/uploads\/2025\/08\/material-apreendido-em-confronto-150x150.jpg",150,150,true],"medium":["https:\/\/noticiasbahia360.com.br\/wp-content\/uploads\/2025\/08\/material-apreendido-em-confronto-300x216.jpg",300,216,true],"medium_large":["https:\/\/noticiasbahia360.com.br\/wp-content\/uploads\/2025\/08\/material-apreendido-em-confronto-768x554.jpg",640,462,true],"large":["https:\/\/noticiasbahia360.com.br\/wp-content\/uploads\/2025\/08\/material-apreendido-em-confronto-1024x738.jpg",640,461,true],"1536x1536":["https:\/\/noticiasbahia360.com.br\/wp-content\/uploads\/2025\/08\/material-apreendido-em-confronto.jpg",1250,901,false],"2048x2048":["https:\/\/noticiasbahia360.com.br\/wp-content\/uploads\/2025\/08\/material-apreendido-em-confronto.jpg",1250,901,false],"chromenews-featured":["https:\/\/noticiasbahia360.com.br\/wp-content\/uploads\/2025\/08\/material-apreendido-em-confronto-1024x738.jpg",1024,738,true],"chromenews-large":["https:\/\/noticiasbahia360.com.br\/wp-content\/uploads\/2025\/08\/material-apreendido-em-confronto-825x575.jpg",825,575,true],"chromenews-medium":["https:\/\/noticiasbahia360.com.br\/wp-content\/uploads\/2025\/08\/material-apreendido-em-confronto-590x410.jpg",590,410,true]},"author_info":{"display_name":"noticiasbahia360.com.br","author_link":"https:\/\/noticiasbahia360.com.br\/?author=1"},"category_info":"<a href=\"https:\/\/noticiasbahia360.com.br\/?cat=8\" rel=\"category\">Bahia<\/a> <a href=\"https:\/\/noticiasbahia360.com.br\/?cat=9\" rel=\"category\">Brasil<\/a> <a href=\"https:\/\/noticiasbahia360.com.br\/?cat=6\" rel=\"category\">Feira de Santana<\/a> <a href=\"https:\/\/noticiasbahia360.com.br\/?cat=57\" rel=\"category\">Mundo<\/a> <a href=\"https:\/\/noticiasbahia360.com.br\/?cat=56\" rel=\"category\">Pol\u00edcia<\/a> <a href=\"https:\/\/noticiasbahia360.com.br\/?cat=10\" rel=\"category\">Pol\u00edtica<\/a>","tag_info":"Pol\u00edtica","comment_count":"0","_links":{"self":[{"href":"https:\/\/noticiasbahia360.com.br\/index.php?rest_route=\/wp\/v2\/posts\/95433","targetHints":{"allow":["GET"]}}],"collection":[{"href":"https:\/\/noticiasbahia360.com.br\/index.php?rest_route=\/wp\/v2\/posts"}],"about":[{"href":"https:\/\/noticiasbahia360.com.br\/index.php?rest_route=\/wp\/v2\/types\/post"}],"author":[{"embeddable":true,"href":"https:\/\/noticiasbahia360.com.br\/index.php?rest_route=\/wp\/v2\/users\/1"}],"replies":[{"embeddable":true,"href":"https:\/\/noticiasbahia360.com.br\/index.php?rest_route=%2Fwp%2Fv2%2Fcomments&post=95433"}],"version-history":[{"count":0,"href":"https:\/\/noticiasbahia360.com.br\/index.php?rest_route=\/wp\/v2\/posts\/95433\/revisions"}],"wp:featuredmedia":[{"embeddable":true,"href":"https:\/\/noticiasbahia360.com.br\/index.php?rest_route=\/wp\/v2\/media\/95434"}],"wp:attachment":[{"href":"https:\/\/noticiasbahia360.com.br\/index.php?rest_route=%2Fwp%2Fv2%2Fmedia&parent=95433"}],"wp:term":[{"taxonomy":"category","embeddable":true,"href":"https:\/\/noticiasbahia360.com.br\/index.php?rest_route=%2Fwp%2Fv2%2Fcategories&post=95433"},{"taxonomy":"post_tag","embeddable":true,"href":"https:\/\/noticiasbahia360.com.br\/index.php?rest_route=%2Fwp%2Fv2%2Ftags&post=95433"}],"curies":[{"name":"wp","href":"https:\/\/api.w.org\/{rel}","templated":true}]}}