{"id":95435,"date":"2025-08-01T08:45:56","date_gmt":"2025-08-01T11:45:56","guid":{"rendered":"https:\/\/noticiasbahia360.com.br\/?p=95435"},"modified":"2025-08-01T08:45:56","modified_gmt":"2025-08-01T11:45:56","slug":"romaria-de-bom-jesus-da-lapa-segue-com-programacao-intensa-ate-6-de-agosto","status":"publish","type":"post","link":"https:\/\/noticiasbahia360.com.br\/?p=95435","title":{"rendered":"Romaria de Bom Jesus da Lapa segue com programa\u00e7\u00e3o intensa at\u00e9 6 de agosto"},"content":{"rendered":"<div>\n<div>\n<figure><img decoding=\"async\" src=\"http:\/\/noticiasbahia360.com.br\/wp-content\/uploads\/2025\/08\/bomjesusdalapa_martaortega.jpeg\" alt=\"Bom Jesus da Lapa\"><figcaption>Foto: Marta Ortega\/TV Oeste<\/figcaption><\/figure>\n<\/div>\n<p>A tradicional Romaria de Bom Jesus da Lapa, no oeste da Bahia, j\u00e1 come\u00e7ou. Os festejos, que atraem milhares de fi\u00e9is de todo o Brasil, seguem at\u00e9 o dia 6 de agosto, quando acontece a festa da Transfigura\u00e7\u00e3o, ponto alto da celebra\u00e7\u00e3o religiosa.<\/p>\n<p>Reconhecida como Patrim\u00f4nio Imaterial da Bahia, a festa acontece no Santu\u00e1rio do Bom Jesus da Lapa, conhecido por suas 16 grutas. Ao longo dos 10 dias, os romeiros participam de missas, batizados, confiss\u00f5es e prociss\u00f5es, em um clima de f\u00e9 e devo\u00e7\u00e3o.<\/p>\n<p><strong>Programa\u00e7\u00e3o da Novena<\/strong><\/p>\n<p>Entre os dias 28 de julho e 5 de agosto, s\u00e3o celebradas missas di\u00e1rias sempre \u00e0s 19h, cada uma com um tema especial e presidida por bispos de diferentes dioceses:<\/p>\n<p>29\/07 \u2013 Dom Roberto Jos\u00e9 da Silva (Jana\u00faba-MG): A esperan\u00e7a e a fraternidade<br \/>30\/07 \u2013 Dom Vitor Agnaldo de Menezes (Vit\u00f3ria da Conquista-BA): A Igreja da esperan\u00e7a<br \/>31\/07 \u2013 Dom Edmar Jos\u00e9 da Silva (Belo Horizonte-MG): *A esperan\u00e7a e a ecologia integral<br \/>01\/08 \u2013 Dom Rubival Cabral Britto (Bom Jesus da Lapa-BA): Santu\u00e1rios, Par\u00f3quias e Comunidades: lugares de esperan\u00e7a<br \/>02\/08 \u2013 Dom Pedro Brito Guimar\u00e3es (Palmas-TO): Fam\u00edlias: Escolas de esperan\u00e7a<br \/>03\/08 \u2013 Dom Ja\u00edlton de Oliveira Lino (Itabuna-BA): Os caminhos e sinais de esperan\u00e7a<br \/>04\/08 \u2013 Dom Jos\u00e9 Carlos de Souza Campos (Montes Claros-MG): A esperan\u00e7a n\u00e3o decepciona<br \/>05\/08 \u2013 Dom Esmeraldo Barreto de Farias (Ara\u00e7ua\u00ed-MG \/ BA): Romeiros e peregrinos, mission\u00e1rios da esperan\u00e7a<\/p>\n<p><strong>Dia da Festa da Transfigura\u00e7\u00e3o \u2013 6 de agosto<\/strong><\/p>\n<p>O encerramento das comemora\u00e7\u00f5es acontece no dia 6 de agosto, com a seguinte programa\u00e7\u00e3o:<\/p>\n<p>5h \u2013 Alvorada<br \/>7h \u2013 Missa solene<br \/>9h \u2013 Translado da imagem do Bom Jesus do Santu\u00e1rio at\u00e9 a Catedral Diocesana Nossa Senhora do Carmo<br \/>17h \u2013 Prociss\u00e3o de retorno ao Santu\u00e1rio<br \/>18h \u2013 Celebra\u00e7\u00e3o de encerramento<\/p>\n<p><strong>Outras celebra\u00e7\u00f5es di\u00e1rias no Santu\u00e1rio<\/strong><\/p>\n<p>Durante todo o per\u00edodo da romaria, diversas atividades religiosas acontecem diariamente:<\/p>\n<p>Esplanada: 5h, 6h45, 8h30 e 17h<br \/>Espa\u00e7o Santu\u00e1rio Cultural: 8h e 16h<br \/>Comunidade Bom Jesus dos Navegantes: 10h<br \/>Gruta da Ressurrei\u00e7\u00e3o: Batizados \u00e0s 11h<br \/>Gruta de Nossa Senhora da Soledade: Ter\u00e7o da Divina Miseric\u00f3rdia \u00e0s 15h<br \/>Confiss\u00f5es: Das 6h \u00e0s 11h e das 14h \u00e0s 18h<\/p>\n<p>A Romaria de Bom Jesus da Lapa \u00e9 uma das maiores manifesta\u00e7\u00f5es de f\u00e9 do pa\u00eds e segue at\u00e9 o pr\u00f3ximo dia 6 com intensa participa\u00e7\u00e3o popular e espiritualidade viva.<\/p>\n<p><em>Siga o Acorda Cidade no<\/em><a href=\"https:\/\/news.google.com\/search?q=acorda%20cidade&amp;hl=pt-BR&amp;gl=BR&amp;ceid=BR%3Apt-419\"><strong><em> Google Not\u00edcias<\/em><\/strong><\/a><em> e receba os principais destaques do dia. Participe tamb\u00e9m dos nossos canais no <\/em><a href=\"https:\/\/www.whatsapp.com\/channel\/0029Va6Rb4v3WHTNnsh8WI3N\"><strong><em>WhatsApp<\/em><\/strong><\/a><em> e <\/em><a href=\"https:\/\/www.youtube.com\/@acordacidadenoticias\/videos\"><strong>YouTube<\/strong><\/a><em> e grupo de <\/em><a href=\"https:\/\/t.me\/+sSz0khrgARA0ZmRh\"><strong><em>Telegram<\/em><\/strong><\/a><em>.<\/em><\/p>\n<\/div>\n","protected":false},"excerpt":{"rendered":"<div>\n<div>\n<figure><img decoding=\"async\" src=\"https:\/\/uploads.acordacidade.com.br\/wp-content\/uploads\/2023\/09\/28092305\/bomjesusdalapa_martaortega.jpeg\" alt=\"Bom Jesus da Lapa\"><figcaption>Foto: Marta Ortega\/TV Oeste<\/figcaption><\/figure>\n<\/div>\n<p>Reconhecida como Patrim\u00f4nio Imaterial da Bahia, a festa acontece no Santu\u00e1rio do Bom Jesus da Lapa, conhecido por suas 16 grutas.<\/p><\/div>\n","protected":false},"author":1,"featured_media":95436,"comment_status":"closed","ping_status":"closed","sticky":false,"template":"","format":"gallery","meta":{"footnotes":""},"categories":[8,9,6,57,56,10],"tags":[],"class_list":["post-95435","post","type-post","status-publish","format-gallery","has-post-thumbnail","hentry","category-bahia","category-brasil","category-feira-de-santana","category-mundo","category-policia","category-politica","post_format-post-format-gallery"],"featured_image_urls":{"full":["https:\/\/noticiasbahia360.com.br\/wp-content\/uploads\/2025\/08\/bomjesusdalapa_martaortega.jpeg",640,479,false],"thumbnail":["https:\/\/noticiasbahia360.com.br\/wp-content\/uploads\/2025\/08\/bomjesusdalapa_martaortega-150x150.jpeg",150,150,true],"medium":["https:\/\/noticiasbahia360.com.br\/wp-content\/uploads\/2025\/08\/bomjesusdalapa_martaortega-300x225.jpeg",300,225,true],"medium_large":["https:\/\/noticiasbahia360.com.br\/wp-content\/uploads\/2025\/08\/bomjesusdalapa_martaortega.jpeg",640,479,false],"large":["https:\/\/noticiasbahia360.com.br\/wp-content\/uploads\/2025\/08\/bomjesusdalapa_martaortega.jpeg",640,479,false],"1536x1536":["https:\/\/noticiasbahia360.com.br\/wp-content\/uploads\/2025\/08\/bomjesusdalapa_martaortega.jpeg",640,479,false],"2048x2048":["https:\/\/noticiasbahia360.com.br\/wp-content\/uploads\/2025\/08\/bomjesusdalapa_martaortega.jpeg",640,479,false],"chromenews-featured":["https:\/\/noticiasbahia360.com.br\/wp-content\/uploads\/2025\/08\/bomjesusdalapa_martaortega.jpeg",640,479,false],"chromenews-large":["https:\/\/noticiasbahia360.com.br\/wp-content\/uploads\/2025\/08\/bomjesusdalapa_martaortega.jpeg",640,479,false],"chromenews-medium":["https:\/\/noticiasbahia360.com.br\/wp-content\/uploads\/2025\/08\/bomjesusdalapa_martaortega-590x410.jpeg",590,410,true]},"author_info":{"display_name":"noticiasbahia360.com.br","author_link":"https:\/\/noticiasbahia360.com.br\/?author=1"},"category_info":"<a href=\"https:\/\/noticiasbahia360.com.br\/?cat=8\" rel=\"category\">Bahia<\/a> <a href=\"https:\/\/noticiasbahia360.com.br\/?cat=9\" rel=\"category\">Brasil<\/a> <a href=\"https:\/\/noticiasbahia360.com.br\/?cat=6\" rel=\"category\">Feira de Santana<\/a> <a href=\"https:\/\/noticiasbahia360.com.br\/?cat=57\" rel=\"category\">Mundo<\/a> <a href=\"https:\/\/noticiasbahia360.com.br\/?cat=56\" rel=\"category\">Pol\u00edcia<\/a> <a href=\"https:\/\/noticiasbahia360.com.br\/?cat=10\" rel=\"category\">Pol\u00edtica<\/a>","tag_info":"Pol\u00edtica","comment_count":"0","_links":{"self":[{"href":"https:\/\/noticiasbahia360.com.br\/index.php?rest_route=\/wp\/v2\/posts\/95435","targetHints":{"allow":["GET"]}}],"collection":[{"href":"https:\/\/noticiasbahia360.com.br\/index.php?rest_route=\/wp\/v2\/posts"}],"about":[{"href":"https:\/\/noticiasbahia360.com.br\/index.php?rest_route=\/wp\/v2\/types\/post"}],"author":[{"embeddable":true,"href":"https:\/\/noticiasbahia360.com.br\/index.php?rest_route=\/wp\/v2\/users\/1"}],"replies":[{"embeddable":true,"href":"https:\/\/noticiasbahia360.com.br\/index.php?rest_route=%2Fwp%2Fv2%2Fcomments&post=95435"}],"version-history":[{"count":0,"href":"https:\/\/noticiasbahia360.com.br\/index.php?rest_route=\/wp\/v2\/posts\/95435\/revisions"}],"wp:featuredmedia":[{"embeddable":true,"href":"https:\/\/noticiasbahia360.com.br\/index.php?rest_route=\/wp\/v2\/media\/95436"}],"wp:attachment":[{"href":"https:\/\/noticiasbahia360.com.br\/index.php?rest_route=%2Fwp%2Fv2%2Fmedia&parent=95435"}],"wp:term":[{"taxonomy":"category","embeddable":true,"href":"https:\/\/noticiasbahia360.com.br\/index.php?rest_route=%2Fwp%2Fv2%2Fcategories&post=95435"},{"taxonomy":"post_tag","embeddable":true,"href":"https:\/\/noticiasbahia360.com.br\/index.php?rest_route=%2Fwp%2Fv2%2Ftags&post=95435"}],"curies":[{"name":"wp","href":"https:\/\/api.w.org\/{rel}","templated":true}]}}