{"id":95437,"date":"2025-08-01T08:55:28","date_gmt":"2025-08-01T11:55:28","guid":{"rendered":"https:\/\/noticiasbahia360.com.br\/?p=95437"},"modified":"2025-08-01T08:55:28","modified_gmt":"2025-08-01T11:55:28","slug":"cerca-600-filhotes-de-jabutis-sao-encontrados-em-malas-dentro-de-onibus-na-br-116","status":"publish","type":"post","link":"https:\/\/noticiasbahia360.com.br\/?p=95437","title":{"rendered":"Cerca 600 filhotes de jabutis s\u00e3o encontrados em malas dentro de \u00f4nibus na BR 116"},"content":{"rendered":"<div>\n<div>\n<figure><img decoding=\"async\" src=\"http:\/\/noticiasbahia360.com.br\/wp-content\/uploads\/2025\/08\/jabuti-apreensao-prf-rio-br-116.jpg\" alt=\"600 filhotes de jabutis encontrados em malas dentro de \u00f4nibus no Rio de Janeiro\"><figcaption>Foto: PRF<\/figcaption><\/figure>\n<\/div>\n<p>Um homem foi flagrado pela Pol\u00edcia Rodovi\u00e1ria Federal (PRF) transportando centenas de filhotes de jabutis, na tarde de quinta-feira (31), em um \u00f4nibus interestadual. Os animais eram levados para a Baixada Fluminense dentro de malas no bagageiro do ve\u00edculo. O caso aconteceu na BR-116, em Teres\u00f3polis, na Regi\u00e3o Serrana do Rio de Janeiro.<\/p>\n<figure class=\"wp-block-image size-large\"><img fetchpriority=\"high\" fetchpriority=\"high\" decoding=\"async\" width=\"432\" height=\"768\" src=\"http:\/\/noticiasbahia360.com.br\/wp-content\/uploads\/2025\/08\/apreensao-jabuti-prf-rio-de-janeiro-br-116-432x768-1.jpg\" alt=\"600 filhotes de jabutis encontrados em malas dentro de \u00f4nibus no Rio de Janeiro\" class=\"wp-image-578828\" srcset=\"https:\/\/uploads.acordacidade.com.br\/2025\/08\/apreensao-jabuti-prf-rio-de-janeiro-br-116-205x365.jpg 205w, http:\/\/noticiasbahia360.com.br\/wp-content\/uploads\/2025\/08\/apreensao-jabuti-prf-rio-de-janeiro-br-116-432x768-1.jpg 432w, https:\/\/uploads.acordacidade.com.br\/2025\/08\/apreensao-jabuti-prf-rio-de-janeiro-br-116-311x553.jpg 311w, https:\/\/uploads.acordacidade.com.br\/2025\/08\/apreensao-jabuti-prf-rio-de-janeiro-br-116-150x267.jpg 150w, https:\/\/uploads.acordacidade.com.br\/2025\/08\/apreensao-jabuti-prf-rio-de-janeiro-br-116.jpg 675w\" sizes=\"(max-width: 432px) 100vw, 432px\"><figcaption class=\"wp-element-caption\">Foto: PRF<\/figcaption><\/figure>\n<p>Por volta das 14h30, na altura do quil\u00f4metro 73, policiais rodovi\u00e1rios federais da 4\u00aa Delegacia (Mag\u00e9) abordaram um \u00f4nibus que fazia a linha Natal (RN) \u2013 Rio de Janeiro (RJ). Durante a revista no bagageiro, encontraram cerca de 600 filhotes de jabutis piranga dentro das malas de um passageiro.<\/p>\n<figure class=\"wp-block-image size-large\"><img decoding=\"async\" width=\"1176\" height=\"768\" src=\"http:\/\/noticiasbahia360.com.br\/wp-content\/uploads\/2025\/08\/jabuti-apreensao-prf-rio-1176x768-1.jpg\" alt=\"600 filhotes de jabutis encontrados em malas dentro de \u00f4nibus no Rio de Janeiro\" class=\"wp-image-578832\" srcset=\"https:\/\/uploads.acordacidade.com.br\/2025\/08\/jabuti-apreensao-prf-rio-559x365.jpg 559w, http:\/\/noticiasbahia360.com.br\/wp-content\/uploads\/2025\/08\/jabuti-apreensao-prf-rio-1176x768-1.jpg 1176w, https:\/\/uploads.acordacidade.com.br\/2025\/08\/jabuti-apreensao-prf-rio-846x553.jpg 846w, https:\/\/uploads.acordacidade.com.br\/2025\/08\/jabuti-apreensao-prf-rio-150x98.jpg 150w, https:\/\/uploads.acordacidade.com.br\/2025\/08\/jabuti-apreensao-prf-rio.jpg 1200w\" sizes=\"(max-width: 1176px) 100vw, 1176px\"><figcaption class=\"wp-element-caption\">Foto: PRF<\/figcaption><\/figure>\n<p>O homem embarcou em Feira de Santana (BA) e levaria os animais para Duque de Caxias, na Baixada Fluminense. Ele disse que era a primeira vez que fazia esse tipo de transporte e confessou que receberia uma quantia em dinheiro, mas j\u00e1 havia sido preso em 2015 pelo mesmo crime.<\/p>\n<figure class=\"wp-block-image size-full\"><img decoding=\"async\" width=\"1200\" height=\"716\" src=\"http:\/\/noticiasbahia360.com.br\/wp-content\/uploads\/2025\/08\/apreensao-jabuti-prf-regiao-serrana-rio-de-janeiro-.jpg\" alt=\"600 filhotes de jabutis encontrados em malas dentro de \u00f4nibus no Rio de Janeiro\" class=\"wp-image-578827\" srcset=\"https:\/\/uploads.acordacidade.com.br\/2025\/08\/apreensao-jabuti-prf-regiao-serrana-rio-de-janeiro--612x365.jpg 612w, https:\/\/uploads.acordacidade.com.br\/2025\/08\/apreensao-jabuti-prf-regiao-serrana-rio-de-janeiro--927x553.jpg 927w, https:\/\/uploads.acordacidade.com.br\/2025\/08\/apreensao-jabuti-prf-regiao-serrana-rio-de-janeiro--150x90.jpg 150w, http:\/\/noticiasbahia360.com.br\/wp-content\/uploads\/2025\/08\/apreensao-jabuti-prf-regiao-serrana-rio-de-janeiro-.jpg 1200w\" sizes=\"(max-width: 1200px) 100vw, 1200px\"><figcaption class=\"wp-element-caption\">Foto: PRF<\/figcaption><\/figure>\n<p>Alguns filhotes acabaram morrendo devido \u00e0s p\u00e9ssimas condi\u00e7\u00f5es em que eram levados.\u00a0<strong>Cada exemplar da esp\u00e9cie \u00e9 vendido no mercado ilegal por aproximadamente R$ 700.<\/strong><\/p>\n<figure class=\"wp-block-image size-large\"><img decoding=\"async\" width=\"576\" height=\"768\" src=\"http:\/\/noticiasbahia360.com.br\/wp-content\/uploads\/2025\/08\/jabuti-apreensao-prf-rio-de-janeiro-br-576x768-1.jpg\" alt=\"600 filhotes de jabutis encontrados em malas dentro de \u00f4nibus no Rio de Janeiro\" class=\"wp-image-578830\" srcset=\"https:\/\/uploads.acordacidade.com.br\/2025\/08\/jabuti-apreensao-prf-rio-de-janeiro-br--274x365.jpg 274w, http:\/\/noticiasbahia360.com.br\/wp-content\/uploads\/2025\/08\/jabuti-apreensao-prf-rio-de-janeiro-br-576x768-1.jpg 576w, https:\/\/uploads.acordacidade.com.br\/2025\/08\/jabuti-apreensao-prf-rio-de-janeiro-br--415x553.jpg 415w, https:\/\/uploads.acordacidade.com.br\/2025\/08\/jabuti-apreensao-prf-rio-de-janeiro-br--1152x1536.jpg 1152w, https:\/\/uploads.acordacidade.com.br\/2025\/08\/jabuti-apreensao-prf-rio-de-janeiro-br--640x853.jpg 640w, https:\/\/uploads.acordacidade.com.br\/2025\/08\/jabuti-apreensao-prf-rio-de-janeiro-br--150x200.jpg 150w, https:\/\/uploads.acordacidade.com.br\/2025\/08\/jabuti-apreensao-prf-rio-de-janeiro-br-.jpg 1200w\" sizes=\"(max-width: 576px) 100vw, 576px\"><figcaption class=\"wp-element-caption\">Foto: PRF<\/figcaption><\/figure>\n<p>A ocorr\u00eancia foi encaminhada \u00e0 Delegacia de Prote\u00e7\u00e3o ao Meio Ambiente (DPMA), na Cidade da Pol\u00edcia, na Zona Norte do Rio.<\/p>\n<p><em>Siga o Acorda Cidade no<\/em><a href=\"https:\/\/news.google.com\/search?q=acorda%20cidade&amp;hl=pt-BR&amp;gl=BR&amp;ceid=BR%3Apt-419\"><strong><em> Google Not\u00edcias<\/em><\/strong><\/a><em> e receba os principais destaques do dia. Participe tamb\u00e9m dos nossos canais no <\/em><a href=\"https:\/\/whatsapp.com\/channel\/0029Va6Rb4v3WHTNnsh8WI3N\"><strong><em>WhatsApp<\/em><\/strong><\/a><em> e <\/em><a href=\"https:\/\/www.youtube.com\/@acordacidadenoticias\/videos\"><strong>Youtube<\/strong><\/a><em> e grupo de <\/em><a href=\"https:\/\/t.me\/+sSz0khrgARA0ZmRh\"><strong><em>Telegram<\/em><\/strong><\/a><em>.<\/em><\/p>\n<\/div>\n","protected":false},"excerpt":{"rendered":"<div>\n<div>\n<figure><img decoding=\"async\" src=\"https:\/\/uploads.acordacidade.com.br\/2025\/08\/jabuti-apreensao-prf-rio-br-116.jpg\" alt=\"600 filhotes de jabutis encontrados em malas dentro de \u00f4nibus no Rio de Janeiro\"><figcaption>Foto: PRF<\/figcaption><\/figure>\n<\/div>\n<p>O caso aconteceu na Regi\u00e3o Serrana do Rio de Janeiro. Segundo a PRF os animais seriam revendidos.<\/p><\/div>\n","protected":false},"author":1,"featured_media":95438,"comment_status":"closed","ping_status":"closed","sticky":false,"template":"","format":"gallery","meta":{"footnotes":""},"categories":[8,9,6,57,56,10],"tags":[],"class_list":["post-95437","post","type-post","status-publish","format-gallery","has-post-thumbnail","hentry","category-bahia","category-brasil","category-feira-de-santana","category-mundo","category-policia","category-politica","post_format-post-format-gallery"],"featured_image_urls":{"full":["https:\/\/noticiasbahia360.com.br\/wp-content\/uploads\/2025\/08\/jabuti-apreensao-prf-rio-br-116.jpg",1200,565,false],"thumbnail":["https:\/\/noticiasbahia360.com.br\/wp-content\/uploads\/2025\/08\/jabuti-apreensao-prf-rio-br-116-150x150.jpg",150,150,true],"medium":["https:\/\/noticiasbahia360.com.br\/wp-content\/uploads\/2025\/08\/jabuti-apreensao-prf-rio-br-116-300x141.jpg",300,141,true],"medium_large":["https:\/\/noticiasbahia360.com.br\/wp-content\/uploads\/2025\/08\/jabuti-apreensao-prf-rio-br-116-768x362.jpg",640,302,true],"large":["https:\/\/noticiasbahia360.com.br\/wp-content\/uploads\/2025\/08\/jabuti-apreensao-prf-rio-br-116-1024x482.jpg",640,301,true],"1536x1536":["https:\/\/noticiasbahia360.com.br\/wp-content\/uploads\/2025\/08\/jabuti-apreensao-prf-rio-br-116.jpg",1200,565,false],"2048x2048":["https:\/\/noticiasbahia360.com.br\/wp-content\/uploads\/2025\/08\/jabuti-apreensao-prf-rio-br-116.jpg",1200,565,false],"chromenews-featured":["https:\/\/noticiasbahia360.com.br\/wp-content\/uploads\/2025\/08\/jabuti-apreensao-prf-rio-br-116-1024x482.jpg",1024,482,true],"chromenews-large":["https:\/\/noticiasbahia360.com.br\/wp-content\/uploads\/2025\/08\/jabuti-apreensao-prf-rio-br-116-825x565.jpg",825,565,true],"chromenews-medium":["https:\/\/noticiasbahia360.com.br\/wp-content\/uploads\/2025\/08\/jabuti-apreensao-prf-rio-br-116-590x410.jpg",590,410,true]},"author_info":{"display_name":"noticiasbahia360.com.br","author_link":"https:\/\/noticiasbahia360.com.br\/?author=1"},"category_info":"<a href=\"https:\/\/noticiasbahia360.com.br\/?cat=8\" rel=\"category\">Bahia<\/a> <a href=\"https:\/\/noticiasbahia360.com.br\/?cat=9\" rel=\"category\">Brasil<\/a> <a href=\"https:\/\/noticiasbahia360.com.br\/?cat=6\" rel=\"category\">Feira de Santana<\/a> <a href=\"https:\/\/noticiasbahia360.com.br\/?cat=57\" rel=\"category\">Mundo<\/a> <a href=\"https:\/\/noticiasbahia360.com.br\/?cat=56\" rel=\"category\">Pol\u00edcia<\/a> <a href=\"https:\/\/noticiasbahia360.com.br\/?cat=10\" rel=\"category\">Pol\u00edtica<\/a>","tag_info":"Pol\u00edtica","comment_count":"0","_links":{"self":[{"href":"https:\/\/noticiasbahia360.com.br\/index.php?rest_route=\/wp\/v2\/posts\/95437","targetHints":{"allow":["GET"]}}],"collection":[{"href":"https:\/\/noticiasbahia360.com.br\/index.php?rest_route=\/wp\/v2\/posts"}],"about":[{"href":"https:\/\/noticiasbahia360.com.br\/index.php?rest_route=\/wp\/v2\/types\/post"}],"author":[{"embeddable":true,"href":"https:\/\/noticiasbahia360.com.br\/index.php?rest_route=\/wp\/v2\/users\/1"}],"replies":[{"embeddable":true,"href":"https:\/\/noticiasbahia360.com.br\/index.php?rest_route=%2Fwp%2Fv2%2Fcomments&post=95437"}],"version-history":[{"count":0,"href":"https:\/\/noticiasbahia360.com.br\/index.php?rest_route=\/wp\/v2\/posts\/95437\/revisions"}],"wp:featuredmedia":[{"embeddable":true,"href":"https:\/\/noticiasbahia360.com.br\/index.php?rest_route=\/wp\/v2\/media\/95438"}],"wp:attachment":[{"href":"https:\/\/noticiasbahia360.com.br\/index.php?rest_route=%2Fwp%2Fv2%2Fmedia&parent=95437"}],"wp:term":[{"taxonomy":"category","embeddable":true,"href":"https:\/\/noticiasbahia360.com.br\/index.php?rest_route=%2Fwp%2Fv2%2Fcategories&post=95437"},{"taxonomy":"post_tag","embeddable":true,"href":"https:\/\/noticiasbahia360.com.br\/index.php?rest_route=%2Fwp%2Fv2%2Ftags&post=95437"}],"curies":[{"name":"wp","href":"https:\/\/api.w.org\/{rel}","templated":true}]}}