{"id":95455,"date":"2025-08-01T11:20:14","date_gmt":"2025-08-01T14:20:14","guid":{"rendered":"https:\/\/noticiasbahia360.com.br\/?p=95455"},"modified":"2025-08-01T11:20:14","modified_gmt":"2025-08-01T14:20:14","slug":"terceirao-pre-enem-sec-oferecera-aulas-de-portugues-e-matematica-veja-locais-e-inscricoes","status":"publish","type":"post","link":"https:\/\/noticiasbahia360.com.br\/?p=95455","title":{"rendered":"Terceir\u00e3o Pr\u00e9-Enem: SEC oferecer\u00e1 aulas de portugu\u00eas e matem\u00e1tica; veja locais e inscri\u00e7\u00f5es"},"content":{"rendered":"<div>\n<div>\n<figure><img decoding=\"async\" src=\"http:\/\/noticiasbahia360.com.br\/wp-content\/uploads\/2025\/08\/Terceirao-Pre-Enem-escolas-publicas-rede-estadual-sala-de-aula-Foto-Memo-soul.jpg\" alt=\"Terceir\u00e3o Pr\u00e9- Enem - alunos da rede estadual\"><figcaption>Foto: Memo Soul<\/figcaption><\/figure>\n<\/div>\n<p>Estudantes da 3\u00aa S\u00e9rie do Ensino M\u00e9dio de 107 <strong>escolas p\u00fablicas de<\/strong> <strong>tempo parcial<\/strong> ter\u00e3o acesso gratuito ao <strong>\u201cTerceir\u00e3o Pr\u00e9-Enem\u201d,<\/strong> refor\u00e7o nas aprendizagens de <strong>portugu\u00eas e matem\u00e1tica de prepara\u00e7\u00e3o para o Enem<\/strong>. A a\u00e7\u00e3o da Secretaria de Educa\u00e7\u00e3o do Estado (SEC) vai beneficiar, neste primeiro momento, mais de 12 mil alunos de unidades priorit\u00e1rias, em 70 munic\u00edpios baianos.<\/p>\n<p><strong>Os interessados devem se inscrever nos dias 5 e 6 de agosto, pelo site <a href=\"http:\/\/upt.educacao.ba.gov.br\/terceirao\" target=\"_blank\" rel=\"noreferrer noopener\">upt.educacao.ba.gov.br\/terceirao<\/a>. O projeto piloto do Terceir\u00e3o ter\u00e1 in\u00edcio no dia 11. <\/strong>As aulas acontecer\u00e3o duas ou tr\u00eas vezes por semana, no contraturno. A proposta \u00e9 intensificar a prepara\u00e7\u00e3o dos estudantes para o ingresso no ensino superior.<\/p>\n<p>A iniciativa ser\u00e1 implantada nos N\u00facleos Territoriais de Educa\u00e7\u00e3o (NTEs) do Sisal, Litoral Sul, Bacia do Rio Grande, Litoral Norte e Agreste Baiano, Portal do Sert\u00e3o, Rec\u00f4ncavo, M\u00e9dio Rio de Contas e Regi\u00e3o Metropolitana de Salvador. No NTE 4 (Sisal), por exemplo, 2.512 estudantes de 21 escolas ser\u00e3o atendidos. J\u00e1 no NTE 21 (Rec\u00f4ncavo), s\u00e3o 1.487 alunos em 20 escolas.<\/p>\n<p><strong>As aulas do Terceir\u00e3o<\/strong> <strong>Pr\u00e9-Enem<\/strong> <strong>ser\u00e3o conduzidas por monitores universit\u00e1rios <\/strong>da Universidade do Estado da Bahia (Uneb), da Universidade de Santa Cruz (Uesc), da Universidade Estadual de Feira de Santana (Uefs) e da Universidade Estadual do Sudoeste da Bahia (Uesb). O projeto refor\u00e7a o compromisso do Governo da Bahia com o acesso \u00e0 universidade e representa uma oportunidade decisiva para os estudantes da rede estadual ampliarem suas chances de aprova\u00e7\u00e3o.<\/p>\n<h2 class=\"wp-block-heading\" id=\"h-quadro-de-atendimento-do-terceirao-pre-enem-nte-19-portal-do-sertao\"><strong>Quadro de atendimento do Terceir\u00e3o Pr\u00e9-Enem \/ NTE 19 \u2013 Portal do Sert\u00e3o<\/strong><\/h2>\n<figure class=\"wp-block-table\">\n<table class=\"has-fixed-layout\">\n<thead>\n<tr>\n<th><strong>NTE<\/strong><\/th>\n<th><strong>Universidade<\/strong><\/th>\n<th><strong>Munic\u00edpio<\/strong><\/th>\n<th><strong>Escola<\/strong><\/th>\n<th><strong>COD SEC<\/strong><\/th>\n<th><strong>Ades\u00e3o<\/strong><\/th>\n<th><strong>Previs\u00e3o de Participa\u00e7\u00e3o de Alunos<\/strong><\/th>\n<th><strong>Dias de Funcionamento<\/strong><\/th>\n<th><strong>Turno de Funcionamento<\/strong><\/th>\n<th><strong>Local<\/strong><\/th>\n<\/tr>\n<\/thead>\n<tbody>\n<tr>\n<td>NTE 19 \u2013 PORTAL DO SERT\u00c3O<\/td>\n<td>UEFS<\/td>\n<td>ANGUERA<\/td>\n<td>Col\u00e9gio Estadual Arthur Vieira de Oliveira \u2013 Tempo Integral<\/td>\n<td>1105584<\/td>\n<td>SIM<\/td>\n<td>79<\/td>\n<td>Segunda, ter\u00e7a e quarta<\/td>\n<td>Vespertino<\/td>\n<td>Sala de aula, audit\u00f3rio, projetor, TV, microfone<\/td>\n<\/tr>\n<tr>\n<td>NTE 19 \u2013 PORTAL DO SERT\u00c3O<\/td>\n<td>UEFS<\/td>\n<td>ANT\u00d4NIO CARDOSO<\/td>\n<td>Col\u00e9gio Estadual do Campo Genivaldo de Almeida Brand\u00e3o \u2013 Tempo Integral<\/td>\n<td>1105460<\/td>\n<td>SIM<\/td>\n<td>80<\/td>\n<td>Segunda, quarta e sexta<\/td>\n<td>Matutino<\/td>\n<td>Sala de aula, audit\u00f3rios, data show<\/td>\n<\/tr>\n<tr>\n<td>NTE 19 \u2013 PORTAL DO SERT\u00c3O<\/td>\n<td>UEFS<\/td>\n<td>CONCEI\u00c7\u00c3O DA FEIRA<\/td>\n<td>Col\u00e9gio Estadual de Concei\u00e7\u00e3o da Feira \u2013 CECF \u2013 Tempo Integral<\/td>\n<td>1105568<\/td>\n<td>SIM<\/td>\n<td>40<\/td>\n<td>Quarta, quinta e sexta<\/td>\n<td>Vespertino<\/td>\n<td>Sala de aula, sala de v\u00eddeo, data show e TV<\/td>\n<\/tr>\n<tr>\n<td>NTE 19 \u2013 PORTAL DO SERT\u00c3O<\/td>\n<td>UEFS<\/td>\n<td>CONCEI\u00c7\u00c3O DO JACU\u00cdPE<\/td>\n<td>Col\u00e9gio Estadual Concei\u00e7\u00e3o do Jacu\u00edpe \u2013 Tempo Integral<\/td>\n<td>1105266<\/td>\n<td>SIM<\/td>\n<td>200<\/td>\n<td>Segunda, quarta e quinta<\/td>\n<td>Vespertino<\/td>\n<td>Sala de aula, sala de v\u00eddeo, data show e TV<\/td>\n<\/tr>\n<tr>\n<td>NTE 19 \u2013 PORTAL DO SERT\u00c3O<\/td>\n<td>UEFS<\/td>\n<td>CORA\u00c7\u00c3O DE MARIA<\/td>\n<td>Col\u00e9gio Estadual do Campo Professor Jos\u00e9 Waldomiro Santos da Concei\u00e7\u00e3o \u2013 Distrito do Retiro<\/td>\n<td>1105100<\/td>\n<td>SIM<\/td>\n<td>120<\/td>\n<td>Ter\u00e7a, quarta e quinta<\/td>\n<td>Noturno<\/td>\n<td>Sala de aula, TV e data show<\/td>\n<\/tr>\n<tr>\n<td>NTE 19 \u2013 PORTAL DO SERT\u00c3O<\/td>\n<td>UEFS<\/td>\n<td>FEIRA DE SANTANA<\/td>\n<td>Centro Integrado de Educa\u00e7\u00e3o Assis Chateaubriand \u2013 Tempo Integral<\/td>\n<td>1105754<\/td>\n<td>SIM<\/td>\n<td>54<\/td>\n<td>Quarta, quinta e sexta<\/td>\n<td>Matutino<\/td>\n<td>Sala de aula, teatro, audit\u00f3rio, data show<\/td>\n<\/tr>\n<tr>\n<td>NTE 19 \u2013 PORTAL DO SERT\u00c3O<\/td>\n<td>UEFS<\/td>\n<td>FEIRA DE SANTANA<\/td>\n<td>Col\u00e9gio Estadual Governador Luiz Viana Filho \u2013 Tempo Integral<\/td>\n<td>1106742<\/td>\n<td>SIM<\/td>\n<td>100<\/td>\n<td>Segunda, quarta e sexta<\/td>\n<td>Noturno<\/td>\n<td>Sala de aula, data show<\/td>\n<\/tr>\n<tr>\n<td>NTE 19 \u2013 PORTAL DO SERT\u00c3O<\/td>\n<td>UEFS<\/td>\n<td>FEIRA DE SANTANA<\/td>\n<td>Col\u00e9gio Estadual de Tempo Integral Professora Ana Ang\u00e9lica Vergne de Morais<\/td>\n<td>1106467<\/td>\n<td>SIM<\/td>\n<td>120<\/td>\n<td>Segunda, ter\u00e7a e quarta<\/td>\n<td>Vespertino<\/td>\n<td>Sala de aula\/audit\u00f3rio, data show e TV<\/td>\n<\/tr>\n<tr>\n<td>NTE 19 \u2013 PORTAL DO SERT\u00c3O<\/td>\n<td>UEFS<\/td>\n<td>FEIRA DE SANTANA<\/td>\n<td>Col\u00e9gio Estadual de Tempo Integral Edith Machado Boaventura<\/td>\n<td>1105916<\/td>\n<td>SIM<\/td>\n<td>170<\/td>\n<td>Segunda, quarta e quinta<\/td>\n<td>Vespertino<\/td>\n<td>Sala de aula, data show, TV<\/td>\n<\/tr>\n<tr>\n<td>NTE 19 \u2013 PORTAL DO SERT\u00c3O<\/td>\n<td>UEFS<\/td>\n<td>FEIRA DE SANTANA<\/td>\n<td>Col\u00e9gio Estadual Professora Tecla Mello<\/td>\n<td>1106637<\/td>\n<td>SIM<\/td>\n<td>128<\/td>\n<td>Segunda, ter\u00e7a e quarta<\/td>\n<td>Vespertino<\/td>\n<td>Sala de aula e data-show, TV<\/td>\n<\/tr>\n<tr>\n<td>NTE 19 \u2013 PORTAL DO SERT\u00c3O<\/td>\n<td>UEFS<\/td>\n<td>FEIRA DE SANTANA<\/td>\n<td>Col\u00e9gio Estadual Ernesto Carneiro Ribeiro<\/td>\n<td>1105940<\/td>\n<td>SIM<\/td>\n<td>13<\/td>\n<td>Ter\u00e7a, quarta e quinta<\/td>\n<td>Vespertino<\/td>\n<td>Sala de aula, data show<\/td>\n<\/tr>\n<tr>\n<td>NTE 19 \u2013 PORTAL DO SERT\u00c3O<\/td>\n<td>UEFS<\/td>\n<td>FEIRA DE SANTANA<\/td>\n<td>Col\u00e9gio Estadual de Tempo Integral Professora Ana Alice Figueredo dos Santos<\/td>\n<td>1106564<\/td>\n<td>SIM<\/td>\n<td>131<\/td>\n<td>Ter\u00e7a, quarta e quinta<\/td>\n<td>Vespertino<\/td>\n<td>Sala de aula, data show<\/td>\n<\/tr>\n<tr>\n<td>NTE 19 \u2013 PORTAL DO SERT\u00c3O<\/td>\n<td>UEFS<\/td>\n<td>FEIRA DE SANTANA<\/td>\n<td>Col\u00e9gio Estadual Hilda Carneiro<\/td>\n<td>1106270<\/td>\n<td>SIM<\/td>\n<td>25<\/td>\n<td>Ter\u00e7a, quarta e quinta<\/td>\n<td>Matutino<\/td>\n<td>Biblioteca, data show, TV, outros<\/td>\n<\/tr>\n<tr>\n<td>NTE 19 \u2013 PORTAL DO SERT\u00c3O<\/td>\n<td>UEFS<\/td>\n<td>FEIRA DE SANTANA<\/td>\n<td>Col\u00e9gio Estadual Professora Carminda Mascarenhas Vieira \u2013 Tempo Integral<\/td>\n<td>1106335<\/td>\n<td>SIM<\/td>\n<td>109<\/td>\n<td>Ter\u00e7a, quarta e quinta<\/td>\n<td>Vespertino<\/td>\n<td>Audit\u00f3rio com TV<\/td>\n<\/tr>\n<tr>\n<td>NTE 19 \u2013 PORTAL DO SERT\u00c3O<\/td>\n<td>UEFS<\/td>\n<td>FEIRA DE SANTANA<\/td>\n<td>Centro Territorial de Educa\u00e7\u00e3o Profissional do Portal do Sert\u00e3o \u2013 Distrito de Maria Quit\u00e9ria<\/td>\n<td>1163894<\/td>\n<td>SIM<\/td>\n<td>70<\/td>\n<td>Ter\u00e7a, quarta e quinta<\/td>\n<td>Vespertino<\/td>\n<td>Sala de aula, data show<\/td>\n<\/tr>\n<tr>\n<td>NTE 19 \u2013 PORTAL DO SERT\u00c3O<\/td>\n<td>UEFS<\/td>\n<td>FEIRA DE SANTANA<\/td>\n<td>Col\u00e9gio Georgina Soares Nascimento<\/td>\n<td>1106084<\/td>\n<td>SIM<\/td>\n<td>89<\/td>\n<td>Segunda, quarta e sexta<\/td>\n<td>Vespertino<\/td>\n<td>Sala de aula e data-show, TV, sala multifuncional<\/td>\n<\/tr>\n<tr>\n<td>NTE 19 \u2013 PORTAL DO SERT\u00c3O<\/td>\n<td>UEFS<\/td>\n<td>FEIRA DE SANTANA<\/td>\n<td>Col\u00e9gio Estadual Santo Ant\u00f4nio<\/td>\n<td>1106220<\/td>\n<td>SIM<\/td>\n<td>50<\/td>\n<td>Segunda, ter\u00e7a e sexta<\/td>\n<td>Vespertino<\/td>\n<td>Sala de aula\/audit\u00f3rio, data show e TV<\/td>\n<\/tr>\n<tr>\n<td>NTE 19 \u2013 PORTAL DO SERT\u00c3O<\/td>\n<td>UEFS<\/td>\n<td>FEIRA DE SANTANA<\/td>\n<td>Col\u00e9gio Estadual Helena Assis Suzart<\/td>\n<td>1176448<\/td>\n<td>SIM<\/td>\n<td>31<\/td>\n<td>Segunda, quarta e sexta<\/td>\n<td>Matutino<\/td>\n<td>Sala de aula, data show e TV<\/td>\n<\/tr>\n<tr>\n<td>NTE 19 \u2013 PORTAL DO SERT\u00c3O<\/td>\n<td>UEFS<\/td>\n<td>FEIRA DE SANTANA<\/td>\n<td>Col\u00e9gio Estadual de Tempo Integral de Feira de Santana<\/td>\n<td>1106386<\/td>\n<td>SIM<\/td>\n<td>30<\/td>\n<td>Ter\u00e7a, quarta e quinta<\/td>\n<td>Vespertino<\/td>\n<td>Sala de aula e data-show, TV, sala multifuncional<\/td>\n<\/tr>\n<tr>\n<td>NTE 19 \u2013 PORTAL DO SERT\u00c3O<\/td>\n<td>UEFS<\/td>\n<td>FEIRA DE SANTANA<\/td>\n<td>Col\u00e9gio Estadual do Campo Edivaldo Machado Boaventura \u2013 Distrito Gov. Jo\u00e3o Durval Carneiro<\/td>\n<td>1105932<\/td>\n<td>SIM<\/td>\n<td>26<\/td>\n<td>Segunda, quarta e quinta<\/td>\n<td>Vespertino<\/td>\n<td>Sala de aula, data show, TV<\/td>\n<\/tr>\n<tr>\n<td>NTE 19 \u2013 PORTAL DO SERT\u00c3O<\/td>\n<td>UEFS<\/td>\n<td>IRAR\u00c1<\/td>\n<td>Col\u00e9gio Estadual de Tempo Integral Professora Marlene Alves dos Santos<\/td>\n<td>1107129<\/td>\n<td>SIM<\/td>\n<td>150<\/td>\n<td>Segunda, ter\u00e7a e quinta<\/td>\n<td>Vespertino<\/td>\n<td>Teatro<\/td>\n<\/tr>\n<tr>\n<td>NTE 19 \u2013 PORTAL DO SERT\u00c3O<\/td>\n<td>UEFS<\/td>\n<td>SANTA B\u00c1RBARA<\/td>\n<td>Col\u00e9gio Estadual Professor Carlos Valadares<\/td>\n<td>1107382<\/td>\n<td>SIM<\/td>\n<td>80<\/td>\n<td>\u2014<\/td>\n<td>Vespertino<\/td>\n<td>Sala de aula, data show, TV<\/td>\n<\/tr>\n<tr>\n<td>NTE 19 \u2013 PORTAL DO SERT\u00c3O<\/td>\n<td>UEFS<\/td>\n<td>SANTAN\u00d3POLIS<\/td>\n<td>Col\u00e9gio Estadual Jos\u00e9 Ant\u00f4nio de Almeida \u2013 Tempo Integral<\/td>\n<td>1107420<\/td>\n<td>SIM<\/td>\n<td>35<\/td>\n<td>Ter\u00e7a, quarta e quinta<\/td>\n<td>Noturno<\/td>\n<td>Sala de aula com TV<\/td>\n<\/tr>\n<tr>\n<td>NTE 19 \u2013 PORTAL DO SERT\u00c3O<\/td>\n<td>UEFS<\/td>\n<td>SANTO EST\u00caV\u00c3O<\/td>\n<td>Col\u00e9gio Estadual de Tempo Integral Professora Edite Ferreira Fonseca<\/td>\n<td>1107455<\/td>\n<td>SIM<\/td>\n<td>70<\/td>\n<td>Segunda, ter\u00e7a e quarta<\/td>\n<td>Vespertino<\/td>\n<td>Sala de v\u00eddeo com data show<\/td>\n<\/tr>\n<tr>\n<td>NTE 19 \u2013 PORTAL DO SERT\u00c3O<\/td>\n<td>UNEB<\/td>\n<td>\u00c1GUA FRIA<\/td>\n<td>Col\u00e9gio Estadual de \u00c1gua Fria \u2013 Tempo Integral<\/td>\n<td>1105320<\/td>\n<td>SIM<\/td>\n<td>40<\/td>\n<td>Segunda, quarta e sexta<\/td>\n<td>Noturno<\/td>\n<td>\u2014<\/td>\n<\/tr>\n<\/tbody>\n<\/table>\n<\/figure>\n<p><strong>Total de alunos previstos: 2040<\/strong><\/p>\n<p><em>Siga o Acorda Cidade no<\/em><a href=\"https:\/\/news.google.com\/search?q=acorda%20cidade&amp;hl=pt-BR&amp;gl=BR&amp;ceid=BR%3Apt-419\"><strong><em>\u00a0Google Not\u00edcias<\/em><\/strong><\/a><em>\u00a0e receba os principais destaques do dia. Participe tamb\u00e9m dos nossos canais no\u00a0<\/em><a href=\"https:\/\/www.whatsapp.com\/channel\/0029Va6Rb4v3WHTNnsh8WI3N\"><strong><em>WhatsApp<\/em><\/strong><\/a><em>\u00a0e\u00a0<\/em><a href=\"https:\/\/www.youtube.com\/@acordacidadenoticias\/videos\"><strong>Youtube<\/strong><\/a><em>\u00a0e grupo de\u00a0<\/em><a href=\"https:\/\/t.me\/+sSz0khrgARA0ZmRh\"><strong><em>Telegram<\/em><\/strong><\/a><em>.<\/em><\/p>\n<\/div>\n","protected":false},"excerpt":{"rendered":"<div>\n<div>\n<figure><img decoding=\"async\" src=\"https:\/\/uploads.acordacidade.com.br\/2025\/08\/Terceirao-Pre-Enem-escolas-publicas-rede-estadual-sala-de-aula-Foto-Memo-soul.jpg\" alt=\"Terceir\u00e3o Pr\u00e9- Enem - alunos da rede estadual\"><figcaption>Foto: Memo Soul<\/figcaption><\/figure>\n<\/div>\n<p>O projeto piloto ter\u00e1 in\u00edcio no dia 11. As aulas acontecer\u00e3o duas ou tr\u00eas vezes por semana, no contraturno.<\/p><\/div>\n","protected":false},"author":1,"featured_media":95456,"comment_status":"closed","ping_status":"closed","sticky":false,"template":"","format":"gallery","meta":{"footnotes":""},"categories":[8,9,6,57,56,10],"tags":[],"class_list":["post-95455","post","type-post","status-publish","format-gallery","has-post-thumbnail","hentry","category-bahia","category-brasil","category-feira-de-santana","category-mundo","category-policia","category-politica","post_format-post-format-gallery"],"featured_image_urls":{"full":["https:\/\/noticiasbahia360.com.br\/wp-content\/uploads\/2025\/08\/Terceirao-Pre-Enem-escolas-publicas-rede-estadual-sala-de-aula-Foto-Memo-soul.jpg",1300,866,false],"thumbnail":["https:\/\/noticiasbahia360.com.br\/wp-content\/uploads\/2025\/08\/Terceirao-Pre-Enem-escolas-publicas-rede-estadual-sala-de-aula-Foto-Memo-soul-150x150.jpg",150,150,true],"medium":["https:\/\/noticiasbahia360.com.br\/wp-content\/uploads\/2025\/08\/Terceirao-Pre-Enem-escolas-publicas-rede-estadual-sala-de-aula-Foto-Memo-soul-300x200.jpg",300,200,true],"medium_large":["https:\/\/noticiasbahia360.com.br\/wp-content\/uploads\/2025\/08\/Terceirao-Pre-Enem-escolas-publicas-rede-estadual-sala-de-aula-Foto-Memo-soul-768x512.jpg",640,427,true],"large":["https:\/\/noticiasbahia360.com.br\/wp-content\/uploads\/2025\/08\/Terceirao-Pre-Enem-escolas-publicas-rede-estadual-sala-de-aula-Foto-Memo-soul-1024x682.jpg",640,426,true],"1536x1536":["https:\/\/noticiasbahia360.com.br\/wp-content\/uploads\/2025\/08\/Terceirao-Pre-Enem-escolas-publicas-rede-estadual-sala-de-aula-Foto-Memo-soul.jpg",1300,866,false],"2048x2048":["https:\/\/noticiasbahia360.com.br\/wp-content\/uploads\/2025\/08\/Terceirao-Pre-Enem-escolas-publicas-rede-estadual-sala-de-aula-Foto-Memo-soul.jpg",1300,866,false],"chromenews-featured":["https:\/\/noticiasbahia360.com.br\/wp-content\/uploads\/2025\/08\/Terceirao-Pre-Enem-escolas-publicas-rede-estadual-sala-de-aula-Foto-Memo-soul-1024x682.jpg",1024,682,true],"chromenews-large":["https:\/\/noticiasbahia360.com.br\/wp-content\/uploads\/2025\/08\/Terceirao-Pre-Enem-escolas-publicas-rede-estadual-sala-de-aula-Foto-Memo-soul-825x575.jpg",825,575,true],"chromenews-medium":["https:\/\/noticiasbahia360.com.br\/wp-content\/uploads\/2025\/08\/Terceirao-Pre-Enem-escolas-publicas-rede-estadual-sala-de-aula-Foto-Memo-soul-590x410.jpg",590,410,true]},"author_info":{"display_name":"noticiasbahia360.com.br","author_link":"https:\/\/noticiasbahia360.com.br\/?author=1"},"category_info":"<a href=\"https:\/\/noticiasbahia360.com.br\/?cat=8\" rel=\"category\">Bahia<\/a> <a href=\"https:\/\/noticiasbahia360.com.br\/?cat=9\" rel=\"category\">Brasil<\/a> <a href=\"https:\/\/noticiasbahia360.com.br\/?cat=6\" rel=\"category\">Feira de Santana<\/a> <a href=\"https:\/\/noticiasbahia360.com.br\/?cat=57\" rel=\"category\">Mundo<\/a> <a href=\"https:\/\/noticiasbahia360.com.br\/?cat=56\" rel=\"category\">Pol\u00edcia<\/a> <a href=\"https:\/\/noticiasbahia360.com.br\/?cat=10\" rel=\"category\">Pol\u00edtica<\/a>","tag_info":"Pol\u00edtica","comment_count":"0","_links":{"self":[{"href":"https:\/\/noticiasbahia360.com.br\/index.php?rest_route=\/wp\/v2\/posts\/95455","targetHints":{"allow":["GET"]}}],"collection":[{"href":"https:\/\/noticiasbahia360.com.br\/index.php?rest_route=\/wp\/v2\/posts"}],"about":[{"href":"https:\/\/noticiasbahia360.com.br\/index.php?rest_route=\/wp\/v2\/types\/post"}],"author":[{"embeddable":true,"href":"https:\/\/noticiasbahia360.com.br\/index.php?rest_route=\/wp\/v2\/users\/1"}],"replies":[{"embeddable":true,"href":"https:\/\/noticiasbahia360.com.br\/index.php?rest_route=%2Fwp%2Fv2%2Fcomments&post=95455"}],"version-history":[{"count":0,"href":"https:\/\/noticiasbahia360.com.br\/index.php?rest_route=\/wp\/v2\/posts\/95455\/revisions"}],"wp:featuredmedia":[{"embeddable":true,"href":"https:\/\/noticiasbahia360.com.br\/index.php?rest_route=\/wp\/v2\/media\/95456"}],"wp:attachment":[{"href":"https:\/\/noticiasbahia360.com.br\/index.php?rest_route=%2Fwp%2Fv2%2Fmedia&parent=95455"}],"wp:term":[{"taxonomy":"category","embeddable":true,"href":"https:\/\/noticiasbahia360.com.br\/index.php?rest_route=%2Fwp%2Fv2%2Fcategories&post=95455"},{"taxonomy":"post_tag","embeddable":true,"href":"https:\/\/noticiasbahia360.com.br\/index.php?rest_route=%2Fwp%2Fv2%2Ftags&post=95455"}],"curies":[{"name":"wp","href":"https:\/\/api.w.org\/{rel}","templated":true}]}}