{"id":95479,"date":"2025-08-01T13:50:06","date_gmt":"2025-08-01T16:50:06","guid":{"rendered":"https:\/\/noticiasbahia360.com.br\/?p=95479"},"modified":"2025-08-01T13:50:06","modified_gmt":"2025-08-01T16:50:06","slug":"acm-neto-volta-a-criticar-pt-durante-entrevista-em-radio","status":"publish","type":"post","link":"https:\/\/noticiasbahia360.com.br\/?p=95479","title":{"rendered":"ACM Neto volta a criticar PT durante entrevista em r\u00e1dio"},"content":{"rendered":"<div>\n<div>\n<figure><img decoding=\"async\" src=\"http:\/\/noticiasbahia360.com.br\/wp-content\/uploads\/2025\/08\/acm-neto-foto-reproducao.jpg\" alt=\"ACM Neto\"><figcaption>Foto: Ascom\/ACM Neto<\/figcaption><\/figure>\n<\/div>\n<p>O ex-prefeito de Salvador e vice-presidente nacional do Uni\u00e3o Brasil, ACM Neto, voltou a criticar o grupo pol\u00edtico que governa a Bahia h\u00e1 quase duas d\u00e9cadas. Em entrevista \u00e0 R\u00e1dio Metr\u00f3pole nesta quinta-feira (31), Neto afirmou que o PT se acomodou no poder e se comporta como \u201cdono do peda\u00e7o\u201d ap\u00f3s 20 anos \u00e0 frente do governo estadual.<\/p>\n<p>\u201cDepois de 20 anos, os caras se acomodam, j\u00e1 se acham meio que dono do peda\u00e7o, tanto que ficam nessa especula\u00e7\u00e3o de chapa puro sangue\u201d, afirmou, ao defender que a Bahia precisa de uma altern\u00e2ncia de poder para respirar novos ares.<\/p>\n<p>Durante a conversa com o radialista M\u00e1rio Kert\u00e9sz, ACM Neto reafirmou o desejo de disputar novamente o governo do estado em 2026, enfrentando diretamente o governador Jer\u00f4nimo Rodrigues (PT), que tentar\u00e1 a reelei\u00e7\u00e3o.<\/p>\n<p>\u201cEm 2026, a elei\u00e7\u00e3o ser\u00e1 disputada por Jer\u00f4nimo Rodrigues, a primeira que n\u00f3s vamos disputar contra ele mesmo. E a\u00ed \u00e9 \u00f3bvio que ser\u00e3o cobrados de Jer\u00f4nimo Rodrigues todos os problemas vividos pela Bahia no momento atual, especialmente os graves problemas do seu governo\u201d, disse.<\/p>\n<p>O ex-prefeito destacou que o desejo de se candidatar novamente n\u00e3o est\u00e1 ligado a vaidade pessoal, mas sim a um senso de responsabilidade com o povo baiano.<\/p>\n<p>\u201cEu sempre tive esse sonho de governar a Bahia, de dar minha contribui\u00e7\u00e3o ao meu estado, mas o que me move nesse momento n\u00e3o \u00e9 nada pessoal, n\u00e3o \u00e9 uma quest\u00e3o de vaidade [\u2026]. Hoje eu sinto que existe uma responsabilidade com os baianos. Essa necessidade de come\u00e7ar uma nova hist\u00f3ria depois de 20 anos, ela \u00e9 important\u00edssima, ela \u00e9 saud\u00e1vel para a Bahia.\u201d<\/p>\n<p>Por fim, Neto ironizou a aus\u00eancia de resultados da atual gest\u00e3o e disse acreditar que pode fazer um governo melhor que o de Jer\u00f4nimo. \u201cGente, n\u00e3o \u00e9 poss\u00edvel. Eu fico me perguntando assim: poxa, ser\u00e1 que n\u00e3o tem ningu\u00e9m nesse estado que possa trabalhar melhor no governo que Jer\u00f4nimo Rodrigues? E a\u00ed quando eu penso dessa forma, eu digo: porra, eu acho que eu posso fazer muito melhor do que ele est\u00e1 fazendo.\u201d<\/p>\n<p>E completou: \u201cEu n\u00e3o vou esconder de voc\u00ea: eu quero ser candidato a governador.\u201d<\/p>\n<p><em>Siga o Acorda Cidade no<\/em><a href=\"https:\/\/news.google.com\/search?q=acorda%20cidade&amp;hl=pt-BR&amp;gl=BR&amp;ceid=BR%3Apt-419\"><strong><em> Google Not\u00edcias<\/em><\/strong><\/a><em> e receba os principais destaques do dia. Participe tamb\u00e9m dos nossos canais no <\/em><a href=\"https:\/\/whatsapp.com\/channel\/0029Va6Rb4v3WHTNnsh8WI3N\"><strong><em>WhatsApp<\/em><\/strong><\/a><em> e <\/em><a href=\"https:\/\/www.youtube.com\/@acordacidadenoticias\/videos\"><strong>Youtube<\/strong><\/a><em> e grupo de <\/em><a href=\"https:\/\/t.me\/+sSz0khrgARA0ZmRh\"><strong><em>Telegram<\/em><\/strong><\/a><em>.<\/em><\/p>\n<\/div>\n","protected":false},"excerpt":{"rendered":"<div>\n<div>\n<figure><img decoding=\"async\" src=\"https:\/\/uploads.acordacidade.com.br\/2025\/08\/acm-neto-foto-reproducao.jpg\" alt=\"ACM Neto\"><figcaption>Foto: Ascom\/ACM Neto<\/figcaption><\/figure>\n<\/div>\n<p>&#8220;Depois de 20 anos, os caras se acham donos do peda\u00e7o\u201d, declarou ex-prefeito de Salvador na r\u00e1dio Metr\u00f3pole<\/p><\/div>\n","protected":false},"author":1,"featured_media":95480,"comment_status":"closed","ping_status":"closed","sticky":false,"template":"","format":"gallery","meta":{"footnotes":""},"categories":[8,9,6,57,56,10],"tags":[],"class_list":["post-95479","post","type-post","status-publish","format-gallery","has-post-thumbnail","hentry","category-bahia","category-brasil","category-feira-de-santana","category-mundo","category-policia","category-politica","post_format-post-format-gallery"],"featured_image_urls":{"full":["https:\/\/noticiasbahia360.com.br\/wp-content\/uploads\/2025\/08\/acm-neto-foto-reproducao.jpg",1200,900,false],"thumbnail":["https:\/\/noticiasbahia360.com.br\/wp-content\/uploads\/2025\/08\/acm-neto-foto-reproducao-150x150.jpg",150,150,true],"medium":["https:\/\/noticiasbahia360.com.br\/wp-content\/uploads\/2025\/08\/acm-neto-foto-reproducao-300x225.jpg",300,225,true],"medium_large":["https:\/\/noticiasbahia360.com.br\/wp-content\/uploads\/2025\/08\/acm-neto-foto-reproducao-768x576.jpg",640,480,true],"large":["https:\/\/noticiasbahia360.com.br\/wp-content\/uploads\/2025\/08\/acm-neto-foto-reproducao-1024x768.jpg",640,480,true],"1536x1536":["https:\/\/noticiasbahia360.com.br\/wp-content\/uploads\/2025\/08\/acm-neto-foto-reproducao.jpg",1200,900,false],"2048x2048":["https:\/\/noticiasbahia360.com.br\/wp-content\/uploads\/2025\/08\/acm-neto-foto-reproducao.jpg",1200,900,false],"chromenews-featured":["https:\/\/noticiasbahia360.com.br\/wp-content\/uploads\/2025\/08\/acm-neto-foto-reproducao-1024x768.jpg",1024,768,true],"chromenews-large":["https:\/\/noticiasbahia360.com.br\/wp-content\/uploads\/2025\/08\/acm-neto-foto-reproducao-825x575.jpg",825,575,true],"chromenews-medium":["https:\/\/noticiasbahia360.com.br\/wp-content\/uploads\/2025\/08\/acm-neto-foto-reproducao-590x410.jpg",590,410,true]},"author_info":{"display_name":"noticiasbahia360.com.br","author_link":"https:\/\/noticiasbahia360.com.br\/?author=1"},"category_info":"<a href=\"https:\/\/noticiasbahia360.com.br\/?cat=8\" rel=\"category\">Bahia<\/a> <a href=\"https:\/\/noticiasbahia360.com.br\/?cat=9\" rel=\"category\">Brasil<\/a> <a href=\"https:\/\/noticiasbahia360.com.br\/?cat=6\" rel=\"category\">Feira de Santana<\/a> <a href=\"https:\/\/noticiasbahia360.com.br\/?cat=57\" rel=\"category\">Mundo<\/a> <a href=\"https:\/\/noticiasbahia360.com.br\/?cat=56\" rel=\"category\">Pol\u00edcia<\/a> <a href=\"https:\/\/noticiasbahia360.com.br\/?cat=10\" rel=\"category\">Pol\u00edtica<\/a>","tag_info":"Pol\u00edtica","comment_count":"0","_links":{"self":[{"href":"https:\/\/noticiasbahia360.com.br\/index.php?rest_route=\/wp\/v2\/posts\/95479","targetHints":{"allow":["GET"]}}],"collection":[{"href":"https:\/\/noticiasbahia360.com.br\/index.php?rest_route=\/wp\/v2\/posts"}],"about":[{"href":"https:\/\/noticiasbahia360.com.br\/index.php?rest_route=\/wp\/v2\/types\/post"}],"author":[{"embeddable":true,"href":"https:\/\/noticiasbahia360.com.br\/index.php?rest_route=\/wp\/v2\/users\/1"}],"replies":[{"embeddable":true,"href":"https:\/\/noticiasbahia360.com.br\/index.php?rest_route=%2Fwp%2Fv2%2Fcomments&post=95479"}],"version-history":[{"count":0,"href":"https:\/\/noticiasbahia360.com.br\/index.php?rest_route=\/wp\/v2\/posts\/95479\/revisions"}],"wp:featuredmedia":[{"embeddable":true,"href":"https:\/\/noticiasbahia360.com.br\/index.php?rest_route=\/wp\/v2\/media\/95480"}],"wp:attachment":[{"href":"https:\/\/noticiasbahia360.com.br\/index.php?rest_route=%2Fwp%2Fv2%2Fmedia&parent=95479"}],"wp:term":[{"taxonomy":"category","embeddable":true,"href":"https:\/\/noticiasbahia360.com.br\/index.php?rest_route=%2Fwp%2Fv2%2Fcategories&post=95479"},{"taxonomy":"post_tag","embeddable":true,"href":"https:\/\/noticiasbahia360.com.br\/index.php?rest_route=%2Fwp%2Fv2%2Ftags&post=95479"}],"curies":[{"name":"wp","href":"https:\/\/api.w.org\/{rel}","templated":true}]}}