{"id":95483,"date":"2025-08-01T15:00:09","date_gmt":"2025-08-01T18:00:09","guid":{"rendered":"https:\/\/noticiasbahia360.com.br\/?p=95483"},"modified":"2025-08-01T15:00:09","modified_gmt":"2025-08-01T18:00:09","slug":"ceep-em-saude-de-feira-de-santana-esta-com-inscricoes-abertas-para-cursos-profissionalizantes","status":"publish","type":"post","link":"https:\/\/noticiasbahia360.com.br\/?p=95483","title":{"rendered":"Ceep em Sa\u00fade de Feira de Santana est\u00e1 com inscri\u00e7\u00f5es abertas para cursos profissionalizantes"},"content":{"rendered":"<div>\n<div>\n<figure><img decoding=\"async\" src=\"http:\/\/noticiasbahia360.com.br\/wp-content\/uploads\/2025\/08\/Ceep-Saude-feira-de-santana-ft-ney-silva-acorda-cidade.webp\" alt=\"Ceep Sa\u00fade de Feira de Santana\"><figcaption>Foto: Ney Silva\/Acorda Cidade<\/figcaption><\/figure>\n<\/div>\n<p>O Centro Estadual de Educa\u00e7\u00e3o Profissional em Sa\u00fade (Ceep em Sa\u00fade), de Feira de Santana, est\u00e1 com matr\u00edculas abertas para os cursos gratuitos na modalidade Proeja, no turno noturno. <strong>Al\u00e9m do curso de Sa\u00fade Bucal, ainda restam as \u00faltimas vagas para os cursos t\u00e9cnicos em An\u00e1lises Cl\u00ednicas, Nutri\u00e7\u00e3o e Diet\u00e9tica e Administra\u00e7\u00e3o, na mesma modalidade. S\u00e3o 35 vagas para cada curso.<\/strong><\/p>\n<p>O p\u00fablico-alvo s\u00e3o estudantes com Ensino Fundamental conclu\u00eddo ou Ensino M\u00e9dio incompleto, com idade m\u00ednima de 18 anos completos at\u00e9 o ato da matr\u00edcula. <strong>As aulas j\u00e1 iniciam na pr\u00f3xima segunda-feira (4).<\/strong><\/p>\n<p><strong>Vale refor\u00e7ar que as matr\u00edculas est\u00e3o abertas at\u00e9 o preenchimento das vagas. Os cursos t\u00eam dura\u00e7\u00e3o de cinco semestres letivos (dois anos e meio).\u00a0<\/strong><\/p>\n<p>\u201cNo caso do noturno, eles v\u00e3o fazer cinco m\u00f3dulos. Em um ano, ele cursa dois semestres, ent\u00e3o v\u00e3o passar aqui dois anos e meio e, quando sair, ele j\u00e1 sai com diploma habilitado para o mercado de trabalho. \u00c9 uma oportunidade importante para quem quer ingressar no mercado de trabalho e ter a sua profiss\u00e3o\u201d, disse Edivane Pergentino, diretora do Ceep Sa\u00fade ao Acorda Cidade.<\/p>\n<figure class=\"wp-block-image size-large\"><img fetchpriority=\"high\" decoding=\"async\" width=\"1185\" height=\"768\" src=\"http:\/\/noticiasbahia360.com.br\/wp-content\/uploads\/2025\/08\/Ceep-Saude-feira-de-santana-ft-ney-silva-acorda-cidade-1185x768-1.webp\" alt=\"Ceep Sa\u00fade de Feira de Santana\" class=\"wp-image-578917\" srcset=\"https:\/\/uploads.acordacidade.com.br\/2025\/08\/Ceep-Saude-feira-de-santana-ft-ney-silva-acorda-cidade--563x365.webp 563w, http:\/\/noticiasbahia360.com.br\/wp-content\/uploads\/2025\/08\/Ceep-Saude-feira-de-santana-ft-ney-silva-acorda-cidade-1185x768-1.webp 1185w, https:\/\/uploads.acordacidade.com.br\/2025\/08\/Ceep-Saude-feira-de-santana-ft-ney-silva-acorda-cidade--853x553.webp 853w, https:\/\/uploads.acordacidade.com.br\/2025\/08\/Ceep-Saude-feira-de-santana-ft-ney-silva-acorda-cidade--150x97.webp 150w, https:\/\/uploads.acordacidade.com.br\/2025\/08\/Ceep-Saude-feira-de-santana-ft-ney-silva-acorda-cidade-.webp 1200w\" sizes=\"(max-width: 1185px) 100vw, 1185px\"><figcaption class=\"wp-element-caption\">Edivane Pergentino | Foto: Ney Silva\/Acorda Cidade<\/figcaption><\/figure>\n<p>Segundo Pergentino, os documentos devem ser entregues presencialmente no Ceep Sa\u00fade. Entregando os documentos corretamente, a vaga j\u00e1 est\u00e1 garantida. Confira quais s\u00e3o:\u00a0<\/p>\n<ul class=\"wp-block-list\">\n<li><strong>C\u00f3pia do RG e CPF.<\/strong><\/li>\n<li><strong>C\u00f3pia do Comprovante de Resid\u00eancia.<\/strong><\/li>\n<li><strong>Hist\u00f3rico escolar original do Ensino Fundamental II (Ficha 18)<\/strong><\/li>\n<li><strong>2 fotos 3\/4.<\/strong><\/li>\n<\/ul>\n<p>\u201cCorram para garantir essa vaga que \u00e9 uma oportunidade para ingressar no mercado de trabalho\u201d, alertou a professora em entrevista ao Acorda Cidade.\u00a0<\/p>\n<figure class=\"wp-block-image size-large\"><img decoding=\"async\" width=\"1185\" height=\"768\" src=\"http:\/\/noticiasbahia360.com.br\/wp-content\/uploads\/2025\/08\/Ceep-Saude-feira-de-santana-ft-ney-silva-acorda-cidade-1-1185x768-1.webp\" alt=\"Ceep Sa\u00fade de Feira de Santana\" class=\"wp-image-578916\" srcset=\"https:\/\/uploads.acordacidade.com.br\/2025\/08\/Ceep-Saude-feira-de-santana-ft-ney-silva-acorda-cidade-1-563x365.webp 563w, http:\/\/noticiasbahia360.com.br\/wp-content\/uploads\/2025\/08\/Ceep-Saude-feira-de-santana-ft-ney-silva-acorda-cidade-1-1185x768-1.webp 1185w, https:\/\/uploads.acordacidade.com.br\/2025\/08\/Ceep-Saude-feira-de-santana-ft-ney-silva-acorda-cidade-1-853x553.webp 853w, https:\/\/uploads.acordacidade.com.br\/2025\/08\/Ceep-Saude-feira-de-santana-ft-ney-silva-acorda-cidade-1-150x97.webp 150w, https:\/\/uploads.acordacidade.com.br\/2025\/08\/Ceep-Saude-feira-de-santana-ft-ney-silva-acorda-cidade-1.webp 1200w\" sizes=\"(max-width: 1185px) 100vw, 1185px\"><figcaption class=\"wp-element-caption\">Foto: Ney Silva\/Acorda Cidade<\/figcaption><\/figure>\n<p>Edivane ainda falou sobre o curso de enfermagem que tamb\u00e9m \u00e9 oferecido pelo Ceep. Apesar de n\u00e3o ter vagas abertas no momento, o curso est\u00e1 com uma nova modalidade atrav\u00e9s do Prosub \u2014 Programa de Educa\u00e7\u00e3o Profissional Subsequente \u2014 para estudantes que j\u00e1 conclu\u00edram o ensino m\u00e9dio. \u201cTem que fazer a inscri\u00e7\u00e3o no site da educa\u00e7\u00e3o para fazer o sorteio eletr\u00f4nico, mas ainda n\u00e3o est\u00e3o abertas as inscri\u00e7\u00f5es.\u201d<\/p>\n<p>O Ceep  est\u00e1 localizado provisoriamente na <strong>Avenida Senhor dos Passos, n\u00ba 222, no centro de Feira de Santana, em frente \u00e0 Capela Nossa Senhora de Lourdes e ao Col\u00e9gio Padre Ov\u00eddio.<\/strong> Em breve ser\u00e1 constru\u00edda uma nova sede pelo governo do estado. A previs\u00e3o de entrega \u00e9 para o final de 2026.\u00a0<\/p>\n<p>O Ceep em Sa\u00fade oferece uma grande estrutura com salas de aula, laborat\u00f3rios, al\u00e9m de permanecer bem localizado no centro de Feira de Santana.\u00a0<\/p>\n<p><em>Com informa\u00e7\u00f5es do rep\u00f3rter Ney Silva do Acorda Cidade<\/em><\/p>\n<p><em>Siga o Acorda Cidade no<\/em><a href=\"https:\/\/news.google.com\/search?q=acorda%20cidade&amp;hl=pt-BR&amp;gl=BR&amp;ceid=BR%3Apt-419\"><strong><em>\u00a0Google Not\u00edcias<\/em><\/strong><\/a><em>\u00a0e receba os principais destaques do dia. Participe tamb\u00e9m dos nossos canais no\u00a0<\/em><a href=\"https:\/\/www.whatsapp.com\/channel\/0029Va6Rb4v3WHTNnsh8WI3N\"><strong><em>WhatsApp<\/em><\/strong><\/a><em>\u00a0e\u00a0<\/em><a href=\"https:\/\/www.youtube.com\/@acordacidadenoticias\/videos\"><strong>YouTube<\/strong><\/a><em>\u00a0e grupo de\u00a0<\/em><a href=\"https:\/\/t.me\/+sSz0khrgARA0ZmRh\"><strong><em>Telegram<\/em><\/strong><\/a><em>.<\/em><\/p>\n<\/div>\n","protected":false},"excerpt":{"rendered":"<div>\n<div>\n<figure><img decoding=\"async\" src=\"https:\/\/uploads.acordacidade.com.br\/2025\/08\/Ceep-Saude-feira-de-santana-ft-ney-silva-acorda-cidade.webp\" alt=\"Ceep Sa\u00fade de Feira de Santana\"><figcaption>Foto: Ney Silva\/Acorda Cidade<\/figcaption><\/figure>\n<\/div>\n<p>O Ceep se mudou provisoriamente para a Avenida Senhor dos Passos, n\u00ba 222, no centro, em frente \u00e0 Capela Nossa Senhora de Lourdes.<\/p><\/div>\n","protected":false},"author":1,"featured_media":95484,"comment_status":"closed","ping_status":"closed","sticky":false,"template":"","format":"gallery","meta":{"footnotes":""},"categories":[8,9,6,57,56,10],"tags":[],"class_list":["post-95483","post","type-post","status-publish","format-gallery","has-post-thumbnail","hentry","category-bahia","category-brasil","category-feira-de-santana","category-mundo","category-policia","category-politica","post_format-post-format-gallery"],"featured_image_urls":{"full":["https:\/\/noticiasbahia360.com.br\/wp-content\/uploads\/2025\/08\/Ceep-Saude-feira-de-santana-ft-ney-silva-acorda-cidade.webp",1200,778,false],"thumbnail":["https:\/\/noticiasbahia360.com.br\/wp-content\/uploads\/2025\/08\/Ceep-Saude-feira-de-santana-ft-ney-silva-acorda-cidade-150x150.webp",150,150,true],"medium":["https:\/\/noticiasbahia360.com.br\/wp-content\/uploads\/2025\/08\/Ceep-Saude-feira-de-santana-ft-ney-silva-acorda-cidade-300x195.webp",300,195,true],"medium_large":["https:\/\/noticiasbahia360.com.br\/wp-content\/uploads\/2025\/08\/Ceep-Saude-feira-de-santana-ft-ney-silva-acorda-cidade-768x498.webp",640,415,true],"large":["https:\/\/noticiasbahia360.com.br\/wp-content\/uploads\/2025\/08\/Ceep-Saude-feira-de-santana-ft-ney-silva-acorda-cidade-1024x664.webp",640,415,true],"1536x1536":["https:\/\/noticiasbahia360.com.br\/wp-content\/uploads\/2025\/08\/Ceep-Saude-feira-de-santana-ft-ney-silva-acorda-cidade.webp",1200,778,false],"2048x2048":["https:\/\/noticiasbahia360.com.br\/wp-content\/uploads\/2025\/08\/Ceep-Saude-feira-de-santana-ft-ney-silva-acorda-cidade.webp",1200,778,false],"chromenews-featured":["https:\/\/noticiasbahia360.com.br\/wp-content\/uploads\/2025\/08\/Ceep-Saude-feira-de-santana-ft-ney-silva-acorda-cidade-1024x664.webp",1024,664,true],"chromenews-large":["https:\/\/noticiasbahia360.com.br\/wp-content\/uploads\/2025\/08\/Ceep-Saude-feira-de-santana-ft-ney-silva-acorda-cidade-825x575.webp",825,575,true],"chromenews-medium":["https:\/\/noticiasbahia360.com.br\/wp-content\/uploads\/2025\/08\/Ceep-Saude-feira-de-santana-ft-ney-silva-acorda-cidade-590x410.webp",590,410,true]},"author_info":{"display_name":"noticiasbahia360.com.br","author_link":"https:\/\/noticiasbahia360.com.br\/?author=1"},"category_info":"<a href=\"https:\/\/noticiasbahia360.com.br\/?cat=8\" rel=\"category\">Bahia<\/a> <a href=\"https:\/\/noticiasbahia360.com.br\/?cat=9\" rel=\"category\">Brasil<\/a> <a href=\"https:\/\/noticiasbahia360.com.br\/?cat=6\" rel=\"category\">Feira de Santana<\/a> <a href=\"https:\/\/noticiasbahia360.com.br\/?cat=57\" rel=\"category\">Mundo<\/a> <a href=\"https:\/\/noticiasbahia360.com.br\/?cat=56\" rel=\"category\">Pol\u00edcia<\/a> <a href=\"https:\/\/noticiasbahia360.com.br\/?cat=10\" rel=\"category\">Pol\u00edtica<\/a>","tag_info":"Pol\u00edtica","comment_count":"0","_links":{"self":[{"href":"https:\/\/noticiasbahia360.com.br\/index.php?rest_route=\/wp\/v2\/posts\/95483","targetHints":{"allow":["GET"]}}],"collection":[{"href":"https:\/\/noticiasbahia360.com.br\/index.php?rest_route=\/wp\/v2\/posts"}],"about":[{"href":"https:\/\/noticiasbahia360.com.br\/index.php?rest_route=\/wp\/v2\/types\/post"}],"author":[{"embeddable":true,"href":"https:\/\/noticiasbahia360.com.br\/index.php?rest_route=\/wp\/v2\/users\/1"}],"replies":[{"embeddable":true,"href":"https:\/\/noticiasbahia360.com.br\/index.php?rest_route=%2Fwp%2Fv2%2Fcomments&post=95483"}],"version-history":[{"count":0,"href":"https:\/\/noticiasbahia360.com.br\/index.php?rest_route=\/wp\/v2\/posts\/95483\/revisions"}],"wp:featuredmedia":[{"embeddable":true,"href":"https:\/\/noticiasbahia360.com.br\/index.php?rest_route=\/wp\/v2\/media\/95484"}],"wp:attachment":[{"href":"https:\/\/noticiasbahia360.com.br\/index.php?rest_route=%2Fwp%2Fv2%2Fmedia&parent=95483"}],"wp:term":[{"taxonomy":"category","embeddable":true,"href":"https:\/\/noticiasbahia360.com.br\/index.php?rest_route=%2Fwp%2Fv2%2Fcategories&post=95483"},{"taxonomy":"post_tag","embeddable":true,"href":"https:\/\/noticiasbahia360.com.br\/index.php?rest_route=%2Fwp%2Fv2%2Ftags&post=95483"}],"curies":[{"name":"wp","href":"https:\/\/api.w.org\/{rel}","templated":true}]}}