{"id":95490,"date":"2025-08-01T15:30:26","date_gmt":"2025-08-01T18:30:26","guid":{"rendered":"https:\/\/noticiasbahia360.com.br\/?p=95490"},"modified":"2025-08-01T15:30:26","modified_gmt":"2025-08-01T18:30:26","slug":"adolescente-de-15-anos-denuncia-pai-por-abuso-sexual-em-guanambi","status":"publish","type":"post","link":"https:\/\/noticiasbahia360.com.br\/?p=95490","title":{"rendered":"Adolescente de 15 anos denuncia pai por abuso sexual em Guanambi"},"content":{"rendered":"<div>\n<div>\n<figure><img decoding=\"async\" src=\"http:\/\/noticiasbahia360.com.br\/wp-content\/uploads\/2025\/08\/delegacia-guanambi-foto-reproducao.png\" alt=\"Delegacia Guanambi\"><figcaption>Foto: Reprodu\u00e7\u00e3o<\/figcaption><\/figure>\n<\/div>\n<p>Em Guanambi, no sudoeste baiano, uma adolescente de 15 anos denunciou ter sofrido abusos sexuais cometidos pelo pr\u00f3prio pai. A pol\u00edcia foi acionada na \u00faltima ter\u00e7a-feira (29).\u00a0<\/p>\n<p>Segundo o portal g1 Bahia, a jovem contou para uma psic\u00f3loga da escola onde estuda que sofria abusos desde os 7 anos de idade. A equipe do col\u00e9gio acionou a <a href=\"https:\/\/www.acordacidade.com.br\/tag\/policia-militar\/\">Pol\u00edcia Militar<\/a>.<\/p>\n<p>\u00c0 Pol\u00edcia, a genitora da menina confirmou a informa\u00e7\u00e3o e contou que quando a v\u00edtima tinha 10 anos, tamb\u00e9m foi abusada pelo ex-companheiro da av\u00f3.<\/p>\n<p>O genitor foi encaminhado para a delegacia da cidade (DT-Guanambi).<\/p>\n<p>Em nota para o g1, a Pol\u00edcia Civil informou que investiga o caso, e que mais detalhes n\u00e3o ser\u00e3o divulgados em respeito ao Estatuto da Crian\u00e7a e do Adolescente (Eca).<\/p>\n<p><em>Siga o Acorda Cidade no<\/em><a href=\"https:\/\/news.google.com\/search?q=acorda%20cidade&amp;hl=pt-BR&amp;gl=BR&amp;ceid=BR%3Apt-419\"><strong><em> Google Not\u00edcias<\/em><\/strong><\/a><em> e receba os principais destaques do dia. Participe tamb\u00e9m dos nossos canais no <\/em><a href=\"https:\/\/whatsapp.com\/channel\/0029Va6Rb4v3WHTNnsh8WI3N\"><strong><em>WhatsApp<\/em><\/strong><\/a><em> e <\/em><a href=\"https:\/\/www.youtube.com\/@acordacidadenoticias\/videos\"><strong>Youtube<\/strong><\/a><em> e grupo de <\/em><a href=\"https:\/\/t.me\/+sSz0khrgARA0ZmRh\"><strong><em>Telegram<\/em><\/strong><\/a><em>.<\/em><\/p>\n<\/div>\n","protected":false},"excerpt":{"rendered":"<div>\n<div>\n<figure><img decoding=\"async\" src=\"https:\/\/uploads.acordacidade.com.br\/2025\/08\/delegacia-guanambi-foto-reproducao.png\" alt=\"Delegacia Guanambi\"><figcaption>Foto: Reprodu\u00e7\u00e3o<\/figcaption><\/figure>\n<\/div>\n<p>Segundo a v\u00edtima, a viol\u00eancia come\u00e7ou quando ela tinha 7 anos de idade. O homem foi conduzido \u00e0 Delegacia Territorial de Guanambi.<\/p><\/div>\n","protected":false},"author":1,"featured_media":95491,"comment_status":"closed","ping_status":"closed","sticky":false,"template":"","format":"gallery","meta":{"footnotes":""},"categories":[8,9,6,57,56,10],"tags":[],"class_list":["post-95490","post","type-post","status-publish","format-gallery","has-post-thumbnail","hentry","category-bahia","category-brasil","category-feira-de-santana","category-mundo","category-policia","category-politica","post_format-post-format-gallery"],"featured_image_urls":{"full":["https:\/\/noticiasbahia360.com.br\/wp-content\/uploads\/2025\/08\/delegacia-guanambi-foto-reproducao.png",643,425,false],"thumbnail":["https:\/\/noticiasbahia360.com.br\/wp-content\/uploads\/2025\/08\/delegacia-guanambi-foto-reproducao-150x150.png",150,150,true],"medium":["https:\/\/noticiasbahia360.com.br\/wp-content\/uploads\/2025\/08\/delegacia-guanambi-foto-reproducao-300x198.png",300,198,true],"medium_large":["https:\/\/noticiasbahia360.com.br\/wp-content\/uploads\/2025\/08\/delegacia-guanambi-foto-reproducao.png",640,423,false],"large":["https:\/\/noticiasbahia360.com.br\/wp-content\/uploads\/2025\/08\/delegacia-guanambi-foto-reproducao.png",640,423,false],"1536x1536":["https:\/\/noticiasbahia360.com.br\/wp-content\/uploads\/2025\/08\/delegacia-guanambi-foto-reproducao.png",643,425,false],"2048x2048":["https:\/\/noticiasbahia360.com.br\/wp-content\/uploads\/2025\/08\/delegacia-guanambi-foto-reproducao.png",643,425,false],"chromenews-featured":["https:\/\/noticiasbahia360.com.br\/wp-content\/uploads\/2025\/08\/delegacia-guanambi-foto-reproducao.png",643,425,false],"chromenews-large":["https:\/\/noticiasbahia360.com.br\/wp-content\/uploads\/2025\/08\/delegacia-guanambi-foto-reproducao.png",643,425,false],"chromenews-medium":["https:\/\/noticiasbahia360.com.br\/wp-content\/uploads\/2025\/08\/delegacia-guanambi-foto-reproducao-590x410.png",590,410,true]},"author_info":{"display_name":"noticiasbahia360.com.br","author_link":"https:\/\/noticiasbahia360.com.br\/?author=1"},"category_info":"<a href=\"https:\/\/noticiasbahia360.com.br\/?cat=8\" rel=\"category\">Bahia<\/a> <a href=\"https:\/\/noticiasbahia360.com.br\/?cat=9\" rel=\"category\">Brasil<\/a> <a href=\"https:\/\/noticiasbahia360.com.br\/?cat=6\" rel=\"category\">Feira de Santana<\/a> <a href=\"https:\/\/noticiasbahia360.com.br\/?cat=57\" rel=\"category\">Mundo<\/a> <a href=\"https:\/\/noticiasbahia360.com.br\/?cat=56\" rel=\"category\">Pol\u00edcia<\/a> <a href=\"https:\/\/noticiasbahia360.com.br\/?cat=10\" rel=\"category\">Pol\u00edtica<\/a>","tag_info":"Pol\u00edtica","comment_count":"0","_links":{"self":[{"href":"https:\/\/noticiasbahia360.com.br\/index.php?rest_route=\/wp\/v2\/posts\/95490","targetHints":{"allow":["GET"]}}],"collection":[{"href":"https:\/\/noticiasbahia360.com.br\/index.php?rest_route=\/wp\/v2\/posts"}],"about":[{"href":"https:\/\/noticiasbahia360.com.br\/index.php?rest_route=\/wp\/v2\/types\/post"}],"author":[{"embeddable":true,"href":"https:\/\/noticiasbahia360.com.br\/index.php?rest_route=\/wp\/v2\/users\/1"}],"replies":[{"embeddable":true,"href":"https:\/\/noticiasbahia360.com.br\/index.php?rest_route=%2Fwp%2Fv2%2Fcomments&post=95490"}],"version-history":[{"count":0,"href":"https:\/\/noticiasbahia360.com.br\/index.php?rest_route=\/wp\/v2\/posts\/95490\/revisions"}],"wp:featuredmedia":[{"embeddable":true,"href":"https:\/\/noticiasbahia360.com.br\/index.php?rest_route=\/wp\/v2\/media\/95491"}],"wp:attachment":[{"href":"https:\/\/noticiasbahia360.com.br\/index.php?rest_route=%2Fwp%2Fv2%2Fmedia&parent=95490"}],"wp:term":[{"taxonomy":"category","embeddable":true,"href":"https:\/\/noticiasbahia360.com.br\/index.php?rest_route=%2Fwp%2Fv2%2Fcategories&post=95490"},{"taxonomy":"post_tag","embeddable":true,"href":"https:\/\/noticiasbahia360.com.br\/index.php?rest_route=%2Fwp%2Fv2%2Ftags&post=95490"}],"curies":[{"name":"wp","href":"https:\/\/api.w.org\/{rel}","templated":true}]}}